{"id":1717,"date":"2019-02-01T09:58:57","date_gmt":"2019-02-01T09:58:57","guid":{"rendered":"https:\/\/delormdesign.com\/blog\/?p=1717"},"modified":"2022-03-18T09:29:52","modified_gmt":"2022-03-18T09:29:52","slug":"mobilier-de-qualite-ou-premier-prix","status":"publish","type":"post","link":"https:\/\/delormdesign.com\/blog\/mobilier-de-qualite-ou-premier-prix\/","title":{"rendered":"Mobilier de qualit\u00e9 ou premier prix, comment choisir ?"},"content":{"rendered":"<p>\u00c0 l\u2019heure d\u2019\u00e9quiper notre appartement ou notre nouvelle maison, nous nous posons tous la m\u00eame question : pourquoi les meubles pr\u00e9sentent-ils des diff\u00e9rences de prix si importantes ?<\/p>\n<p>Les questions qui en d\u00e9coulent sont souvent :<br \/>\n&#8211; Un meuble premier prix peut-il \u00eatre de la m\u00eame qualit\u00e9 qu\u2019un meuble bien plus cher ?<br \/>\n&#8211; Vaut-il mieux investir dans du mobilier de qualit\u00e9 plut\u00f4t que d\u2019acheter des mod\u00e8les entr\u00e9e de gamme ?<\/p>\n<p>M\u00eame si les r\u00e9ponses \u00e0 ses questions peuvent sembler \u00e9videntes pour certains, il est important d\u2019y r\u00e9pondre en d\u00e9tail.<\/p>\n<p>Vous venez d\u2019emm\u00e9nager ou finissez les travaux de votre maison et on peut dire que c\u00f4t\u00e9 budget vous n\u2019\u00eates pas \u00e0 la f\u00eate ! Rassurez-vous, nous sommes tous log\u00e9s \u00e0 la m\u00eame enseigne. Il reste encore des tas de choses \u00e0 acheter pour peaufiner votre petit nid douillet et lorsque la question du mobilier se pose deux choix s\u2019offrent \u00e0 vous :<\/p>\n<p>&#8211; Opter pour un mobilier entr\u00e9e de gamme pour maximiser votre budget<br \/>\n&#8211; Investir dans un mobilier de qualit\u00e9 et ce pour de nombreuses ann\u00e9es<\/p>\n<p><img loading=\"lazy\" class=\"aligncenter wp-image-1017 size-large\" title=\"mobilier-qualit\u00e9-salon-delorm-design\" src=\"https:\/\/delormdesign.com\/blog\/wp-content\/uploads\/2018\/07\/canape-design-run-2-bleu-season-1024x458.jpg\" alt=\"canape-design-run-2-bleu-season\" width=\"740\" height=\"331\" srcset=\"https:\/\/delormdesign.com\/blog\/wp-content\/uploads\/2018\/07\/canape-design-run-2-bleu-season-1024x458.jpg 1024w, https:\/\/delormdesign.com\/blog\/wp-content\/uploads\/2018\/07\/canape-design-run-2-bleu-season-300x134.jpg 300w, https:\/\/delormdesign.com\/blog\/wp-content\/uploads\/2018\/07\/canape-design-run-2-bleu-season-768x343.jpg 768w, https:\/\/delormdesign.com\/blog\/wp-content\/uploads\/2018\/07\/canape-design-run-2-bleu-season-940x420.jpg 940w, https:\/\/delormdesign.com\/blog\/wp-content\/uploads\/2018\/07\/canape-design-run-2-bleu-season.jpg 1289w\" sizes=\"(max-width: 740px) 100vw, 740px\" \/><\/p>\n<h2><span style=\"font-weight: 400;\">Mobilier de qualit\u00e9 vs premier prix<\/span><\/h2>\n<p>Tr\u00e8s souvent les mobiliers premier prix constituent un bon choix pour une premi\u00e8re installation ou si vous ne comptez pas vous attarder dans votre nouveau logement. En effet, vous n\u2019aurez que peu d\u2019attentes par rapport \u00e0 ces meubles et vous en serez quitte de votre argent. Les meubles rendront service le temps qu\u2019il faudra !<\/p>\n<p>Si pour votre premier logement, vous pensez vous installer pour un bon moment la question se pose diff\u00e9remment. De toute \u00e9vidence, vous avez \u00e0 c\u0153ur de meubler avec soin votre int\u00e9rieur. Vous projetez dans ce mobilier des attentes importantes et une grande part d\u2019\u00e9motions. Vous avez \u00e0 c\u0153ur de soigner votre int\u00e9rieur et une r\u00e9flexion sur le long terme peut s\u2019engager. La vente de votre mobilier sur Internet pourra constituer une opportunit\u00e9 tr\u00e8s int\u00e9ressante : en choisissant soigneusement votre enseigne vous pourrez d\u00e9nicher du mobilier de qualit\u00e9 \u00e0 prix doux !<\/p>\n<p>En effet, certains distributeurs sur Internet proposent du mobilier de qualit\u00e9 \u00e0 des prix d\u00e9fiants toute concurrence en boutique. Bien souvent, ces sites sont sp\u00e9cialis\u00e9s sur une niche, une typologie de meubles telle que le mobilier en bois massif, le mobilier de jardin\u2026 Il s\u2019agit l\u00e0 de v\u00e9ritables sp\u00e9cialistes du sujet qui proposent un assortiment plut\u00f4t court et de belle qualit\u00e9.<\/p>\n<p>Si vous n\u2019en \u00eates pas \u00e0 votre premier emm\u00e9nagement, la question se pose autrement. Vous avez fond\u00e9 votre famille ou vous avez achet\u00e9 votre appartement\/votre maison, il vous importe de choisir un mobilier qui vous pla\u00eet, dans lequel vous vous impliquez \u00e9motionnellement parlant. Votre approche se distingue nettement d\u2019un premier achat, la qualit\u00e9 et la dur\u00e9e de vie du mobilier sont des crit\u00e8res que vous placez en priorit\u00e9. Par ailleurs, avoir un salon tendance et design ne peut se faire sans plan d\u2019action. Il faut que l\u2019espace choisi s\u2019adapte avec des accessoires de style et des produits de collection !<\/p>\n<p>Vous transposez dans ce nouveau mobilier un nouveau d\u00e9part, vous avez \u00e0 c\u0153ur que cette \u00e9tape de vie marque un tournant et vous appr\u00e9cierez que votre entourage (famille et amis) le note lorsqu\u2019il vient \u00e0 la maison.<br \/>\nAu del\u00e0 du caract\u00e8re \u00e9motionnel, l\u2019aspect budg\u00e9taire fait aussi la diff\u00e9rence. Vous disposez bien souvent d\u2019un mobilier issu d\u2019une premi\u00e8re installation. Vous n\u2019avez pas forc\u00e9ment la n\u00e9cessit\u00e9 de renouveler tout le mobilier, vous pouvez ainsi touche par touche apporter des am\u00e9liorations \u00e0 votre d\u00e9co. Cela est un point fondamental, vous n\u2019avez pas forc\u00e9ment besoin d\u2019un \u00e9norme budget pour meubler votre maison avec des pi\u00e8ces de qualit\u00e9.<\/p>\n<h2>Pr\u00e9f\u00e9rer (toujours) la qualit\u00e9<\/h2>\n<p>La qualit\u00e9 est-elle au rendez-vous lorsqu\u2019on investit dans des meubles ? La r\u00e9ponse \u00e0 cette question reste \u00e9vidente pour la plupart d\u2019entre vous mais il ne faut quand m\u00eame apporter quelques pr\u00e9cisions.<br \/>\nAcheter du mobilier de qualit\u00e9 repr\u00e9sente un investissement par rapport \u00e0 l\u2019achat de mobilier premier prix, cet investissement se traduit bien souvent par un mobilier de tout autre nature.<\/p>\n<p>Premi\u00e8rement, le mobilier est assembl\u00e9 en usine, cela induit qu\u2019il vous sera livr\u00e9 mont\u00e9. Deux cons\u00e9quences fondamentales en d\u00e9coulent :<br \/>\n&#8211; Un meuble qui arrive mont\u00e9 ne n\u00e9cessite pas de montage, c\u2019est une \u00e9vidence ! Ainsi vous ne perdrez pas de temps \u00e0 assembler le mobilier pi\u00e8ce par pi\u00e8ce, composant par composant. Il s\u2019agit l\u00e0 d\u2019une belle \u00e9conomie de temps et d\u2019un confort que l\u2019on mesure bien souvent qu\u2019apr\u00e8s avoir pass\u00e9 un week-end \u00e0 monter un lit ou un fauteuil scandinave (pour ne pas mentionner Ikea) !<\/p>\n<p>&#8211; La dur\u00e9e de vie d\u2019un meuble mont\u00e9 en usine est selon certains experts 7 fois sup\u00e9rieure \u00e0 celle d\u2019un meuble \u00e0 monter. Il est certain qu\u2019un mobilier chevill\u00e9 \u00e0 l\u2019ancienne demeure plus robuste dans le temps.<\/p>\n<p>Deuxi\u00e8mement, les mat\u00e9riaux utilis\u00e9s sont de meilleure qualit\u00e9, les meubles sont construits \u00e0 base de bois massif, de MDF de qualit\u00e9 sup\u00e9rieure\u2026 Cette diff\u00e9rence de qualit\u00e9 intrins\u00e8que du meuble se traduit par une diff\u00e9rence de prix comme dans d\u2019autres secteurs tels que le textile, les voitures, les aliments que nous consommons.<\/p>\n<p>Enfin, l\u2019aspect du meuble demeure plus qualitatif, un seul coup d\u2019\u0153il vous permet de voir la diff\u00e9rence avec un mobilier premier prix. Dans le cas d\u2019un canap\u00e9, vous pourrez juger une diff\u00e9rence de confort au premier essai et cette diff\u00e9rence aura tout lieu de perdurer dans le temps.<\/p>\n<p><img loading=\"lazy\" class=\"aligncenter wp-image-1606 size-full\" title=\"mobilier-qualit\u00e9-canap\u00e9\" src=\"https:\/\/delormdesign.com\/blog\/wp-content\/uploads\/2018\/05\/jardin-chic-meuble-exte\u0301rieur-haut-de-gamme.jpg\" alt=\"Salon de jardin\" width=\"1140\" height=\"641\" srcset=\"https:\/\/delormdesign.com\/blog\/wp-content\/uploads\/2018\/05\/jardin-chic-meuble-exte\u0301rieur-haut-de-gamme.jpg 1140w, https:\/\/delormdesign.com\/blog\/wp-content\/uploads\/2018\/05\/jardin-chic-meuble-exte\u0301rieur-haut-de-gamme-300x169.jpg 300w, https:\/\/delormdesign.com\/blog\/wp-content\/uploads\/2018\/05\/jardin-chic-meuble-exte\u0301rieur-haut-de-gamme-1024x576.jpg 1024w, https:\/\/delormdesign.com\/blog\/wp-content\/uploads\/2018\/05\/jardin-chic-meuble-exte\u0301rieur-haut-de-gamme-768x432.jpg 768w, https:\/\/delormdesign.com\/blog\/wp-content\/uploads\/2018\/05\/jardin-chic-meuble-exte\u0301rieur-haut-de-gamme-550x309.jpg 550w, https:\/\/delormdesign.com\/blog\/wp-content\/uploads\/2018\/05\/jardin-chic-meuble-exte\u0301rieur-haut-de-gamme-520x292.jpg 520w, https:\/\/delormdesign.com\/blog\/wp-content\/uploads\/2018\/05\/jardin-chic-meuble-exte\u0301rieur-haut-de-gamme-625x351.jpg 625w, https:\/\/delormdesign.com\/blog\/wp-content\/uploads\/2018\/05\/jardin-chic-meuble-exte\u0301rieur-haut-de-gamme-15x8.jpg 15w, https:\/\/delormdesign.com\/blog\/wp-content\/uploads\/2018\/05\/jardin-chic-meuble-exte\u0301rieur-haut-de-gamme-810x455.jpg 810w\" sizes=\"(max-width: 1140px) 100vw, 1140px\" \/><\/p>\n<p>Confort d\u2019utilisation, dur\u00e9e de vie et perception globale d\u2019une qualit\u00e9 sup\u00e9rieure distinguent un mobilier premier prix d\u2019un autre mobilier. Ces mobiliers de qualit\u00e9 reviennent-ils plus cher au bout du compte ?<\/p>\n<p>La question m\u00e9rite effectivement d\u2019\u00eatre pos\u00e9e car \u00e0 dur\u00e9e de vie \u00e9gale, le budget d\u2019un meuble premier prix est-il inf\u00e9rieur \u00e0 un meuble de qualit\u00e9 ?<br \/>\nIl est clair qu\u2019un mobilier premier prix devra faire l\u2019objet d\u2019un remplacement plus pr\u00e9coce, dans le cas d\u2019un canap\u00e9 le confort sera certainement amen\u00e9 \u00e0 se d\u00e9grader plus rapidement, en cas de d\u00e9m\u00e9nagement les meubles \u00e0 monter risquent de ne pas tenir le choc (manutention, d\u00e9montage et montage).<br \/>\nAinsi sur le long terme, il faut faire le calcul pour voir si le meuble le plus attractif le jour J le sera toujours apr\u00e8s quelques ann\u00e9es.<\/p>\n<p>Nous devons appr\u00e9cier pour cela la diff\u00e9rence de prix \u00e0 la base et les dur\u00e9es de vie de chacun des mobiliers. Il est \u00e9vident que des meubles tv en bois massif dont la dur\u00e9e de vie peut \u00eatre estim\u00e9e \u00e0 vie sont plus avantageux. En outre, ils conservent une valeur tout au long de leur vie et si vous souhaitez vous en s\u00e9parer pour changer l\u2019esprit de votre d\u00e9coration, vous pourrez toujours les revendre et en tirer un petit p\u00e9cule. La plupart des meubles de qualit\u00e9 suivront cette logique, ils s\u2019inscrivent dans le long terme et gardent une valeur malgr\u00e9 les ann\u00e9es.<\/p>\n<p>Si votre approche se tourne vers le long terme, le mobilier de qualit\u00e9 constitue \u00e9galement un choix pour l\u2019avenir de la plan\u00e8te. Nous avons compris que le cycle de vie des mobiliers est bien diff\u00e9rent, vous renouvellerez sans doute plusieurs fois votre mobilier prix pour la dur\u00e9e de vie d\u2019un mobilier de qualit\u00e9. Ce renouvellement a pour cons\u00e9quence principale la production de nouveaux mobiliers et pour cela le besoin de nouvelles mati\u00e8res premi\u00e8res : bois, m\u00e9taux pour les charni\u00e8res ou la structure du meuble, peinture, vitrificateur, vernis\u2026 Autant de mati\u00e8res qui peuvent \u00eatre pr\u00e9serv\u00e9es si vous optez pour un meuble de qualit\u00e9 !<\/p>\n<p>Nous avons un mot d&#8217;ordre\u00a0chez <a href=\"https:\/\/delormdesign.com\/\">Delormdesign.com<\/a>, nous ne transigeons pas sur la qualit\u00e9 en proposant une gamme compl\u00e8te de mobilier de jardin pour que votre ext\u00e9rieur soit \u00e0 la fois cosy et design. Consultez nos derniers avis et b\u00e9n\u00e9ficiez de la livraison offerte !<\/p>\n<p><img loading=\"lazy\" class=\"aligncenter wp-image-1930 size-full\" title=\"banni\u00e8re-salon-jardin-mont\u00e9\" src=\"https:\/\/delormdesign.com\/blog\/wp-content\/uploads\/2019\/03\/banniere-salon-de-jardin-monte.jpg\" alt=\"banni\u00e8re-salon-jardin-mont\u00e9\" width=\"948\" height=\"192\" srcset=\"https:\/\/delormdesign.com\/blog\/wp-content\/uploads\/2019\/03\/banniere-salon-de-jardin-monte.jpg 948w, https:\/\/delormdesign.com\/blog\/wp-content\/uploads\/2019\/03\/banniere-salon-de-jardin-monte-300x61.jpg 300w, https:\/\/delormdesign.com\/blog\/wp-content\/uploads\/2019\/03\/banniere-salon-de-jardin-monte-768x156.jpg 768w, https:\/\/delormdesign.com\/blog\/wp-content\/uploads\/2019\/03\/banniere-salon-de-jardin-monte-550x111.jpg 550w, https:\/\/delormdesign.com\/blog\/wp-content\/uploads\/2019\/03\/banniere-salon-de-jardin-monte-520x105.jpg 520w, https:\/\/delormdesign.com\/blog\/wp-content\/uploads\/2019\/03\/banniere-salon-de-jardin-monte-625x127.jpg 625w, https:\/\/delormdesign.com\/blog\/wp-content\/uploads\/2019\/03\/banniere-salon-de-jardin-monte-15x3.jpg 15w, https:\/\/delormdesign.com\/blog\/wp-content\/uploads\/2019\/03\/banniere-salon-de-jardin-monte-810x164.jpg 810w\" sizes=\"(max-width: 948px) 100vw, 948px\" \/><\/p>\n","protected":false},"excerpt":{"rendered":"<p>\u00c0 l\u2019heure d\u2019\u00e9quiper notre appartement ou notre nouvelle maison, nous nous posons tous la m\u00eame question : pourquoi les meubles pr\u00e9sentent-ils des diff\u00e9rences de prix si importantes ? Les questions qui en d\u00e9coulent sont souvent : &#8211; Un meuble premier prix peut-il \u00eatre de la m\u00eame qualit\u00e9 qu\u2019un meuble bien plus cher ? &#8211; Vaut-il [&hellip;]<\/p>\n","protected":false},"author":15,"featured_media":1688,"comment_status":"open","ping_status":"open","sticky":false,"template":"","format":"standard","meta":[],"categories":[4,3],"tags":[],"yoast_head":"<!-- This site is optimized with the Yoast SEO plugin v19.3 - https:\/\/yoast.com\/wordpress\/plugins\/seo\/ -->\n<title>Mobilier de qualit\u00e9 ou premier prix, comment choisir ? &bull; Blog Design Jardin &amp; Int\u00e9rieur | Tendance D\u00e9co<\/title>\n<meta name=\"description\" content=\"Nous nous posons tous la m\u00eame question : pourquoi les meubles pr\u00e9sentent-ils des diff\u00e9rences de prix si importantes ? Pr\u00e9f\u00e9rez un mobilier de qualit\u00e9 !\" \/>\n<meta name=\"robots\" content=\"index, follow, max-snippet:-1, max-image-preview:large, max-video-preview:-1\" \/>\n<link rel=\"canonical\" href=\"https:\/\/delormdesign.com\/blog\/mobilier-de-qualite-ou-premier-prix\/\" \/>\n<meta property=\"og:locale\" content=\"fr_FR\" \/>\n<meta property=\"og:type\" content=\"article\" \/>\n<meta property=\"og:title\" content=\"Mobilier de qualit\u00e9 ou premier prix, comment choisir ? &bull; Blog Design Jardin &amp; Int\u00e9rieur | Tendance D\u00e9co\" \/>\n<meta property=\"og:description\" content=\"Nous nous posons tous la m\u00eame question : pourquoi les meubles pr\u00e9sentent-ils des diff\u00e9rences de prix si importantes ? Pr\u00e9f\u00e9rez un mobilier de qualit\u00e9 !\" \/>\n<meta property=\"og:url\" content=\"https:\/\/delormdesign.com\/blog\/mobilier-de-qualite-ou-premier-prix\/\" \/>\n<meta property=\"og:site_name\" content=\"Blog Design Jardin &amp; Int\u00e9rieur | Tendance D\u00e9co\" \/>\n<meta property=\"article:publisher\" content=\"https:\/\/www.facebook.com\/delormdesign\/\" \/>\n<meta property=\"article:published_time\" content=\"2019-02-01T09:58:57+00:00\" \/>\n<meta property=\"article:modified_time\" content=\"2022-03-18T09:29:52+00:00\" \/>\n<meta property=\"og:image\" content=\"https:\/\/delormdesign.com\/blog\/wp-content\/uploads\/2017\/08\/Inte\u0301rieur-Design-Minimaliste.jpg\" \/>\n\t<meta property=\"og:image:width\" content=\"1920\" \/>\n\t<meta property=\"og:image:height\" content=\"1200\" \/>\n\t<meta property=\"og:image:type\" content=\"image\/jpeg\" \/>\n<meta name=\"author\" content=\"Lea Rigoleta\" \/>\n<meta name=\"twitter:card\" content=\"summary\" \/>\n<meta name=\"twitter:label1\" content=\"Written by\" \/>\n\t<meta name=\"twitter:data1\" content=\"Lea Rigoleta\" \/>\n\t<meta name=\"twitter:label2\" content=\"Est. reading time\" \/>\n\t<meta name=\"twitter:data2\" content=\"7 minutes\" \/>\n<script type=\"application\/ld+json\" class=\"yoast-schema-graph\">{\"@context\":\"https:\/\/schema.org\",\"@graph\":[{\"@type\":\"WebSite\",\"@id\":\"https:\/\/delormdesign.com\/blog\/#website\",\"url\":\"https:\/\/delormdesign.com\/blog\/\",\"name\":\"Blog Design Jardin &amp; Int\u00e9rieur | Tendance D\u00e9co\",\"description\":\"Jardin &amp; Int\u00e9rieur | Tendance D\u00e9co\",\"potentialAction\":[{\"@type\":\"SearchAction\",\"target\":{\"@type\":\"EntryPoint\",\"urlTemplate\":\"https:\/\/delormdesign.com\/blog\/?s={search_term_string}\"},\"query-input\":\"required name=search_term_string\"}],\"inLanguage\":\"fr-FR\"},{\"@type\":\"ImageObject\",\"inLanguage\":\"fr-FR\",\"@id\":\"https:\/\/delormdesign.com\/blog\/mobilier-de-qualite-ou-premier-prix\/#primaryimage\",\"url\":\"https:\/\/delormdesign.com\/blog\/wp-content\/uploads\/2017\/08\/Inte\u0301rieur-Design-Minimaliste.jpg\",\"contentUrl\":\"https:\/\/delormdesign.com\/blog\/wp-content\/uploads\/2017\/08\/Inte\u0301rieur-Design-Minimaliste.jpg\",\"width\":1920,\"height\":1200,\"caption\":\"Inte\u0301rieur-Design-Minimaliste\"},{\"@type\":\"WebPage\",\"@id\":\"https:\/\/delormdesign.com\/blog\/mobilier-de-qualite-ou-premier-prix\/\",\"url\":\"https:\/\/delormdesign.com\/blog\/mobilier-de-qualite-ou-premier-prix\/\",\"name\":\"Mobilier de qualit\u00e9 ou premier prix, comment choisir ? &bull; Blog Design Jardin &amp; Int\u00e9rieur | Tendance D\u00e9co\",\"isPartOf\":{\"@id\":\"https:\/\/delormdesign.com\/blog\/#website\"},\"primaryImageOfPage\":{\"@id\":\"https:\/\/delormdesign.com\/blog\/mobilier-de-qualite-ou-premier-prix\/#primaryimage\"},\"datePublished\":\"2019-02-01T09:58:57+00:00\",\"dateModified\":\"2022-03-18T09:29:52+00:00\",\"author\":{\"@id\":\"https:\/\/delormdesign.com\/blog\/#\/schema\/person\/a5699d6f4c2058a34009c87a8fb2d503\"},\"description\":\"Nous nous posons tous la m\u00eame question : pourquoi les meubles pr\u00e9sentent-ils des diff\u00e9rences de prix si importantes ? Pr\u00e9f\u00e9rez un mobilier de qualit\u00e9 !\",\"breadcrumb\":{\"@id\":\"https:\/\/delormdesign.com\/blog\/mobilier-de-qualite-ou-premier-prix\/#breadcrumb\"},\"inLanguage\":\"fr-FR\",\"potentialAction\":[{\"@type\":\"ReadAction\",\"target\":[\"https:\/\/delormdesign.com\/blog\/mobilier-de-qualite-ou-premier-prix\/\"]}]},{\"@type\":\"BreadcrumbList\",\"@id\":\"https:\/\/delormdesign.com\/blog\/mobilier-de-qualite-ou-premier-prix\/#breadcrumb\",\"itemListElement\":[{\"@type\":\"ListItem\",\"position\":1,\"name\":\"Accueil\",\"item\":\"https:\/\/delormdesign.com\/blog\/\"},{\"@type\":\"ListItem\",\"position\":2,\"name\":\"Mobilier de qualit\u00e9 ou premier prix, comment choisir ?\"}]},{\"@type\":\"Person\",\"@id\":\"https:\/\/delormdesign.com\/blog\/#\/schema\/person\/a5699d6f4c2058a34009c87a8fb2d503\",\"name\":\"Lea Rigoleta\",\"image\":{\"@type\":\"ImageObject\",\"inLanguage\":\"fr-FR\",\"@id\":\"https:\/\/delormdesign.com\/blog\/#\/schema\/person\/image\/\",\"url\":\"https:\/\/secure.gravatar.com\/avatar\/a1e61b97b259452330da26a9d5e3e335?s=96&d=mm&r=g\",\"contentUrl\":\"https:\/\/secure.gravatar.com\/avatar\/a1e61b97b259452330da26a9d5e3e335?s=96&d=mm&r=g\",\"caption\":\"Lea Rigoleta\"},\"url\":\"https:\/\/delormdesign.com\/blog\/author\/l-rigoleta\/\"}]}<\/script>\n<!-- \/ Yoast SEO plugin. -->","yoast_head_json":{"title":"Mobilier de qualit\u00e9 ou premier prix, comment choisir ? &bull; Blog Design Jardin &amp; Int\u00e9rieur | Tendance D\u00e9co","description":"Nous nous posons tous la m\u00eame question : pourquoi les meubles pr\u00e9sentent-ils des diff\u00e9rences de prix si importantes ? Pr\u00e9f\u00e9rez un mobilier de qualit\u00e9 !","robots":{"index":"index","follow":"follow","max-snippet":"max-snippet:-1","max-image-preview":"max-image-preview:large","max-video-preview":"max-video-preview:-1"},"canonical":"https:\/\/delormdesign.com\/blog\/mobilier-de-qualite-ou-premier-prix\/","og_locale":"fr_FR","og_type":"article","og_title":"Mobilier de qualit\u00e9 ou premier prix, comment choisir ? &bull; Blog Design Jardin &amp; Int\u00e9rieur | Tendance D\u00e9co","og_description":"Nous nous posons tous la m\u00eame question : pourquoi les meubles pr\u00e9sentent-ils des diff\u00e9rences de prix si importantes ? Pr\u00e9f\u00e9rez un mobilier de qualit\u00e9 !","og_url":"https:\/\/delormdesign.com\/blog\/mobilier-de-qualite-ou-premier-prix\/","og_site_name":"Blog Design Jardin &amp; Int\u00e9rieur | Tendance D\u00e9co","article_publisher":"https:\/\/www.facebook.com\/delormdesign\/","article_published_time":"2019-02-01T09:58:57+00:00","article_modified_time":"2022-03-18T09:29:52+00:00","og_image":[{"width":1920,"height":1200,"url":"https:\/\/delormdesign.com\/blog\/wp-content\/uploads\/2017\/08\/Inte\u0301rieur-Design-Minimaliste.jpg","type":"image\/jpeg"}],"author":"Lea Rigoleta","twitter_card":"summary","twitter_misc":{"Written by":"Lea Rigoleta","Est. reading time":"7 minutes"},"schema":{"@context":"https:\/\/schema.org","@graph":[{"@type":"WebSite","@id":"https:\/\/delormdesign.com\/blog\/#website","url":"https:\/\/delormdesign.com\/blog\/","name":"Blog Design Jardin &amp; Int\u00e9rieur | Tendance D\u00e9co","description":"Jardin &amp; Int\u00e9rieur | Tendance D\u00e9co","potentialAction":[{"@type":"SearchAction","target":{"@type":"EntryPoint","urlTemplate":"https:\/\/delormdesign.com\/blog\/?s={search_term_string}"},"query-input":"required name=search_term_string"}],"inLanguage":"fr-FR"},{"@type":"ImageObject","inLanguage":"fr-FR","@id":"https:\/\/delormdesign.com\/blog\/mobilier-de-qualite-ou-premier-prix\/#primaryimage","url":"https:\/\/delormdesign.com\/blog\/wp-content\/uploads\/2017\/08\/Inte\u0301rieur-Design-Minimaliste.jpg","contentUrl":"https:\/\/delormdesign.com\/blog\/wp-content\/uploads\/2017\/08\/Inte\u0301rieur-Design-Minimaliste.jpg","width":1920,"height":1200,"caption":"Inte\u0301rieur-Design-Minimaliste"},{"@type":"WebPage","@id":"https:\/\/delormdesign.com\/blog\/mobilier-de-qualite-ou-premier-prix\/","url":"https:\/\/delormdesign.com\/blog\/mobilier-de-qualite-ou-premier-prix\/","name":"Mobilier de qualit\u00e9 ou premier prix, comment choisir ? &bull; Blog Design Jardin &amp; Int\u00e9rieur | Tendance D\u00e9co","isPartOf":{"@id":"https:\/\/delormdesign.com\/blog\/#website"},"primaryImageOfPage":{"@id":"https:\/\/delormdesign.com\/blog\/mobilier-de-qualite-ou-premier-prix\/#primaryimage"},"datePublished":"2019-02-01T09:58:57+00:00","dateModified":"2022-03-18T09:29:52+00:00","author":{"@id":"https:\/\/delormdesign.com\/blog\/#\/schema\/person\/a5699d6f4c2058a34009c87a8fb2d503"},"description":"Nous nous posons tous la m\u00eame question : pourquoi les meubles pr\u00e9sentent-ils des diff\u00e9rences de prix si importantes ? Pr\u00e9f\u00e9rez un mobilier de qualit\u00e9 !","breadcrumb":{"@id":"https:\/\/delormdesign.com\/blog\/mobilier-de-qualite-ou-premier-prix\/#breadcrumb"},"inLanguage":"fr-FR","potentialAction":[{"@type":"ReadAction","target":["https:\/\/delormdesign.com\/blog\/mobilier-de-qualite-ou-premier-prix\/"]}]},{"@type":"BreadcrumbList","@id":"https:\/\/delormdesign.com\/blog\/mobilier-de-qualite-ou-premier-prix\/#breadcrumb","itemListElement":[{"@type":"ListItem","position":1,"name":"Accueil","item":"https:\/\/delormdesign.com\/blog\/"},{"@type":"ListItem","position":2,"name":"Mobilier de qualit\u00e9 ou premier prix, comment choisir ?"}]},{"@type":"Person","@id":"https:\/\/delormdesign.com\/blog\/#\/schema\/person\/a5699d6f4c2058a34009c87a8fb2d503","name":"Lea Rigoleta","image":{"@type":"ImageObject","inLanguage":"fr-FR","@id":"https:\/\/delormdesign.com\/blog\/#\/schema\/person\/image\/","url":"https:\/\/secure.gravatar.com\/avatar\/a1e61b97b259452330da26a9d5e3e335?s=96&d=mm&r=g","contentUrl":"https:\/\/secure.gravatar.com\/avatar\/a1e61b97b259452330da26a9d5e3e335?s=96&d=mm&r=g","caption":"Lea Rigoleta"},"url":"https:\/\/delormdesign.com\/blog\/author\/l-rigoleta\/"}]}},"amp_enabled":true,"_links":{"self":[{"href":"https:\/\/delormdesign.com\/blog\/wp-json\/wp\/v2\/posts\/1717"}],"collection":[{"href":"https:\/\/delormdesign.com\/blog\/wp-json\/wp\/v2\/posts"}],"about":[{"href":"https:\/\/delormdesign.com\/blog\/wp-json\/wp\/v2\/types\/post"}],"author":[{"embeddable":true,"href":"https:\/\/delormdesign.com\/blog\/wp-json\/wp\/v2\/users\/15"}],"replies":[{"embeddable":true,"href":"https:\/\/delormdesign.com\/blog\/wp-json\/wp\/v2\/comments?post=1717"}],"version-history":[{"count":3,"href":"https:\/\/delormdesign.com\/blog\/wp-json\/wp\/v2\/posts\/1717\/revisions"}],"predecessor-version":[{"id":2564,"href":"https:\/\/delormdesign.com\/blog\/wp-json\/wp\/v2\/posts\/1717\/revisions\/2564"}],"wp:featuredmedia":[{"embeddable":true,"href":"https:\/\/delormdesign.com\/blog\/wp-json\/wp\/v2\/media\/1688"}],"wp:attachment":[{"href":"https:\/\/delormdesign.com\/blog\/wp-json\/wp\/v2\/media?parent=1717"}],"wp:term":[{"taxonomy":"category","embeddable":true,"href":"https:\/\/delormdesign.com\/blog\/wp-json\/wp\/v2\/categories?post=1717"},{"taxonomy":"post_tag","embeddable":true,"href":"https:\/\/delormdesign.com\/blog\/wp-json\/wp\/v2\/tags?post=1717"}],"curies":[{"name":"wp","href":"https:\/\/api.w.org\/{rel}","templated":true}]}}