{"id":1839,"date":"2019-03-25T15:45:42","date_gmt":"2019-03-25T15:45:42","guid":{"rendered":"https:\/\/delormdesign.com\/blog\/?p=1839"},"modified":"2022-03-18T09:29:52","modified_gmt":"2022-03-18T09:29:52","slug":"acheter-salon-de-jardin","status":"publish","type":"post","link":"https:\/\/delormdesign.com\/blog\/acheter-salon-de-jardin\/","title":{"rendered":"Quand acheter son salon de jardin ?"},"content":{"rendered":"<p style=\"text-align: left;\">Meubler l\u2019ext\u00e9rieur de votre maison, votre terrasse ou balcon est aujourd\u2019hui indispensable pour profiter pleinement des beaux jours. Vous pourrez appr\u00e9cier un repas en famille dans le jardin, prendre l\u2019ap\u00e9ritif avec vos amis en terrasse par une belle soir\u00e9e d\u2019\u00e9t\u00e9, enfin tant d\u2019occasions \u00e0 ne pas manquer\u00a0!<\/p>\n<p style=\"text-align: left;\">L\u2019achat du <span style=\"color: #339966;\"><strong>mobilier de jardin<\/strong><\/span> reste un poste de d\u00e9pense, surtout si on se projette sur long terme et que l\u2019on souhaite un mobilier de qualit\u00e9.\u00a0 Qu\u2019il s\u2019agisse de faire l\u2019acquisition d\u2019une table, d\u2019une chaise, d\u2019un fauteuil design, r\u00e9sistant et facile \u00e0 l\u2019entretien, Delorm vous guide pour conna\u00eetre les principales occasions de faire de bonnes affaires, et ce quel que soit le mat\u00e9riau.<\/p>\n<p style=\"text-align: left;\"><img loading=\"lazy\" class=\"aligncenter wp-image-1841 size-large\" title=\"quand-acheter-salon-jardin-delormdesign\" src=\"https:\/\/delormdesign.com\/blog\/wp-content\/uploads\/2019\/03\/quand-acheter-salon-jardin-delormdesign-1024x681.jpg\" alt=\"quand-acheter-salon-jardin-delormdesign\" width=\"740\" height=\"492\" \/><\/p>\n<h2 style=\"text-align: left;\">Un achat hors saison pour r\u00e9aliser une super affaire\u00a0!<\/h2>\n<p style=\"text-align: left;\">Cela coule de source mais il n\u2019est pas inutile de le rappeler\u00a0: <strong>les meilleures affaires se font hors saison<\/strong>. La vente de <a href=\"https:\/\/delormdesign.com\/10-salon-de-jardin-design\">salon de jardin<\/a> demeure tr\u00e8s saisonni\u00e8re\u00a0: de Mars \u00e0 la fin de l\u2019\u00e9t\u00e9. Une fois la saison termin\u00e9e, les distributeurs doivent garder leur stock tout l\u2019hiver soit environ 6 mois de l\u2019ann\u00e9e. Cela repr\u00e9sente un co\u00fbt pour eux et ils sont tr\u00e8s souvent amen\u00e9s \u00e0 r\u00e9aliser de belles r\u00e9ductions en fin de saison.<\/p>\n<p style=\"text-align: left;\">Ainsi vous pourrez b\u00e9n\u00e9ficier de bons plans \u00e0 partir du mois d\u2019Ao\u00fbt jusqu\u2019au d\u00e9but de la saison suivante chez la plupart des magasins et site Internet.<\/p>\n<p style=\"text-align: left;\">Les remises peuvent atteindre jusqu\u2019\u00e0 40 \u00e0 50% sur certaines r\u00e9f\u00e9rences, principalement lors de d\u00e9stockages de fin de saison. En effet les magasins sont amen\u00e9s \u00e0 vendre leurs expositions qui sont tr\u00e8s souvent en bon \u00e9tat, en achetant un mobilier d\u2019exposition vous r\u00e9alisez une super affaire\u00a0(sachant que les premiers prix des <a href=\"https:\/\/delormdesign.com\/10-salon-de-jardin-design\">salons de jardin<\/a> de la marque Delorm commencent \u00e0 599 euro).<\/p>\n<p style=\"text-align: left;\">Il s\u2019agit l\u00e0 de profiter d\u2019un prix d\u00e9fiant toute concurrence sur un mobilier entr\u00e9e de gamme ou de b\u00e9n\u00e9ficier d\u2019un mobilier de qualit\u00e9 au prix d\u2019un mod\u00e8le entr\u00e9e de gamme.<\/p>\n<p style=\"text-align: left;\">En achetant hors saison vous ferez quoi qu\u2019il en soit une bonne affaire, il vous faudra un peu de patience avant de profiter pleinement du mobilier \u00e0 moins que l\u2019\u00e9t\u00e9 se prolonge encore et encore\u2026<\/p>\n<h2 style=\"text-align: left;\">Le maximum de choix en d\u00e9but de saison<\/h2>\n<p style=\"text-align: left;\">Si l\u2019on peut souvent obtenir un prix d\u00e9fiant toute concurrence en achetant notre mobilier hors saison, le choix reste tr\u00e8s limit\u00e9. Il s\u2019agit l\u00e0 du principal inconv\u00e9nient \u00e0 ce type d\u2019achat, seuls les invendus restent disponibles et bien souvent il y a bien une raison \u00e0 ce qu\u2019ils restent en rayon\u2026<\/p>\n<p style=\"text-align: left;\">\u00c0 contrario, le choix reste pl\u00e9thorique en d\u00e9but de saison, les distributeurs re\u00e7oivent les nouvelles collections et vous aurez l\u2019opportunit\u00e9 de trouver le mobilier de vos r\u00eaves.<\/p>\n<p style=\"text-align: left;\">Que vous souhaitiez l\u2019accorder avec du mobilier dont vous disposez d\u00e9j\u00e0, \u00e0 la couleur de la terrasse, des menuiseries\u2026 vous aurez l\u2019embarras du choix.<\/p>\n<p style=\"text-align: left;\">Par ailleurs, si vous avez un projet en t\u00eate, il sera pr\u00e9f\u00e9rable de d\u00e9buter vos recherches en d\u00e9but d\u2019ann\u00e9e pour ne pas avoir de regret par la suite. La vente de mobilier de jardin \u00e9tant tr\u00e8s saisonni\u00e8re, les distributeurs portent un stock limit\u00e9, il suffit que le soleil pointe le bout de son nez de fa\u00e7on pr\u00e9matur\u00e9e et les stocks seront rapidement \u00e9puis\u00e9s sur des meubles atypiques, originaux, issus de nouvelles collections.<\/p>\n<p style=\"text-align: left;\">Par ailleurs, certains mat\u00e9riaux seront prescrit d\u2019office en fonction de l\u2019exposition, de l\u2019ensoleillement de votre terrasse et de l\u2019hivernage du mobilier. En d\u00e9but de saison toutes les mati\u00e8res (<a class=\"wpil_keyword_link\" href=\"https:\/\/delormdesign.com\/209-salon-de-jardin-en-aluminium\" title=\"aluminium\">aluminium<\/a>, r\u00e9sine, acier, bois, rotin, acier\u2026) seront en stock ou avec un d\u00e9lai de livraison assez court. Il n\u2019est pas certain que cela soit le cas au mois de Mai ou Juin, le risque sera de vous tourner vers un mobilier qui n\u2019est pas compatible et que celui-ci se d\u00e9t\u00e9riore rapidement. Nous le rappelons jamais assez souvent\u00a0: le mobilier de jardin est soumis \u00e0 des conditions climatiques diverses et vari\u00e9s, du gel \u00e0 la canicule en passant par la pluie, il est imp\u00e9ratif de disposer d\u2019un mobilier en ad\u00e9quation avec votre utilisation pour qu\u2019il vieillisse convenablement.<\/p>\n<p style=\"text-align: left;\"><img loading=\"lazy\" class=\"aligncenter wp-image-1606 size-full\" title=\"jardin-chic-meuble-exte\u0301rieur-haut-de-gamme\" src=\"https:\/\/delormdesign.com\/blog\/wp-content\/uploads\/2018\/05\/jardin-chic-meuble-exte\u0301rieur-haut-de-gamme.jpg\" alt=\"jardin-chic-meuble-exte\u0301rieur-haut-de-gamme\" width=\"1140\" height=\"641\" srcset=\"https:\/\/delormdesign.com\/blog\/wp-content\/uploads\/2018\/05\/jardin-chic-meuble-exte\u0301rieur-haut-de-gamme.jpg 1140w, https:\/\/delormdesign.com\/blog\/wp-content\/uploads\/2018\/05\/jardin-chic-meuble-exte\u0301rieur-haut-de-gamme-300x169.jpg 300w, https:\/\/delormdesign.com\/blog\/wp-content\/uploads\/2018\/05\/jardin-chic-meuble-exte\u0301rieur-haut-de-gamme-1024x576.jpg 1024w, https:\/\/delormdesign.com\/blog\/wp-content\/uploads\/2018\/05\/jardin-chic-meuble-exte\u0301rieur-haut-de-gamme-768x432.jpg 768w, https:\/\/delormdesign.com\/blog\/wp-content\/uploads\/2018\/05\/jardin-chic-meuble-exte\u0301rieur-haut-de-gamme-550x309.jpg 550w, https:\/\/delormdesign.com\/blog\/wp-content\/uploads\/2018\/05\/jardin-chic-meuble-exte\u0301rieur-haut-de-gamme-520x292.jpg 520w, https:\/\/delormdesign.com\/blog\/wp-content\/uploads\/2018\/05\/jardin-chic-meuble-exte\u0301rieur-haut-de-gamme-625x351.jpg 625w, https:\/\/delormdesign.com\/blog\/wp-content\/uploads\/2018\/05\/jardin-chic-meuble-exte\u0301rieur-haut-de-gamme-15x8.jpg 15w, https:\/\/delormdesign.com\/blog\/wp-content\/uploads\/2018\/05\/jardin-chic-meuble-exte\u0301rieur-haut-de-gamme-810x455.jpg 810w\" sizes=\"(max-width: 1140px) 100vw, 1140px\" \/><\/p>\n<h2 style=\"text-align: left;\">Les promotions en cours de saison\u00a0: partir \u00e0 la recherche de la petite p\u00e9pite\u2026<\/h2>\n<p style=\"text-align: left;\">Enfin vous pourrez toujours <span style=\"color: #339966;\">b\u00e9n\u00e9ficier de promotions<\/span> au cours du printemps, des remises allant de 5 \u00e0 20% sur des mobiliers en stock ou dont la livraison pourra se tenir dans des d\u00e9lais courts. Ces promotions vaudront pour la plupart sur un nombre restreint de mobiliers, le but \u00e9tant de dynamiser les ventes sur une p\u00e9riode courte. Il s\u2019agira l\u00e0 de saisir l\u2019opportunit\u00e9 au bon moment et de ne pas s\u2019\u00e9terniser dans votre prise de d\u00e9cision.<\/p>\n<p style=\"text-align: left;\">Vous l\u2019avez compris, les opportunit\u00e9s demeurent rares et il faut les saisir au moment venu\u00a0!<\/p>\n<p style=\"text-align: left;\">Que ce soit avant, durant ou hors saison, <strong>nous vous encourageons \u00e0 regarder de pr\u00e8s les caract\u00e9ristiques des mobiliers pour r\u00e9aliser le choix ad\u00e9quat ou vous assurer de r\u00e9aliser une belle affaire<\/strong>. Les baisses de prix tr\u00e8s all\u00e9chantes doivent faire l\u2019objet d\u2019une vigilance toute particuli\u00e8re, la valeur finale du mobilier doit \u00eatre compar\u00e9e \u00e0 celles que vous trouvez sur le march\u00e9 pour une qualit\u00e9 similaire.<\/p>\n<p style=\"text-align: left;\">Pour r\u00e9sumer, le moment d\u2019achat de votre mobilier de jardin d\u00e9pendra principalement de vos attentes\u00a0:<\/p>\n<p style=\"text-align: left;\">&#8211; Hors saison pour profiter du meilleur prix<br \/>\n&#8211; Avant saison pour b\u00e9n\u00e9ficier du plus grand choix<br \/>\n&#8211; Au printemps afin de jouir du d\u00e9lai de livraison le plus court possible.<\/p>\n<p style=\"text-align: left;\"><img loading=\"lazy\" class=\"aligncenter wp-image-1930 size-full\" title=\"banni\u00e8re-salon-jardin-mont\u00e9\" src=\"https:\/\/delormdesign.com\/blog\/wp-content\/uploads\/2019\/03\/banniere-salon-de-jardin-monte.jpg\" alt=\"\" width=\"948\" height=\"192\" srcset=\"https:\/\/delormdesign.com\/blog\/wp-content\/uploads\/2019\/03\/banniere-salon-de-jardin-monte.jpg 948w, https:\/\/delormdesign.com\/blog\/wp-content\/uploads\/2019\/03\/banniere-salon-de-jardin-monte-300x61.jpg 300w, https:\/\/delormdesign.com\/blog\/wp-content\/uploads\/2019\/03\/banniere-salon-de-jardin-monte-768x156.jpg 768w, https:\/\/delormdesign.com\/blog\/wp-content\/uploads\/2019\/03\/banniere-salon-de-jardin-monte-550x111.jpg 550w, https:\/\/delormdesign.com\/blog\/wp-content\/uploads\/2019\/03\/banniere-salon-de-jardin-monte-520x105.jpg 520w, https:\/\/delormdesign.com\/blog\/wp-content\/uploads\/2019\/03\/banniere-salon-de-jardin-monte-625x127.jpg 625w, https:\/\/delormdesign.com\/blog\/wp-content\/uploads\/2019\/03\/banniere-salon-de-jardin-monte-15x3.jpg 15w, https:\/\/delormdesign.com\/blog\/wp-content\/uploads\/2019\/03\/banniere-salon-de-jardin-monte-810x164.jpg 810w\" sizes=\"(max-width: 948px) 100vw, 948px\" \/><\/p>\n<p style=\"text-align: left;\">\n","protected":false},"excerpt":{"rendered":"<p>Meubler l\u2019ext\u00e9rieur de votre maison, votre terrasse ou balcon est aujourd\u2019hui indispensable pour profiter pleinement des beaux jours. Vous pourrez appr\u00e9cier un repas en famille dans le jardin, prendre l\u2019ap\u00e9ritif avec vos amis en terrasse par une belle soir\u00e9e d\u2019\u00e9t\u00e9, enfin tant d\u2019occasions \u00e0 ne pas manquer\u00a0! L\u2019achat du mobilier de jardin reste un poste [&hellip;]<\/p>\n","protected":false},"author":15,"featured_media":1841,"comment_status":"open","ping_status":"open","sticky":false,"template":"","format":"standard","meta":[],"categories":[4,20],"tags":[],"yoast_head":"<!-- This site is optimized with the Yoast SEO plugin v19.3 - https:\/\/yoast.com\/wordpress\/plugins\/seo\/ -->\n<title>Quand acheter son salon de jardin ? &bull; Blog Design Jardin &amp; Int\u00e9rieur | Tendance D\u00e9co<\/title>\n<meta name=\"description\" content=\"L\u2019achat du mobilier de jardin reste un poste de d\u00e9pense, surtout si on se projette sur long terme et que l\u2019on souhaite un mobilier de qualit\u00e9. Nos conseils\" \/>\n<meta name=\"robots\" content=\"index, follow, max-snippet:-1, max-image-preview:large, max-video-preview:-1\" \/>\n<link rel=\"canonical\" href=\"https:\/\/delormdesign.com\/blog\/acheter-salon-de-jardin\/\" \/>\n<meta property=\"og:locale\" content=\"fr_FR\" \/>\n<meta property=\"og:type\" content=\"article\" \/>\n<meta property=\"og:title\" content=\"Quand acheter son salon de jardin ? &bull; Blog Design Jardin &amp; Int\u00e9rieur | Tendance D\u00e9co\" \/>\n<meta property=\"og:description\" content=\"L\u2019achat du mobilier de jardin reste un poste de d\u00e9pense, surtout si on se projette sur long terme et que l\u2019on souhaite un mobilier de qualit\u00e9. Nos conseils\" \/>\n<meta property=\"og:url\" content=\"https:\/\/delormdesign.com\/blog\/acheter-salon-de-jardin\/\" \/>\n<meta property=\"og:site_name\" content=\"Blog Design Jardin &amp; Int\u00e9rieur | Tendance D\u00e9co\" \/>\n<meta property=\"article:publisher\" content=\"https:\/\/www.facebook.com\/delormdesign\/\" \/>\n<meta property=\"article:published_time\" content=\"2019-03-25T15:45:42+00:00\" \/>\n<meta property=\"article:modified_time\" content=\"2022-03-18T09:29:52+00:00\" \/>\n<meta property=\"og:image\" content=\"https:\/\/delormdesign.com\/blog\/wp-content\/uploads\/2019\/03\/quand-acheter-salon-jardin-delormdesign-e1553528538327.jpg\" \/>\n\t<meta property=\"og:image:width\" content=\"1500\" \/>\n\t<meta property=\"og:image:height\" content=\"997\" \/>\n\t<meta property=\"og:image:type\" content=\"image\/jpeg\" \/>\n<meta name=\"author\" content=\"Lea Rigoleta\" \/>\n<meta name=\"twitter:card\" content=\"summary\" \/>\n<meta name=\"twitter:label1\" content=\"Written by\" \/>\n\t<meta name=\"twitter:data1\" content=\"Lea Rigoleta\" \/>\n\t<meta name=\"twitter:label2\" content=\"Est. reading time\" \/>\n\t<meta name=\"twitter:data2\" content=\"5 minutes\" \/>\n<script type=\"application\/ld+json\" class=\"yoast-schema-graph\">{\"@context\":\"https:\/\/schema.org\",\"@graph\":[{\"@type\":\"WebSite\",\"@id\":\"https:\/\/delormdesign.com\/blog\/#website\",\"url\":\"https:\/\/delormdesign.com\/blog\/\",\"name\":\"Blog Design Jardin &amp; Int\u00e9rieur | Tendance D\u00e9co\",\"description\":\"Jardin &amp; Int\u00e9rieur | Tendance D\u00e9co\",\"potentialAction\":[{\"@type\":\"SearchAction\",\"target\":{\"@type\":\"EntryPoint\",\"urlTemplate\":\"https:\/\/delormdesign.com\/blog\/?s={search_term_string}\"},\"query-input\":\"required name=search_term_string\"}],\"inLanguage\":\"fr-FR\"},{\"@type\":\"ImageObject\",\"inLanguage\":\"fr-FR\",\"@id\":\"https:\/\/delormdesign.com\/blog\/acheter-salon-de-jardin\/#primaryimage\",\"url\":\"https:\/\/delormdesign.com\/blog\/wp-content\/uploads\/2019\/03\/quand-acheter-salon-jardin-delormdesign-e1553528538327.jpg\",\"contentUrl\":\"https:\/\/delormdesign.com\/blog\/wp-content\/uploads\/2019\/03\/quand-acheter-salon-jardin-delormdesign-e1553528538327.jpg\",\"width\":1500,\"height\":997,\"caption\":\"quand-acheter-salon-jardin-delormdesign\"},{\"@type\":\"WebPage\",\"@id\":\"https:\/\/delormdesign.com\/blog\/acheter-salon-de-jardin\/\",\"url\":\"https:\/\/delormdesign.com\/blog\/acheter-salon-de-jardin\/\",\"name\":\"Quand acheter son salon de jardin ? &bull; Blog Design Jardin &amp; Int\u00e9rieur | Tendance D\u00e9co\",\"isPartOf\":{\"@id\":\"https:\/\/delormdesign.com\/blog\/#website\"},\"primaryImageOfPage\":{\"@id\":\"https:\/\/delormdesign.com\/blog\/acheter-salon-de-jardin\/#primaryimage\"},\"datePublished\":\"2019-03-25T15:45:42+00:00\",\"dateModified\":\"2022-03-18T09:29:52+00:00\",\"author\":{\"@id\":\"https:\/\/delormdesign.com\/blog\/#\/schema\/person\/a5699d6f4c2058a34009c87a8fb2d503\"},\"description\":\"L\u2019achat du mobilier de jardin reste un poste de d\u00e9pense, surtout si on se projette sur long terme et que l\u2019on souhaite un mobilier de qualit\u00e9. Nos conseils\",\"breadcrumb\":{\"@id\":\"https:\/\/delormdesign.com\/blog\/acheter-salon-de-jardin\/#breadcrumb\"},\"inLanguage\":\"fr-FR\",\"potentialAction\":[{\"@type\":\"ReadAction\",\"target\":[\"https:\/\/delormdesign.com\/blog\/acheter-salon-de-jardin\/\"]}]},{\"@type\":\"BreadcrumbList\",\"@id\":\"https:\/\/delormdesign.com\/blog\/acheter-salon-de-jardin\/#breadcrumb\",\"itemListElement\":[{\"@type\":\"ListItem\",\"position\":1,\"name\":\"Accueil\",\"item\":\"https:\/\/delormdesign.com\/blog\/\"},{\"@type\":\"ListItem\",\"position\":2,\"name\":\"Quand acheter son salon de jardin ?\"}]},{\"@type\":\"Person\",\"@id\":\"https:\/\/delormdesign.com\/blog\/#\/schema\/person\/a5699d6f4c2058a34009c87a8fb2d503\",\"name\":\"Lea Rigoleta\",\"image\":{\"@type\":\"ImageObject\",\"inLanguage\":\"fr-FR\",\"@id\":\"https:\/\/delormdesign.com\/blog\/#\/schema\/person\/image\/\",\"url\":\"https:\/\/secure.gravatar.com\/avatar\/a1e61b97b259452330da26a9d5e3e335?s=96&d=mm&r=g\",\"contentUrl\":\"https:\/\/secure.gravatar.com\/avatar\/a1e61b97b259452330da26a9d5e3e335?s=96&d=mm&r=g\",\"caption\":\"Lea Rigoleta\"},\"url\":\"https:\/\/delormdesign.com\/blog\/author\/l-rigoleta\/\"}]}<\/script>\n<!-- \/ Yoast SEO plugin. -->","yoast_head_json":{"title":"Quand acheter son salon de jardin ? &bull; Blog Design Jardin &amp; Int\u00e9rieur | Tendance D\u00e9co","description":"L\u2019achat du mobilier de jardin reste un poste de d\u00e9pense, surtout si on se projette sur long terme et que l\u2019on souhaite un mobilier de qualit\u00e9. Nos conseils","robots":{"index":"index","follow":"follow","max-snippet":"max-snippet:-1","max-image-preview":"max-image-preview:large","max-video-preview":"max-video-preview:-1"},"canonical":"https:\/\/delormdesign.com\/blog\/acheter-salon-de-jardin\/","og_locale":"fr_FR","og_type":"article","og_title":"Quand acheter son salon de jardin ? &bull; Blog Design Jardin &amp; Int\u00e9rieur | Tendance D\u00e9co","og_description":"L\u2019achat du mobilier de jardin reste un poste de d\u00e9pense, surtout si on se projette sur long terme et que l\u2019on souhaite un mobilier de qualit\u00e9. Nos conseils","og_url":"https:\/\/delormdesign.com\/blog\/acheter-salon-de-jardin\/","og_site_name":"Blog Design Jardin &amp; Int\u00e9rieur | Tendance D\u00e9co","article_publisher":"https:\/\/www.facebook.com\/delormdesign\/","article_published_time":"2019-03-25T15:45:42+00:00","article_modified_time":"2022-03-18T09:29:52+00:00","og_image":[{"width":1500,"height":997,"url":"https:\/\/delormdesign.com\/blog\/wp-content\/uploads\/2019\/03\/quand-acheter-salon-jardin-delormdesign-e1553528538327.jpg","type":"image\/jpeg"}],"author":"Lea Rigoleta","twitter_card":"summary","twitter_misc":{"Written by":"Lea Rigoleta","Est. reading time":"5 minutes"},"schema":{"@context":"https:\/\/schema.org","@graph":[{"@type":"WebSite","@id":"https:\/\/delormdesign.com\/blog\/#website","url":"https:\/\/delormdesign.com\/blog\/","name":"Blog Design Jardin &amp; Int\u00e9rieur | Tendance D\u00e9co","description":"Jardin &amp; Int\u00e9rieur | Tendance D\u00e9co","potentialAction":[{"@type":"SearchAction","target":{"@type":"EntryPoint","urlTemplate":"https:\/\/delormdesign.com\/blog\/?s={search_term_string}"},"query-input":"required name=search_term_string"}],"inLanguage":"fr-FR"},{"@type":"ImageObject","inLanguage":"fr-FR","@id":"https:\/\/delormdesign.com\/blog\/acheter-salon-de-jardin\/#primaryimage","url":"https:\/\/delormdesign.com\/blog\/wp-content\/uploads\/2019\/03\/quand-acheter-salon-jardin-delormdesign-e1553528538327.jpg","contentUrl":"https:\/\/delormdesign.com\/blog\/wp-content\/uploads\/2019\/03\/quand-acheter-salon-jardin-delormdesign-e1553528538327.jpg","width":1500,"height":997,"caption":"quand-acheter-salon-jardin-delormdesign"},{"@type":"WebPage","@id":"https:\/\/delormdesign.com\/blog\/acheter-salon-de-jardin\/","url":"https:\/\/delormdesign.com\/blog\/acheter-salon-de-jardin\/","name":"Quand acheter son salon de jardin ? &bull; Blog Design Jardin &amp; Int\u00e9rieur | Tendance D\u00e9co","isPartOf":{"@id":"https:\/\/delormdesign.com\/blog\/#website"},"primaryImageOfPage":{"@id":"https:\/\/delormdesign.com\/blog\/acheter-salon-de-jardin\/#primaryimage"},"datePublished":"2019-03-25T15:45:42+00:00","dateModified":"2022-03-18T09:29:52+00:00","author":{"@id":"https:\/\/delormdesign.com\/blog\/#\/schema\/person\/a5699d6f4c2058a34009c87a8fb2d503"},"description":"L\u2019achat du mobilier de jardin reste un poste de d\u00e9pense, surtout si on se projette sur long terme et que l\u2019on souhaite un mobilier de qualit\u00e9. Nos conseils","breadcrumb":{"@id":"https:\/\/delormdesign.com\/blog\/acheter-salon-de-jardin\/#breadcrumb"},"inLanguage":"fr-FR","potentialAction":[{"@type":"ReadAction","target":["https:\/\/delormdesign.com\/blog\/acheter-salon-de-jardin\/"]}]},{"@type":"BreadcrumbList","@id":"https:\/\/delormdesign.com\/blog\/acheter-salon-de-jardin\/#breadcrumb","itemListElement":[{"@type":"ListItem","position":1,"name":"Accueil","item":"https:\/\/delormdesign.com\/blog\/"},{"@type":"ListItem","position":2,"name":"Quand acheter son salon de jardin ?"}]},{"@type":"Person","@id":"https:\/\/delormdesign.com\/blog\/#\/schema\/person\/a5699d6f4c2058a34009c87a8fb2d503","name":"Lea Rigoleta","image":{"@type":"ImageObject","inLanguage":"fr-FR","@id":"https:\/\/delormdesign.com\/blog\/#\/schema\/person\/image\/","url":"https:\/\/secure.gravatar.com\/avatar\/a1e61b97b259452330da26a9d5e3e335?s=96&d=mm&r=g","contentUrl":"https:\/\/secure.gravatar.com\/avatar\/a1e61b97b259452330da26a9d5e3e335?s=96&d=mm&r=g","caption":"Lea Rigoleta"},"url":"https:\/\/delormdesign.com\/blog\/author\/l-rigoleta\/"}]}},"amp_enabled":true,"_links":{"self":[{"href":"https:\/\/delormdesign.com\/blog\/wp-json\/wp\/v2\/posts\/1839"}],"collection":[{"href":"https:\/\/delormdesign.com\/blog\/wp-json\/wp\/v2\/posts"}],"about":[{"href":"https:\/\/delormdesign.com\/blog\/wp-json\/wp\/v2\/types\/post"}],"author":[{"embeddable":true,"href":"https:\/\/delormdesign.com\/blog\/wp-json\/wp\/v2\/users\/15"}],"replies":[{"embeddable":true,"href":"https:\/\/delormdesign.com\/blog\/wp-json\/wp\/v2\/comments?post=1839"}],"version-history":[{"count":4,"href":"https:\/\/delormdesign.com\/blog\/wp-json\/wp\/v2\/posts\/1839\/revisions"}],"predecessor-version":[{"id":3145,"href":"https:\/\/delormdesign.com\/blog\/wp-json\/wp\/v2\/posts\/1839\/revisions\/3145"}],"wp:featuredmedia":[{"embeddable":true,"href":"https:\/\/delormdesign.com\/blog\/wp-json\/wp\/v2\/media\/1841"}],"wp:attachment":[{"href":"https:\/\/delormdesign.com\/blog\/wp-json\/wp\/v2\/media?parent=1839"}],"wp:term":[{"taxonomy":"category","embeddable":true,"href":"https:\/\/delormdesign.com\/blog\/wp-json\/wp\/v2\/categories?post=1839"},{"taxonomy":"post_tag","embeddable":true,"href":"https:\/\/delormdesign.com\/blog\/wp-json\/wp\/v2\/tags?post=1839"}],"curies":[{"name":"wp","href":"https:\/\/api.w.org\/{rel}","templated":true}]}}