{"id":2502,"date":"2021-04-19T07:10:58","date_gmt":"2021-04-19T07:10:58","guid":{"rendered":"https:\/\/delormdesign.com\/blog\/?p=2502"},"modified":"2022-03-18T09:29:51","modified_gmt":"2022-03-18T09:29:51","slug":"proteger-salon-de-jardin-du-soleil","status":"publish","type":"post","link":"https:\/\/delormdesign.com\/blog\/proteger-salon-de-jardin-du-soleil\/","title":{"rendered":"Les effets du soleil sur votre salon de jardin"},"content":{"rendered":"\n<p>Votre salon de jardin, vos chaises longues, et votre table \u00e0 manger ext\u00e9rieure sont expos\u00e9s au soleil et aux intemp\u00e9ries tout au long de l\u2019ann\u00e9e. M\u00eame si ces meubles sont con\u00e7us pour r\u00e9sister aux al\u00e9as m\u00e9t\u00e9orologiques, l\u2019exposition prolong\u00e9e aux UV leur cause parfois des dommages irr\u00e9versibles et les ab\u00eeme sur le long terme. Quel est l\u2019impact des UV sur vos meubles ? D\u00e9couvrez nos conseils pour prot\u00e9ger votre salon de jardin du soleil.<\/p>\n\n\n\n<h2>Les dommages caus\u00e9s par le soleil \u00e0 votre mobilier de jardin<\/h2>\n\n\n\n<p>Les rayons UV agissent sur votre mobilier de jardin comme sur la peau. Ils impactent sa couleur, son aspect, et sa r\u00e9sistance, que vos meubles soient en bois, en plastique ou en m\u00e9tal. D\u00e9couvrez comment prot\u00e9ger votre salon de jardin du soleil et de ses rayons UV.<\/p>\n\n\n\n<h3>La d\u00e9coloration de la peinture de vos chaises due au soleil<\/h3>\n\n\n\n<p>Vos chaises en m\u00e9tal peint sont les premi\u00e8res \u00e0 \u00eatre expos\u00e9es au soleil. Tout au long de l\u2019ann\u00e9e, du matin au soir, elles sont touch\u00e9es par les UV. \u00c0 long terme, certaines peintures peuvent p\u00e2lir ou laisser appara\u00eetre des traces de d\u00e9coloration et des cloques. Il est donc important de choisir des chaises ext\u00e9rieures de bonne qualit\u00e9, ou de les rentrer pour les prot\u00e9ger lorsqu\u2019elles ne sont pas utilis\u00e9es.<\/p>\n\n\n\n<p>Une autre solution est d\u2019acheter directement des chaises peintes en epoxy. Cette peinture pr\u00e9sente une haute r\u00e9sistance \u00e0 l\u2019eau, au soleil, aux rayures, et aux produits de nettoyage.<\/p>\n\n\n\n<h3>Les dangers d\u2019un mobilier qui chauffe au soleil<\/h3>\n\n\n\n<p>En plus de modifier l\u2019aspect visuel de votre salon de jardin, les rayons du soleil font chauffer vos meubles, surtout ceux en aluminium ou r\u00e9sine tress\u00e9e fonc\u00e9e. Un bain de soleil ou une table en alu expos\u00e9s toute la journ\u00e9e au soleil d\u2019\u00e9t\u00e9 chauffent, deviennent br\u00fblant et vite inutilisables. Ce qui peut vous d\u00e9ranger lorsque vous souhaitez profiter de votre salon de jardin. Pensez \u00e0 les placer \u00e0 l\u2019ombre d\u2019un arbre, de votre maison ou d\u2019un parasol.<\/p>\n\n\n\n<h3>Les couleurs fonc\u00e9es absorbent les rayons<\/h3>\n\n\n\n<p>Il en va de m\u00eame pour les salons de jardin de couleur fonc\u00e9e longuement expos\u00e9s au soleil. Des tables, fauteuils, et chaises de coloris noir, gris fonc\u00e9, bleu profond ou encore chocolat absorbent les rayons du soleil et chauffer, rendant vos meubles impraticables. Si vous ne pouvez pas prot\u00e9ger votre salon de jardin du soleil en le mettant \u00e0 l\u2019ombre, nous vous conseillons d\u2019opter des couleurs claires, comme du blanc ou du beige. Ces couleurs vont r\u00e9fl\u00e9chir les rayons du soleil, et ainsi \u00e9viter \u00e0 vos coussins et meubles de trop chauffer. Vous pourrez donc en profiter \u00e0 toute heure.<\/p>\n\n\n\n<h2>L\u2019impact des UV sur les mat\u00e9riaux de votre salon de jardin<\/h2>\n\n\n\n<p>Votre salon de jardin subit des dommages lorsqu\u2019il est longuement expos\u00e9 au soleil, et ce quel que soit le mat\u00e9riau utilis\u00e9 pour sa fabrication. D\u00e9couvrez les effets du soleil sur vos meubles, et comment les prot\u00e9ger.<\/p>\n\n\n\n<h3>Prot\u00e9ger un meuble en bois du soleil<\/h3>\n\n\n\n<p>Aucun bois, aussi r\u00e9sistant soit-il, n\u2019est \u00e9pargn\u00e9 par les dommages du soleil. M\u00eame le ch\u00eane et le teck massif sont amen\u00e9s \u00e0 vieillir. \u00c0 force d\u2019exposition, les tanins qui font la robustesse du meuble finissent par s\u2019estomper. Le soleil ass\u00e8che petit \u00e0 petit le bois, causant ainsi l\u2019apparition de fissures dans le meuble d\u00e9shydrat\u00e9.&nbsp;<\/p>\n\n\n\n<p>Le teck massif est un bois tr\u00e8s utilis\u00e9 pour la fabrication de mobilier de jardin. En effet, il est tr\u00e8s r\u00e9sistant \u00e0 l\u2019humidit\u00e9. Malheureusement, lorsqu\u2019il est expos\u00e9 longuement aux UV, il a tendance \u00e0 griser ou p\u00e2lir. Si vous souhaitez conserver la couleur originelle du teck massif, nous vous conseillons d\u2019y appliquer une huile de teck pour prot\u00e9ger votre salon de jardin du soleil.<\/p>\n\n\n\n<h3>Pr\u00e9server votre salon de jardin en r\u00e9sine des UV<\/h3>\n\n\n\n<p>Les <a href=\"https:\/\/delormdesign.com\/148-salon-de-jardin-en-resine-tressee\">salons de jardin en r\u00e9sine tress\u00e9e<\/a> sont faits d\u2019une structure en aluminium recouverte de polyrotin. Plus cette r\u00e9sine est de bonne qualit\u00e9, meilleure est sa r\u00e9sistance aux intemp\u00e9ries et aux UV. Cette longue dur\u00e9e de vie vous permet de laisser votre salon de jardin au soleil sans probl\u00e8me : la r\u00e9sine tress\u00e9e ne se d\u00e9colore pas et ne s\u2019oxyde pas.<\/p>\n\n\n\n<h3>Le parasol : l\u2019indispensable pour ombrager le mobilier en aluminium<\/h3>\n\n\n\n<p>Le mobilier de jardin en alu donne \u00e0 votre terrasse un style contemporain et tendance. Seulement, l\u2019aluminium est un mat\u00e9riau qui chauffe tr\u00e8s vite au soleil, rendant l\u2019utilisation de votre salon de jardin compliqu\u00e9e hors de l\u2019ombre. Nous vous proposons donc d\u2019installer un parasol d\u00e9port\u00e9 afin de cr\u00e9er une zone \u00e0 l\u2019abri des rayons UV.<\/p>\n","protected":false},"excerpt":{"rendered":"<p>Votre salon de jardin, vos chaises longues, et votre table \u00e0 manger ext\u00e9rieure sont expos\u00e9s au soleil et aux intemp\u00e9ries tout au long de l\u2019ann\u00e9e. M\u00eame si ces meubles sont con\u00e7us pour r\u00e9sister aux al\u00e9as m\u00e9t\u00e9orologiques, l\u2019exposition prolong\u00e9e aux UV leur cause parfois des dommages irr\u00e9versibles et les ab\u00eeme sur le long terme. Quel est [&hellip;]<\/p>\n","protected":false},"author":15,"featured_media":2503,"comment_status":"open","ping_status":"open","sticky":false,"template":"","format":"standard","meta":[],"categories":[4,20],"tags":[],"yoast_head":"<!-- This site is optimized with the Yoast SEO plugin v19.3 - https:\/\/yoast.com\/wordpress\/plugins\/seo\/ -->\n<title>Prot\u00e9ger votre salon de jardin du soleil - Blog Jardin &amp; Ext\u00e9rieur<\/title>\n<meta name=\"description\" content=\"D\u00e9couvrez les effets des rayons UV sur votre salon de jardin, et nos conseils pour prot\u00e9ger votre mobilier ext\u00e9rieur du soleil.\" \/>\n<meta name=\"robots\" content=\"index, follow, max-snippet:-1, max-image-preview:large, max-video-preview:-1\" \/>\n<link rel=\"canonical\" href=\"https:\/\/delormdesign.com\/blog\/proteger-salon-de-jardin-du-soleil\/\" \/>\n<meta property=\"og:locale\" content=\"fr_FR\" \/>\n<meta property=\"og:type\" content=\"article\" \/>\n<meta property=\"og:title\" content=\"Prot\u00e9ger votre salon de jardin du soleil - Blog Jardin &amp; Ext\u00e9rieur\" \/>\n<meta property=\"og:description\" content=\"D\u00e9couvrez les effets des rayons UV sur votre salon de jardin, et nos conseils pour prot\u00e9ger votre mobilier ext\u00e9rieur du soleil.\" \/>\n<meta property=\"og:url\" content=\"https:\/\/delormdesign.com\/blog\/proteger-salon-de-jardin-du-soleil\/\" \/>\n<meta property=\"og:site_name\" content=\"Blog Design Jardin &amp; Int\u00e9rieur | Tendance D\u00e9co\" \/>\n<meta property=\"article:publisher\" content=\"https:\/\/www.facebook.com\/delormdesign\/\" \/>\n<meta property=\"article:published_time\" content=\"2021-04-19T07:10:58+00:00\" \/>\n<meta property=\"article:modified_time\" content=\"2022-03-18T09:29:51+00:00\" \/>\n<meta property=\"og:image\" content=\"https:\/\/delormdesign.com\/blog\/wp-content\/uploads\/2021\/04\/proteger-salon-de-jardin-soleil.jpg\" \/>\n\t<meta property=\"og:image:width\" content=\"1000\" \/>\n\t<meta property=\"og:image:height\" content=\"667\" \/>\n\t<meta property=\"og:image:type\" content=\"image\/jpeg\" \/>\n<meta name=\"author\" content=\"Lea Rigoleta\" \/>\n<meta name=\"twitter:card\" content=\"summary\" \/>\n<meta name=\"twitter:label1\" content=\"Written by\" \/>\n\t<meta name=\"twitter:data1\" content=\"Lea Rigoleta\" \/>\n\t<meta name=\"twitter:label2\" content=\"Est. reading time\" \/>\n\t<meta name=\"twitter:data2\" content=\"4 minutes\" \/>\n<script type=\"application\/ld+json\" class=\"yoast-schema-graph\">{\"@context\":\"https:\/\/schema.org\",\"@graph\":[{\"@type\":\"WebSite\",\"@id\":\"https:\/\/delormdesign.com\/blog\/#website\",\"url\":\"https:\/\/delormdesign.com\/blog\/\",\"name\":\"Blog Design Jardin &amp; Int\u00e9rieur | Tendance D\u00e9co\",\"description\":\"Jardin &amp; Int\u00e9rieur | Tendance D\u00e9co\",\"potentialAction\":[{\"@type\":\"SearchAction\",\"target\":{\"@type\":\"EntryPoint\",\"urlTemplate\":\"https:\/\/delormdesign.com\/blog\/?s={search_term_string}\"},\"query-input\":\"required name=search_term_string\"}],\"inLanguage\":\"fr-FR\"},{\"@type\":\"ImageObject\",\"inLanguage\":\"fr-FR\",\"@id\":\"https:\/\/delormdesign.com\/blog\/proteger-salon-de-jardin-du-soleil\/#primaryimage\",\"url\":\"https:\/\/delormdesign.com\/blog\/wp-content\/uploads\/2021\/04\/proteger-salon-de-jardin-soleil.jpg\",\"contentUrl\":\"https:\/\/delormdesign.com\/blog\/wp-content\/uploads\/2021\/04\/proteger-salon-de-jardin-soleil.jpg\",\"width\":1000,\"height\":667,\"caption\":\"prot\u00e9ger son salon de jardin du soleil\"},{\"@type\":\"WebPage\",\"@id\":\"https:\/\/delormdesign.com\/blog\/proteger-salon-de-jardin-du-soleil\/\",\"url\":\"https:\/\/delormdesign.com\/blog\/proteger-salon-de-jardin-du-soleil\/\",\"name\":\"Prot\u00e9ger votre salon de jardin du soleil - Blog Jardin & Ext\u00e9rieur\",\"isPartOf\":{\"@id\":\"https:\/\/delormdesign.com\/blog\/#website\"},\"primaryImageOfPage\":{\"@id\":\"https:\/\/delormdesign.com\/blog\/proteger-salon-de-jardin-du-soleil\/#primaryimage\"},\"datePublished\":\"2021-04-19T07:10:58+00:00\",\"dateModified\":\"2022-03-18T09:29:51+00:00\",\"author\":{\"@id\":\"https:\/\/delormdesign.com\/blog\/#\/schema\/person\/a5699d6f4c2058a34009c87a8fb2d503\"},\"description\":\"D\u00e9couvrez les effets des rayons UV sur votre salon de jardin, et nos conseils pour prot\u00e9ger votre mobilier ext\u00e9rieur du soleil.\",\"breadcrumb\":{\"@id\":\"https:\/\/delormdesign.com\/blog\/proteger-salon-de-jardin-du-soleil\/#breadcrumb\"},\"inLanguage\":\"fr-FR\",\"potentialAction\":[{\"@type\":\"ReadAction\",\"target\":[\"https:\/\/delormdesign.com\/blog\/proteger-salon-de-jardin-du-soleil\/\"]}]},{\"@type\":\"BreadcrumbList\",\"@id\":\"https:\/\/delormdesign.com\/blog\/proteger-salon-de-jardin-du-soleil\/#breadcrumb\",\"itemListElement\":[{\"@type\":\"ListItem\",\"position\":1,\"name\":\"Accueil\",\"item\":\"https:\/\/delormdesign.com\/blog\/\"},{\"@type\":\"ListItem\",\"position\":2,\"name\":\"Les effets du soleil sur votre salon de jardin\"}]},{\"@type\":\"Person\",\"@id\":\"https:\/\/delormdesign.com\/blog\/#\/schema\/person\/a5699d6f4c2058a34009c87a8fb2d503\",\"name\":\"Lea Rigoleta\",\"image\":{\"@type\":\"ImageObject\",\"inLanguage\":\"fr-FR\",\"@id\":\"https:\/\/delormdesign.com\/blog\/#\/schema\/person\/image\/\",\"url\":\"https:\/\/secure.gravatar.com\/avatar\/a1e61b97b259452330da26a9d5e3e335?s=96&d=mm&r=g\",\"contentUrl\":\"https:\/\/secure.gravatar.com\/avatar\/a1e61b97b259452330da26a9d5e3e335?s=96&d=mm&r=g\",\"caption\":\"Lea Rigoleta\"},\"url\":\"https:\/\/delormdesign.com\/blog\/author\/l-rigoleta\/\"}]}<\/script>\n<!-- \/ Yoast SEO plugin. -->","yoast_head_json":{"title":"Prot\u00e9ger votre salon de jardin du soleil - Blog Jardin & Ext\u00e9rieur","description":"D\u00e9couvrez les effets des rayons UV sur votre salon de jardin, et nos conseils pour prot\u00e9ger votre mobilier ext\u00e9rieur du soleil.","robots":{"index":"index","follow":"follow","max-snippet":"max-snippet:-1","max-image-preview":"max-image-preview:large","max-video-preview":"max-video-preview:-1"},"canonical":"https:\/\/delormdesign.com\/blog\/proteger-salon-de-jardin-du-soleil\/","og_locale":"fr_FR","og_type":"article","og_title":"Prot\u00e9ger votre salon de jardin du soleil - Blog Jardin & Ext\u00e9rieur","og_description":"D\u00e9couvrez les effets des rayons UV sur votre salon de jardin, et nos conseils pour prot\u00e9ger votre mobilier ext\u00e9rieur du soleil.","og_url":"https:\/\/delormdesign.com\/blog\/proteger-salon-de-jardin-du-soleil\/","og_site_name":"Blog Design Jardin &amp; Int\u00e9rieur | Tendance D\u00e9co","article_publisher":"https:\/\/www.facebook.com\/delormdesign\/","article_published_time":"2021-04-19T07:10:58+00:00","article_modified_time":"2022-03-18T09:29:51+00:00","og_image":[{"width":1000,"height":667,"url":"https:\/\/delormdesign.com\/blog\/wp-content\/uploads\/2021\/04\/proteger-salon-de-jardin-soleil.jpg","type":"image\/jpeg"}],"author":"Lea Rigoleta","twitter_card":"summary","twitter_misc":{"Written by":"Lea Rigoleta","Est. reading time":"4 minutes"},"schema":{"@context":"https:\/\/schema.org","@graph":[{"@type":"WebSite","@id":"https:\/\/delormdesign.com\/blog\/#website","url":"https:\/\/delormdesign.com\/blog\/","name":"Blog Design Jardin &amp; Int\u00e9rieur | Tendance D\u00e9co","description":"Jardin &amp; Int\u00e9rieur | Tendance D\u00e9co","potentialAction":[{"@type":"SearchAction","target":{"@type":"EntryPoint","urlTemplate":"https:\/\/delormdesign.com\/blog\/?s={search_term_string}"},"query-input":"required name=search_term_string"}],"inLanguage":"fr-FR"},{"@type":"ImageObject","inLanguage":"fr-FR","@id":"https:\/\/delormdesign.com\/blog\/proteger-salon-de-jardin-du-soleil\/#primaryimage","url":"https:\/\/delormdesign.com\/blog\/wp-content\/uploads\/2021\/04\/proteger-salon-de-jardin-soleil.jpg","contentUrl":"https:\/\/delormdesign.com\/blog\/wp-content\/uploads\/2021\/04\/proteger-salon-de-jardin-soleil.jpg","width":1000,"height":667,"caption":"prot\u00e9ger son salon de jardin du soleil"},{"@type":"WebPage","@id":"https:\/\/delormdesign.com\/blog\/proteger-salon-de-jardin-du-soleil\/","url":"https:\/\/delormdesign.com\/blog\/proteger-salon-de-jardin-du-soleil\/","name":"Prot\u00e9ger votre salon de jardin du soleil - Blog Jardin & Ext\u00e9rieur","isPartOf":{"@id":"https:\/\/delormdesign.com\/blog\/#website"},"primaryImageOfPage":{"@id":"https:\/\/delormdesign.com\/blog\/proteger-salon-de-jardin-du-soleil\/#primaryimage"},"datePublished":"2021-04-19T07:10:58+00:00","dateModified":"2022-03-18T09:29:51+00:00","author":{"@id":"https:\/\/delormdesign.com\/blog\/#\/schema\/person\/a5699d6f4c2058a34009c87a8fb2d503"},"description":"D\u00e9couvrez les effets des rayons UV sur votre salon de jardin, et nos conseils pour prot\u00e9ger votre mobilier ext\u00e9rieur du soleil.","breadcrumb":{"@id":"https:\/\/delormdesign.com\/blog\/proteger-salon-de-jardin-du-soleil\/#breadcrumb"},"inLanguage":"fr-FR","potentialAction":[{"@type":"ReadAction","target":["https:\/\/delormdesign.com\/blog\/proteger-salon-de-jardin-du-soleil\/"]}]},{"@type":"BreadcrumbList","@id":"https:\/\/delormdesign.com\/blog\/proteger-salon-de-jardin-du-soleil\/#breadcrumb","itemListElement":[{"@type":"ListItem","position":1,"name":"Accueil","item":"https:\/\/delormdesign.com\/blog\/"},{"@type":"ListItem","position":2,"name":"Les effets du soleil sur votre salon de jardin"}]},{"@type":"Person","@id":"https:\/\/delormdesign.com\/blog\/#\/schema\/person\/a5699d6f4c2058a34009c87a8fb2d503","name":"Lea Rigoleta","image":{"@type":"ImageObject","inLanguage":"fr-FR","@id":"https:\/\/delormdesign.com\/blog\/#\/schema\/person\/image\/","url":"https:\/\/secure.gravatar.com\/avatar\/a1e61b97b259452330da26a9d5e3e335?s=96&d=mm&r=g","contentUrl":"https:\/\/secure.gravatar.com\/avatar\/a1e61b97b259452330da26a9d5e3e335?s=96&d=mm&r=g","caption":"Lea Rigoleta"},"url":"https:\/\/delormdesign.com\/blog\/author\/l-rigoleta\/"}]}},"amp_enabled":true,"_links":{"self":[{"href":"https:\/\/delormdesign.com\/blog\/wp-json\/wp\/v2\/posts\/2502"}],"collection":[{"href":"https:\/\/delormdesign.com\/blog\/wp-json\/wp\/v2\/posts"}],"about":[{"href":"https:\/\/delormdesign.com\/blog\/wp-json\/wp\/v2\/types\/post"}],"author":[{"embeddable":true,"href":"https:\/\/delormdesign.com\/blog\/wp-json\/wp\/v2\/users\/15"}],"replies":[{"embeddable":true,"href":"https:\/\/delormdesign.com\/blog\/wp-json\/wp\/v2\/comments?post=2502"}],"version-history":[{"count":5,"href":"https:\/\/delormdesign.com\/blog\/wp-json\/wp\/v2\/posts\/2502\/revisions"}],"predecessor-version":[{"id":3143,"href":"https:\/\/delormdesign.com\/blog\/wp-json\/wp\/v2\/posts\/2502\/revisions\/3143"}],"wp:featuredmedia":[{"embeddable":true,"href":"https:\/\/delormdesign.com\/blog\/wp-json\/wp\/v2\/media\/2503"}],"wp:attachment":[{"href":"https:\/\/delormdesign.com\/blog\/wp-json\/wp\/v2\/media?parent=2502"}],"wp:term":[{"taxonomy":"category","embeddable":true,"href":"https:\/\/delormdesign.com\/blog\/wp-json\/wp\/v2\/categories?post=2502"},{"taxonomy":"post_tag","embeddable":true,"href":"https:\/\/delormdesign.com\/blog\/wp-json\/wp\/v2\/tags?post=2502"}],"curies":[{"name":"wp","href":"https:\/\/api.w.org\/{rel}","templated":true}]}}