{"id":2751,"date":"2022-03-14T14:15:05","date_gmt":"2022-03-14T14:15:05","guid":{"rendered":"https:\/\/delormdesign.com\/blog\/?p=2751"},"modified":"2022-03-18T09:29:48","modified_gmt":"2022-03-18T09:29:48","slug":"le-salon-de-jardin-en-corde-la-nouvelle-tendance-en-design-dexterieur","status":"publish","type":"post","link":"https:\/\/delormdesign.com\/blog\/le-salon-de-jardin-en-corde-la-nouvelle-tendance-en-design-dexterieur\/","title":{"rendered":"Le salon de jardin en corde : la nouvelle tendance en design d&#8217;ext\u00e9rieur"},"content":{"rendered":"\n<p>Le choix du salon de jardin n\u2019est pas un choix facile. Vous devez prendre en compte votre utilisation, vos go\u00fbts et l\u2019espace dont vous disposez.&nbsp;<\/p>\n\n\n\n<p>La r\u00e9sine tress\u00e9e est l\u2019un des mat\u00e9riaux les plus utilis\u00e9s pour les salons de jardin, mais il existe une nouvelle tendance&nbsp;pour un ext\u00e9rieur design&nbsp;: le salon de jardin en corde. \u00c0 la fois r\u00e9sistant, esth\u00e9tique et \u00e0 prix attractifs, vous pouvez \u00eatre s\u00e9duit par cette alternative.<\/p>\n\n\n\n<p>Delorm design vous fait d\u00e9couvrir le salon de jardin en corde, son prix et sa composition pour vous aider dans votre choix de salon de jardin.<\/p>\n\n\n\n<h2>La composition d\u2019un salon de jardin en corde\u00a0<\/h2>\n\n\n\n<p>Le salon de jardin en corde, comme pour la r\u00e9sine tress\u00e9e, se constitue aussi d\u2019une structure solide pour venir soutenir vos assises (chaises, ou fauteuils) et votre table. En fonction des prix, vous trouverez toutes les <a href=\"https:\/\/delormdesign.com\/blog\/quel-style-pour-un-salon-de-jardin-de-grande-taille\/\" >tailles de salon de jardin<\/a> en corde.<\/p>\n\n\n\n<h3>Une structure solide pour votre salon de jardin<\/h3>\n\n\n\n<p>Comme pour la r\u00e9sine tress\u00e9e, le salon de jardin en corde poss\u00e8de une structure solide. Elle se compose en g\u00e9n\u00e9ral d\u2019acier ou d\u2019aluminium. C\u2019est cette structure qui va rendre votre <a href=\"https:\/\/delormdesign.com\/blog\/salon-jardin-resiste-pluie\/\" >salon de jardin en corde r\u00e9sistant<\/a> ou non.&nbsp;<\/p>\n\n\n\n<p>L\u2019acier est plus int\u00e9ressant, car le prix est moins \u00e9lev\u00e9elev\u00e9 que l\u2019aluminium, mais l\u2019aluminium apporte une solidit\u00e9 en plus, car il r\u00e9siste \u00e0 la pluie et \u00e0 l\u2019humidit\u00e9 et ne va pas rouiller. L\u2019acier risque de rouiller au fil des ans et de fragiliser la structure de votre salon de jardin en corde.<\/p>\n\n\n\n<h3>Du bois pour compl\u00e9ter&nbsp;?&nbsp;<\/h3>\n\n\n\n<p>Le salon de jardin en corde peut aussi se combiner avec d\u2019autres mat\u00e9riaux pour donner un aspect plus harmonieux, naturel ou contemporain en fonction de vos go\u00fbts. Vous pouvez ajouter un canap\u00e9, ou des fauteuil confortable autour de votre table. Parmi les choix vous pouvez avoir une partie de votre salon de jardin en corde<\/p>\n\n\n\n<ul><li>En bois pour renforcer le c\u00f4t\u00e9 naturel et chaleureux. Le plateau de la table ou les pieds de vos fauteuils ou chaises peuvent \u00eatre en bois. Vous aurez le choix avec une grande quantit\u00e9 d\u2019essence de bois<\/li><li>En aluminium&nbsp;: pour donner un c\u00f4t\u00e9 plus design et contemporain \u00e0 votre salon de jardin en corde<\/li><\/ul>\n\n\n\n<p>Les mat\u00e9riaux qui composeront votre salon de jardin en corde d\u00e9pendent de votre budget et de votre style.&nbsp;<\/p>\n\n\n\n<h2>L\u2019entretien d\u2019un salon de jardin en corde<\/h2>\n\n\n\n<p>La corde est, comme la r\u00e9sine tress\u00e9e, une mati\u00e8re synth\u00e9tique. L\u2019entretien est donc facile puisqu\u2019il est inutile de vernir ou de peindre (pour les parties en corde au moins).&nbsp;<\/p>\n\n\n\n<p>Pour l\u2019entretien vous pouvez d\u00e9poussi\u00e9rer ou nettoyer avec un peu d\u2019eau et du savon pour \u00e9liminer toutes les traces. \u00c9vitez touttoute de m\u00eame les produits corrosifs comme la javel, ils risquent de d\u00e9t\u00e9riorer votre corde.<\/p>\n\n\n\n<h3>Un salon de jardin r\u00e9sistant<\/h3>\n\n\n\n<p>Le salon de jardin en corde synth\u00e9tique est r\u00e9sistant. Il peut rester dehors l\u2019hiver \u00e0 condition d\u2019\u00eatre couvert. Comme la r\u00e9sine tress\u00e9e, le salon de jardin en corde r\u00e9siste aux intemp\u00e9ries. Il ne craint pas la pluie et le soleil ne va pas ternir son aspect.&nbsp;<\/p>\n\n\n\n<p>Gr\u00e2ce \u00e0 cette r\u00e9sistance, il peut s\u2019adapter aux petits espaces puisqu\u2019il peut rester dehors.<\/p>\n\n\n\n<h3>Un salon de jardin en corde dehors m\u00eame l\u2019hiver<\/h3>\n\n\n\n<p>Il est toujours conseill\u00e9 de rentrer son salon de jardin l\u2019hiver et de le stocker dans un endroit sec. Mais ce n\u2019est pas toujours possible.&nbsp;<\/p>\n\n\n\n<p>Le salon de jardin en corde peut tr\u00e8s bien rester dehors surtout s\u2019il se compose de corde et d\u2019aluminium. Pensez \u00e0 bien le couvrir avec une housse sp\u00e9cialis\u00e9e \u00e0 la fois \u00e9tanche et ventil\u00e9e pour \u00e9viter la condensation.&nbsp;<\/p>\n\n\n\n<p>Attention tout de m\u00eame si votre salon de jardin en corde poss\u00e8de des parties en bois, il risque d\u2019\u00eatre plus vuln\u00e9rable. Si vous le laissez dehors l\u2019hiver, pensez \u00e0 bien&nbsp; huiler vernir votre bois pour renforcer sa r\u00e9sistance et \u00e9viter qu\u2019il ne moisisse.<\/p>\n\n\n\n<h2>Un salon de jardin pour tous les espaces<\/h2>\n\n\n\n<p>Le salon de jardin en corde se d\u00e9cline dans toutes les tailles et tous les prix. Vous pouvez tr\u00e8s bien choisir un petit salon de jardin en corde deux personnes et aller jusqu\u2019\u00e0 12 personnes pour accueillir toute la famille et les amies. Canap\u00e9, fauteuils, chaises et table, composez votre salon de jardin en corde comme vous le souhaitez.<\/p>\n","protected":false},"excerpt":{"rendered":"<p>Le choix du salon de jardin n\u2019est pas un choix facile. Vous devez prendre en compte votre utilisation, vos go\u00fbts et l\u2019espace dont vous disposez.&nbsp; La r\u00e9sine tress\u00e9e est l\u2019un des mat\u00e9riaux les plus utilis\u00e9s pour les salons de jardin, mais il existe une nouvelle tendance&nbsp;pour un ext\u00e9rieur design&nbsp;: le salon de jardin en corde. [&hellip;]<\/p>\n","protected":false},"author":15,"featured_media":2500,"comment_status":"open","ping_status":"open","sticky":false,"template":"","format":"standard","meta":[],"categories":[20],"tags":[],"yoast_head":"<!-- This site is optimized with the Yoast SEO plugin v19.3 - https:\/\/yoast.com\/wordpress\/plugins\/seo\/ -->\n<title>Le salon de jardin en corde : tendance en design | Delorm Design<\/title>\n<meta name=\"description\" content=\"Le salon de jardin en corde est une alternative \u00e0 la r\u00e9sine tress\u00e9e. Son aspect contemporain et sa solidit\u00e9 le rendent int\u00e9ressant pour votre ext\u00e9rieur.\" \/>\n<meta name=\"robots\" content=\"index, follow, max-snippet:-1, max-image-preview:large, max-video-preview:-1\" \/>\n<link rel=\"canonical\" href=\"https:\/\/delormdesign.com\/blog\/le-salon-de-jardin-en-corde-la-nouvelle-tendance-en-design-dexterieur\/\" \/>\n<meta property=\"og:locale\" content=\"fr_FR\" \/>\n<meta property=\"og:type\" content=\"article\" \/>\n<meta property=\"og:title\" content=\"Le salon de jardin en corde : tendance en design | Delorm Design\" \/>\n<meta property=\"og:description\" content=\"Le salon de jardin en corde est une alternative \u00e0 la r\u00e9sine tress\u00e9e. Son aspect contemporain et sa solidit\u00e9 le rendent int\u00e9ressant pour votre ext\u00e9rieur.\" \/>\n<meta property=\"og:url\" content=\"https:\/\/delormdesign.com\/blog\/le-salon-de-jardin-en-corde-la-nouvelle-tendance-en-design-dexterieur\/\" \/>\n<meta property=\"og:site_name\" content=\"Blog Design Jardin &amp; Int\u00e9rieur | Tendance D\u00e9co\" \/>\n<meta property=\"article:publisher\" content=\"https:\/\/www.facebook.com\/delormdesign\/\" \/>\n<meta property=\"article:published_time\" content=\"2022-03-14T14:15:05+00:00\" \/>\n<meta property=\"article:modified_time\" content=\"2022-03-18T09:29:48+00:00\" \/>\n<meta property=\"og:image\" content=\"https:\/\/delormdesign.com\/blog\/wp-content\/uploads\/2021\/04\/tendance-deco-rotin.jpg\" \/>\n\t<meta property=\"og:image:width\" content=\"1100\" \/>\n\t<meta property=\"og:image:height\" content=\"733\" \/>\n\t<meta property=\"og:image:type\" content=\"image\/jpeg\" \/>\n<meta name=\"author\" content=\"Lea Rigoleta\" \/>\n<meta name=\"twitter:card\" content=\"summary\" \/>\n<meta name=\"twitter:label1\" content=\"Written by\" \/>\n\t<meta name=\"twitter:data1\" content=\"Lea Rigoleta\" \/>\n\t<meta name=\"twitter:label2\" content=\"Est. reading time\" \/>\n\t<meta name=\"twitter:data2\" content=\"4 minutes\" \/>\n<script type=\"application\/ld+json\" class=\"yoast-schema-graph\">{\"@context\":\"https:\/\/schema.org\",\"@graph\":[{\"@type\":\"WebSite\",\"@id\":\"https:\/\/delormdesign.com\/blog\/#website\",\"url\":\"https:\/\/delormdesign.com\/blog\/\",\"name\":\"Blog Design Jardin &amp; Int\u00e9rieur | Tendance D\u00e9co\",\"description\":\"Jardin &amp; Int\u00e9rieur | Tendance D\u00e9co\",\"potentialAction\":[{\"@type\":\"SearchAction\",\"target\":{\"@type\":\"EntryPoint\",\"urlTemplate\":\"https:\/\/delormdesign.com\/blog\/?s={search_term_string}\"},\"query-input\":\"required name=search_term_string\"}],\"inLanguage\":\"fr-FR\"},{\"@type\":\"ImageObject\",\"inLanguage\":\"fr-FR\",\"@id\":\"https:\/\/delormdesign.com\/blog\/le-salon-de-jardin-en-corde-la-nouvelle-tendance-en-design-dexterieur\/#primaryimage\",\"url\":\"https:\/\/delormdesign.com\/blog\/wp-content\/uploads\/2021\/04\/tendance-deco-rotin.jpg\",\"contentUrl\":\"https:\/\/delormdesign.com\/blog\/wp-content\/uploads\/2021\/04\/tendance-deco-rotin.jpg\",\"width\":1100,\"height\":733,\"caption\":\"salon de jardin tendance d\u00e9co rotin\"},{\"@type\":\"WebPage\",\"@id\":\"https:\/\/delormdesign.com\/blog\/le-salon-de-jardin-en-corde-la-nouvelle-tendance-en-design-dexterieur\/\",\"url\":\"https:\/\/delormdesign.com\/blog\/le-salon-de-jardin-en-corde-la-nouvelle-tendance-en-design-dexterieur\/\",\"name\":\"Le salon de jardin en corde : tendance en design | Delorm Design\",\"isPartOf\":{\"@id\":\"https:\/\/delormdesign.com\/blog\/#website\"},\"primaryImageOfPage\":{\"@id\":\"https:\/\/delormdesign.com\/blog\/le-salon-de-jardin-en-corde-la-nouvelle-tendance-en-design-dexterieur\/#primaryimage\"},\"datePublished\":\"2022-03-14T14:15:05+00:00\",\"dateModified\":\"2022-03-18T09:29:48+00:00\",\"author\":{\"@id\":\"https:\/\/delormdesign.com\/blog\/#\/schema\/person\/a5699d6f4c2058a34009c87a8fb2d503\"},\"description\":\"Le salon de jardin en corde est une alternative \u00e0 la r\u00e9sine tress\u00e9e. Son aspect contemporain et sa solidit\u00e9 le rendent int\u00e9ressant pour votre ext\u00e9rieur.\",\"breadcrumb\":{\"@id\":\"https:\/\/delormdesign.com\/blog\/le-salon-de-jardin-en-corde-la-nouvelle-tendance-en-design-dexterieur\/#breadcrumb\"},\"inLanguage\":\"fr-FR\",\"potentialAction\":[{\"@type\":\"ReadAction\",\"target\":[\"https:\/\/delormdesign.com\/blog\/le-salon-de-jardin-en-corde-la-nouvelle-tendance-en-design-dexterieur\/\"]}]},{\"@type\":\"BreadcrumbList\",\"@id\":\"https:\/\/delormdesign.com\/blog\/le-salon-de-jardin-en-corde-la-nouvelle-tendance-en-design-dexterieur\/#breadcrumb\",\"itemListElement\":[{\"@type\":\"ListItem\",\"position\":1,\"name\":\"Accueil\",\"item\":\"https:\/\/delormdesign.com\/blog\/\"},{\"@type\":\"ListItem\",\"position\":2,\"name\":\"Le salon de jardin en corde : la nouvelle tendance en design d&#8217;ext\u00e9rieur\"}]},{\"@type\":\"Person\",\"@id\":\"https:\/\/delormdesign.com\/blog\/#\/schema\/person\/a5699d6f4c2058a34009c87a8fb2d503\",\"name\":\"Lea Rigoleta\",\"image\":{\"@type\":\"ImageObject\",\"inLanguage\":\"fr-FR\",\"@id\":\"https:\/\/delormdesign.com\/blog\/#\/schema\/person\/image\/\",\"url\":\"https:\/\/secure.gravatar.com\/avatar\/a1e61b97b259452330da26a9d5e3e335?s=96&d=mm&r=g\",\"contentUrl\":\"https:\/\/secure.gravatar.com\/avatar\/a1e61b97b259452330da26a9d5e3e335?s=96&d=mm&r=g\",\"caption\":\"Lea Rigoleta\"},\"url\":\"https:\/\/delormdesign.com\/blog\/author\/l-rigoleta\/\"}]}<\/script>\n<!-- \/ Yoast SEO plugin. -->","yoast_head_json":{"title":"Le salon de jardin en corde : tendance en design | Delorm Design","description":"Le salon de jardin en corde est une alternative \u00e0 la r\u00e9sine tress\u00e9e. Son aspect contemporain et sa solidit\u00e9 le rendent int\u00e9ressant pour votre ext\u00e9rieur.","robots":{"index":"index","follow":"follow","max-snippet":"max-snippet:-1","max-image-preview":"max-image-preview:large","max-video-preview":"max-video-preview:-1"},"canonical":"https:\/\/delormdesign.com\/blog\/le-salon-de-jardin-en-corde-la-nouvelle-tendance-en-design-dexterieur\/","og_locale":"fr_FR","og_type":"article","og_title":"Le salon de jardin en corde : tendance en design | Delorm Design","og_description":"Le salon de jardin en corde est une alternative \u00e0 la r\u00e9sine tress\u00e9e. Son aspect contemporain et sa solidit\u00e9 le rendent int\u00e9ressant pour votre ext\u00e9rieur.","og_url":"https:\/\/delormdesign.com\/blog\/le-salon-de-jardin-en-corde-la-nouvelle-tendance-en-design-dexterieur\/","og_site_name":"Blog Design Jardin &amp; Int\u00e9rieur | Tendance D\u00e9co","article_publisher":"https:\/\/www.facebook.com\/delormdesign\/","article_published_time":"2022-03-14T14:15:05+00:00","article_modified_time":"2022-03-18T09:29:48+00:00","og_image":[{"width":1100,"height":733,"url":"https:\/\/delormdesign.com\/blog\/wp-content\/uploads\/2021\/04\/tendance-deco-rotin.jpg","type":"image\/jpeg"}],"author":"Lea Rigoleta","twitter_card":"summary","twitter_misc":{"Written by":"Lea Rigoleta","Est. reading time":"4 minutes"},"schema":{"@context":"https:\/\/schema.org","@graph":[{"@type":"WebSite","@id":"https:\/\/delormdesign.com\/blog\/#website","url":"https:\/\/delormdesign.com\/blog\/","name":"Blog Design Jardin &amp; Int\u00e9rieur | Tendance D\u00e9co","description":"Jardin &amp; Int\u00e9rieur | Tendance D\u00e9co","potentialAction":[{"@type":"SearchAction","target":{"@type":"EntryPoint","urlTemplate":"https:\/\/delormdesign.com\/blog\/?s={search_term_string}"},"query-input":"required name=search_term_string"}],"inLanguage":"fr-FR"},{"@type":"ImageObject","inLanguage":"fr-FR","@id":"https:\/\/delormdesign.com\/blog\/le-salon-de-jardin-en-corde-la-nouvelle-tendance-en-design-dexterieur\/#primaryimage","url":"https:\/\/delormdesign.com\/blog\/wp-content\/uploads\/2021\/04\/tendance-deco-rotin.jpg","contentUrl":"https:\/\/delormdesign.com\/blog\/wp-content\/uploads\/2021\/04\/tendance-deco-rotin.jpg","width":1100,"height":733,"caption":"salon de jardin tendance d\u00e9co rotin"},{"@type":"WebPage","@id":"https:\/\/delormdesign.com\/blog\/le-salon-de-jardin-en-corde-la-nouvelle-tendance-en-design-dexterieur\/","url":"https:\/\/delormdesign.com\/blog\/le-salon-de-jardin-en-corde-la-nouvelle-tendance-en-design-dexterieur\/","name":"Le salon de jardin en corde : tendance en design | Delorm Design","isPartOf":{"@id":"https:\/\/delormdesign.com\/blog\/#website"},"primaryImageOfPage":{"@id":"https:\/\/delormdesign.com\/blog\/le-salon-de-jardin-en-corde-la-nouvelle-tendance-en-design-dexterieur\/#primaryimage"},"datePublished":"2022-03-14T14:15:05+00:00","dateModified":"2022-03-18T09:29:48+00:00","author":{"@id":"https:\/\/delormdesign.com\/blog\/#\/schema\/person\/a5699d6f4c2058a34009c87a8fb2d503"},"description":"Le salon de jardin en corde est une alternative \u00e0 la r\u00e9sine tress\u00e9e. Son aspect contemporain et sa solidit\u00e9 le rendent int\u00e9ressant pour votre ext\u00e9rieur.","breadcrumb":{"@id":"https:\/\/delormdesign.com\/blog\/le-salon-de-jardin-en-corde-la-nouvelle-tendance-en-design-dexterieur\/#breadcrumb"},"inLanguage":"fr-FR","potentialAction":[{"@type":"ReadAction","target":["https:\/\/delormdesign.com\/blog\/le-salon-de-jardin-en-corde-la-nouvelle-tendance-en-design-dexterieur\/"]}]},{"@type":"BreadcrumbList","@id":"https:\/\/delormdesign.com\/blog\/le-salon-de-jardin-en-corde-la-nouvelle-tendance-en-design-dexterieur\/#breadcrumb","itemListElement":[{"@type":"ListItem","position":1,"name":"Accueil","item":"https:\/\/delormdesign.com\/blog\/"},{"@type":"ListItem","position":2,"name":"Le salon de jardin en corde : la nouvelle tendance en design d&#8217;ext\u00e9rieur"}]},{"@type":"Person","@id":"https:\/\/delormdesign.com\/blog\/#\/schema\/person\/a5699d6f4c2058a34009c87a8fb2d503","name":"Lea Rigoleta","image":{"@type":"ImageObject","inLanguage":"fr-FR","@id":"https:\/\/delormdesign.com\/blog\/#\/schema\/person\/image\/","url":"https:\/\/secure.gravatar.com\/avatar\/a1e61b97b259452330da26a9d5e3e335?s=96&d=mm&r=g","contentUrl":"https:\/\/secure.gravatar.com\/avatar\/a1e61b97b259452330da26a9d5e3e335?s=96&d=mm&r=g","caption":"Lea Rigoleta"},"url":"https:\/\/delormdesign.com\/blog\/author\/l-rigoleta\/"}]}},"amp_enabled":true,"_links":{"self":[{"href":"https:\/\/delormdesign.com\/blog\/wp-json\/wp\/v2\/posts\/2751"}],"collection":[{"href":"https:\/\/delormdesign.com\/blog\/wp-json\/wp\/v2\/posts"}],"about":[{"href":"https:\/\/delormdesign.com\/blog\/wp-json\/wp\/v2\/types\/post"}],"author":[{"embeddable":true,"href":"https:\/\/delormdesign.com\/blog\/wp-json\/wp\/v2\/users\/15"}],"replies":[{"embeddable":true,"href":"https:\/\/delormdesign.com\/blog\/wp-json\/wp\/v2\/comments?post=2751"}],"version-history":[{"count":6,"href":"https:\/\/delormdesign.com\/blog\/wp-json\/wp\/v2\/posts\/2751\/revisions"}],"predecessor-version":[{"id":3138,"href":"https:\/\/delormdesign.com\/blog\/wp-json\/wp\/v2\/posts\/2751\/revisions\/3138"}],"wp:featuredmedia":[{"embeddable":true,"href":"https:\/\/delormdesign.com\/blog\/wp-json\/wp\/v2\/media\/2500"}],"wp:attachment":[{"href":"https:\/\/delormdesign.com\/blog\/wp-json\/wp\/v2\/media?parent=2751"}],"wp:term":[{"taxonomy":"category","embeddable":true,"href":"https:\/\/delormdesign.com\/blog\/wp-json\/wp\/v2\/categories?post=2751"},{"taxonomy":"post_tag","embeddable":true,"href":"https:\/\/delormdesign.com\/blog\/wp-json\/wp\/v2\/tags?post=2751"}],"curies":[{"name":"wp","href":"https:\/\/api.w.org\/{rel}","templated":true}]}}