{"id":2798,"date":"2022-03-15T15:54:35","date_gmt":"2022-03-15T15:54:35","guid":{"rendered":"https:\/\/delormdesign.com\/blog\/?p=2798"},"modified":"2022-03-18T09:29:46","modified_gmt":"2022-03-18T09:29:46","slug":"comment-bien-amenager-sa-veranda","status":"publish","type":"post","link":"https:\/\/delormdesign.com\/blog\/comment-bien-amenager-sa-veranda\/","title":{"rendered":"Comment bien am\u00e9nager sa v\u00e9randa"},"content":{"rendered":"\n<p>La v\u00e9randa est une v\u00e9ritable pi\u00e8ce \u00e0 vivre suppl\u00e9mentaire. En fonction de vos besoins vous pouvez en faire une salle manger, un salon, une pi\u00e8ce \u00e0 vivre et m\u00eame une cuisine. Vos envies et l\u2019am\u00e9nagement de votre v\u00e9randa d\u00e9pendent de plusieurs facteurs. Delorm Design donne des id\u00e9es pour am\u00e9nager votre v\u00e9randa.<\/p>\n\n\n\n<h2>Am\u00e9liorer le confort de votre v\u00e9randa&nbsp;<\/h2>\n\n\n\n<p>La v\u00e9randa est un entre-deux, entre le jardin et la maison. Mais en fonction de son am\u00e9nagement, vous pouvez y faire une extension soit jardin, soit de la maison. Voici quelques conseils pour am\u00e9liorer le confort dans votre v\u00e9randa&nbsp;:<\/p>\n\n\n\n<ul><li>Optimisez la lumi\u00e8re&nbsp;: c\u2019est le principal atout d\u2019une v\u00e9randa, elle doit faire entrer un maximum de lumi\u00e8re<\/li><li>Choisissez bien le vitrage&nbsp;: pour \u00e9viter d\u2019avoir trop froid l\u2019hiver et trop chaud l\u2019\u00e9t\u00e9<\/li><li>Chauffez la v\u00e9randa&nbsp;: le chauffage est essentiel pour viabiliser votre v\u00e9randa<\/li><li>Pensez \u00e0 l\u2019isolation<\/li><\/ul>\n\n\n\n<h2>Une v\u00e9randa en fonction de vos besoins&nbsp;:<\/h2>\n\n\n\n<p>Parce que les possibilit\u00e9s sont infinies, Delorm Design vous donne quelques id\u00e9es pour l\u2019am\u00e9nagement de votre v\u00e9randa&nbsp;:<\/p>\n\n\n\n<h3>Une extension du jardin&nbsp;:<\/h3>\n\n\n\n<p>Si vous d\u00e9cidez d\u2019en faire une extension du jardin, les travaux seront moins importants. Inutile de chauffer, de mettre du double vitrage ou d\u2019isoler votre v\u00e9randa. En choisissant cette option, vous privil\u00e9giez le c\u00f4t\u00e9 nature. Attention toutefois, m\u00eame si votre v\u00e9randa est accessible toute l\u2019ann\u00e9e, durant la p\u00e9riode de grand froid, elle risque de ne pas \u00eatre confortable.<\/p>\n\n\n\n<h3>Transformer sa v\u00e9randa en terrasse ext\u00e9rieure&nbsp;:<\/h3>\n\n\n\n<p>Comme pour l\u2019extension du jardin, si vous <a href=\"https:\/\/delormdesign.com\/blog\/salon-jardin-petite-terrasse\/\" >choisissez de faire de votre v\u00e9randa une terrasse<\/a> ext\u00e9rieure, pas besoin d\u2019isoler ou de chauffer, mais la v\u00e9randa risque d\u2019\u00eatre indisponible \u00e0 certains moments de l\u2019ann\u00e9e.<\/p>\n\n\n\n<h3>Transformer le salon en v\u00e9randa&nbsp;:<\/h3>\n\n\n\n<p>Installer un salon dans la v\u00e9randa est appr\u00e9ciable. Cela permet de profiter au maximum du soleil toute l\u2019ann\u00e9e&nbsp;! Privil\u00e9giez le double vitrage et une bonne isolation. Nous vous conseillons aussi de chauffer pour avoir acc\u00e8s \u00e0 votre salon dans la v\u00e9randa \u00e0 n\u2019importe quel moment de l\u2019ann\u00e9e.<\/p>\n\n\n\n<p>Astuce&nbsp;: Installez des stores ou des volets si vous envisagez d\u2019y faire un coin audiovisuel pour \u00e9viter les reflets sur vos \u00e9crans.<\/p>\n\n\n\n<h3>Une cuisine dans la v\u00e9randa&nbsp;:<\/h3>\n\n\n\n<p>Installer votre cuisine dans la v\u00e9randa permet d\u2019accueillir vos invit\u00e9s dans des conditions chaleureuses. La cuisine dans la v\u00e9randa demande des travaux \u00e0 la fois pour l\u2019\u00e9lectrom\u00e9nager, mais aussi pour la ventilation, l\u2019isolation et le chauffage. Mais le charme d\u2019une cuisine dans la v\u00e9randa est assur\u00e9.<\/p>\n\n\n\n<p>Petit plus&nbsp;: l\u2019am\u00e9nagement d\u2019un \u00eelot central et de meubles lumineux rendront votre pi\u00e8ce conviviale, id\u00e9al pour passer des moments en famille ou entre amis.<\/p>\n\n\n\n<h3>La v\u00e9randa comme extension de la maison&nbsp;:<\/h3>\n\n\n\n<p>La v\u00e9randa peut aussi \u00eatre une v\u00e9ritable extension de la maison. Vous pouvez y installer le salon ou la cuisine, mais aussi une chambre, une biblioth\u00e8que, un bureau ou toute autre pi\u00e8ce. Avec son acc\u00e8s direct au jardin, la v\u00e9randa est d\u00e9finitivement un plus pour votre maison. Elle renforce le bien-\u00eatre avec son apport en lumi\u00e8re.<\/p>\n","protected":false},"excerpt":{"rendered":"<p>La v\u00e9randa est une v\u00e9ritable pi\u00e8ce \u00e0 vivre suppl\u00e9mentaire. En fonction de vos besoins vous pouvez en faire une salle manger, un salon, une pi\u00e8ce \u00e0 vivre et m\u00eame une cuisine. Vos envies et l\u2019am\u00e9nagement de votre v\u00e9randa d\u00e9pendent de plusieurs facteurs. Delorm Design donne des id\u00e9es pour am\u00e9nager votre v\u00e9randa. Am\u00e9liorer le confort de [&hellip;]<\/p>\n","protected":false},"author":15,"featured_media":2800,"comment_status":"open","ping_status":"open","sticky":false,"template":"","format":"standard","meta":[],"categories":[20],"tags":[],"yoast_head":"<!-- This site is optimized with the Yoast SEO plugin v19.3 - https:\/\/yoast.com\/wordpress\/plugins\/seo\/ -->\n<title>Comment bien am\u00e9nager sa v\u00e9randa ? | Delorm Design<\/title>\n<meta name=\"description\" content=\"La v\u00e9randa est une v\u00e9ritable extension de la maison, vous pouvez en faire une salle \u00e0 manger ou une pi\u00e8ce \u00e0 vivre en fonction de vos besoins\" \/>\n<meta name=\"robots\" content=\"index, follow, max-snippet:-1, max-image-preview:large, max-video-preview:-1\" \/>\n<link rel=\"canonical\" href=\"https:\/\/delormdesign.com\/blog\/comment-bien-amenager-sa-veranda\/\" \/>\n<meta property=\"og:locale\" content=\"fr_FR\" \/>\n<meta property=\"og:type\" content=\"article\" \/>\n<meta property=\"og:title\" content=\"Comment bien am\u00e9nager sa v\u00e9randa ? | Delorm Design\" \/>\n<meta property=\"og:description\" content=\"La v\u00e9randa est une v\u00e9ritable extension de la maison, vous pouvez en faire une salle \u00e0 manger ou une pi\u00e8ce \u00e0 vivre en fonction de vos besoins\" \/>\n<meta property=\"og:url\" content=\"https:\/\/delormdesign.com\/blog\/comment-bien-amenager-sa-veranda\/\" \/>\n<meta property=\"og:site_name\" content=\"Blog Design Jardin &amp; Int\u00e9rieur | Tendance D\u00e9co\" \/>\n<meta property=\"article:publisher\" content=\"https:\/\/www.facebook.com\/delormdesign\/\" \/>\n<meta property=\"article:published_time\" content=\"2022-03-15T15:54:35+00:00\" \/>\n<meta property=\"article:modified_time\" content=\"2022-03-18T09:29:46+00:00\" \/>\n<meta property=\"og:image\" content=\"https:\/\/delormdesign.com\/blog\/wp-content\/uploads\/2022\/03\/salon-jardin-veranda.jpg\" \/>\n\t<meta property=\"og:image:width\" content=\"738\" \/>\n\t<meta property=\"og:image:height\" content=\"513\" \/>\n\t<meta property=\"og:image:type\" content=\"image\/jpeg\" \/>\n<meta name=\"author\" content=\"Lea Rigoleta\" \/>\n<meta name=\"twitter:card\" content=\"summary\" \/>\n<meta name=\"twitter:label1\" content=\"Written by\" \/>\n\t<meta name=\"twitter:data1\" content=\"Lea Rigoleta\" \/>\n\t<meta name=\"twitter:label2\" content=\"Est. reading time\" \/>\n\t<meta name=\"twitter:data2\" content=\"3 minutes\" \/>\n<script type=\"application\/ld+json\" class=\"yoast-schema-graph\">{\"@context\":\"https:\/\/schema.org\",\"@graph\":[{\"@type\":\"WebSite\",\"@id\":\"https:\/\/delormdesign.com\/blog\/#website\",\"url\":\"https:\/\/delormdesign.com\/blog\/\",\"name\":\"Blog Design Jardin &amp; Int\u00e9rieur | Tendance D\u00e9co\",\"description\":\"Jardin &amp; Int\u00e9rieur | Tendance D\u00e9co\",\"potentialAction\":[{\"@type\":\"SearchAction\",\"target\":{\"@type\":\"EntryPoint\",\"urlTemplate\":\"https:\/\/delormdesign.com\/blog\/?s={search_term_string}\"},\"query-input\":\"required name=search_term_string\"}],\"inLanguage\":\"fr-FR\"},{\"@type\":\"ImageObject\",\"inLanguage\":\"fr-FR\",\"@id\":\"https:\/\/delormdesign.com\/blog\/comment-bien-amenager-sa-veranda\/#primaryimage\",\"url\":\"https:\/\/delormdesign.com\/blog\/wp-content\/uploads\/2022\/03\/salon-jardin-veranda.jpg\",\"contentUrl\":\"https:\/\/delormdesign.com\/blog\/wp-content\/uploads\/2022\/03\/salon-jardin-veranda.jpg\",\"width\":738,\"height\":513},{\"@type\":\"WebPage\",\"@id\":\"https:\/\/delormdesign.com\/blog\/comment-bien-amenager-sa-veranda\/\",\"url\":\"https:\/\/delormdesign.com\/blog\/comment-bien-amenager-sa-veranda\/\",\"name\":\"Comment bien am\u00e9nager sa v\u00e9randa ? | Delorm Design\",\"isPartOf\":{\"@id\":\"https:\/\/delormdesign.com\/blog\/#website\"},\"primaryImageOfPage\":{\"@id\":\"https:\/\/delormdesign.com\/blog\/comment-bien-amenager-sa-veranda\/#primaryimage\"},\"datePublished\":\"2022-03-15T15:54:35+00:00\",\"dateModified\":\"2022-03-18T09:29:46+00:00\",\"author\":{\"@id\":\"https:\/\/delormdesign.com\/blog\/#\/schema\/person\/a5699d6f4c2058a34009c87a8fb2d503\"},\"description\":\"La v\u00e9randa est une v\u00e9ritable extension de la maison, vous pouvez en faire une salle \u00e0 manger ou une pi\u00e8ce \u00e0 vivre en fonction de vos besoins\",\"breadcrumb\":{\"@id\":\"https:\/\/delormdesign.com\/blog\/comment-bien-amenager-sa-veranda\/#breadcrumb\"},\"inLanguage\":\"fr-FR\",\"potentialAction\":[{\"@type\":\"ReadAction\",\"target\":[\"https:\/\/delormdesign.com\/blog\/comment-bien-amenager-sa-veranda\/\"]}]},{\"@type\":\"BreadcrumbList\",\"@id\":\"https:\/\/delormdesign.com\/blog\/comment-bien-amenager-sa-veranda\/#breadcrumb\",\"itemListElement\":[{\"@type\":\"ListItem\",\"position\":1,\"name\":\"Accueil\",\"item\":\"https:\/\/delormdesign.com\/blog\/\"},{\"@type\":\"ListItem\",\"position\":2,\"name\":\"Comment bien am\u00e9nager sa v\u00e9randa\"}]},{\"@type\":\"Person\",\"@id\":\"https:\/\/delormdesign.com\/blog\/#\/schema\/person\/a5699d6f4c2058a34009c87a8fb2d503\",\"name\":\"Lea Rigoleta\",\"image\":{\"@type\":\"ImageObject\",\"inLanguage\":\"fr-FR\",\"@id\":\"https:\/\/delormdesign.com\/blog\/#\/schema\/person\/image\/\",\"url\":\"https:\/\/secure.gravatar.com\/avatar\/a1e61b97b259452330da26a9d5e3e335?s=96&d=mm&r=g\",\"contentUrl\":\"https:\/\/secure.gravatar.com\/avatar\/a1e61b97b259452330da26a9d5e3e335?s=96&d=mm&r=g\",\"caption\":\"Lea Rigoleta\"},\"url\":\"https:\/\/delormdesign.com\/blog\/author\/l-rigoleta\/\"}]}<\/script>\n<!-- \/ Yoast SEO plugin. -->","yoast_head_json":{"title":"Comment bien am\u00e9nager sa v\u00e9randa ? | Delorm Design","description":"La v\u00e9randa est une v\u00e9ritable extension de la maison, vous pouvez en faire une salle \u00e0 manger ou une pi\u00e8ce \u00e0 vivre en fonction de vos besoins","robots":{"index":"index","follow":"follow","max-snippet":"max-snippet:-1","max-image-preview":"max-image-preview:large","max-video-preview":"max-video-preview:-1"},"canonical":"https:\/\/delormdesign.com\/blog\/comment-bien-amenager-sa-veranda\/","og_locale":"fr_FR","og_type":"article","og_title":"Comment bien am\u00e9nager sa v\u00e9randa ? | Delorm Design","og_description":"La v\u00e9randa est une v\u00e9ritable extension de la maison, vous pouvez en faire une salle \u00e0 manger ou une pi\u00e8ce \u00e0 vivre en fonction de vos besoins","og_url":"https:\/\/delormdesign.com\/blog\/comment-bien-amenager-sa-veranda\/","og_site_name":"Blog Design Jardin &amp; Int\u00e9rieur | Tendance D\u00e9co","article_publisher":"https:\/\/www.facebook.com\/delormdesign\/","article_published_time":"2022-03-15T15:54:35+00:00","article_modified_time":"2022-03-18T09:29:46+00:00","og_image":[{"width":738,"height":513,"url":"https:\/\/delormdesign.com\/blog\/wp-content\/uploads\/2022\/03\/salon-jardin-veranda.jpg","type":"image\/jpeg"}],"author":"Lea Rigoleta","twitter_card":"summary","twitter_misc":{"Written by":"Lea Rigoleta","Est. reading time":"3 minutes"},"schema":{"@context":"https:\/\/schema.org","@graph":[{"@type":"WebSite","@id":"https:\/\/delormdesign.com\/blog\/#website","url":"https:\/\/delormdesign.com\/blog\/","name":"Blog Design Jardin &amp; Int\u00e9rieur | Tendance D\u00e9co","description":"Jardin &amp; Int\u00e9rieur | Tendance D\u00e9co","potentialAction":[{"@type":"SearchAction","target":{"@type":"EntryPoint","urlTemplate":"https:\/\/delormdesign.com\/blog\/?s={search_term_string}"},"query-input":"required name=search_term_string"}],"inLanguage":"fr-FR"},{"@type":"ImageObject","inLanguage":"fr-FR","@id":"https:\/\/delormdesign.com\/blog\/comment-bien-amenager-sa-veranda\/#primaryimage","url":"https:\/\/delormdesign.com\/blog\/wp-content\/uploads\/2022\/03\/salon-jardin-veranda.jpg","contentUrl":"https:\/\/delormdesign.com\/blog\/wp-content\/uploads\/2022\/03\/salon-jardin-veranda.jpg","width":738,"height":513},{"@type":"WebPage","@id":"https:\/\/delormdesign.com\/blog\/comment-bien-amenager-sa-veranda\/","url":"https:\/\/delormdesign.com\/blog\/comment-bien-amenager-sa-veranda\/","name":"Comment bien am\u00e9nager sa v\u00e9randa ? | Delorm Design","isPartOf":{"@id":"https:\/\/delormdesign.com\/blog\/#website"},"primaryImageOfPage":{"@id":"https:\/\/delormdesign.com\/blog\/comment-bien-amenager-sa-veranda\/#primaryimage"},"datePublished":"2022-03-15T15:54:35+00:00","dateModified":"2022-03-18T09:29:46+00:00","author":{"@id":"https:\/\/delormdesign.com\/blog\/#\/schema\/person\/a5699d6f4c2058a34009c87a8fb2d503"},"description":"La v\u00e9randa est une v\u00e9ritable extension de la maison, vous pouvez en faire une salle \u00e0 manger ou une pi\u00e8ce \u00e0 vivre en fonction de vos besoins","breadcrumb":{"@id":"https:\/\/delormdesign.com\/blog\/comment-bien-amenager-sa-veranda\/#breadcrumb"},"inLanguage":"fr-FR","potentialAction":[{"@type":"ReadAction","target":["https:\/\/delormdesign.com\/blog\/comment-bien-amenager-sa-veranda\/"]}]},{"@type":"BreadcrumbList","@id":"https:\/\/delormdesign.com\/blog\/comment-bien-amenager-sa-veranda\/#breadcrumb","itemListElement":[{"@type":"ListItem","position":1,"name":"Accueil","item":"https:\/\/delormdesign.com\/blog\/"},{"@type":"ListItem","position":2,"name":"Comment bien am\u00e9nager sa v\u00e9randa"}]},{"@type":"Person","@id":"https:\/\/delormdesign.com\/blog\/#\/schema\/person\/a5699d6f4c2058a34009c87a8fb2d503","name":"Lea Rigoleta","image":{"@type":"ImageObject","inLanguage":"fr-FR","@id":"https:\/\/delormdesign.com\/blog\/#\/schema\/person\/image\/","url":"https:\/\/secure.gravatar.com\/avatar\/a1e61b97b259452330da26a9d5e3e335?s=96&d=mm&r=g","contentUrl":"https:\/\/secure.gravatar.com\/avatar\/a1e61b97b259452330da26a9d5e3e335?s=96&d=mm&r=g","caption":"Lea Rigoleta"},"url":"https:\/\/delormdesign.com\/blog\/author\/l-rigoleta\/"}]}},"amp_enabled":true,"_links":{"self":[{"href":"https:\/\/delormdesign.com\/blog\/wp-json\/wp\/v2\/posts\/2798"}],"collection":[{"href":"https:\/\/delormdesign.com\/blog\/wp-json\/wp\/v2\/posts"}],"about":[{"href":"https:\/\/delormdesign.com\/blog\/wp-json\/wp\/v2\/types\/post"}],"author":[{"embeddable":true,"href":"https:\/\/delormdesign.com\/blog\/wp-json\/wp\/v2\/users\/15"}],"replies":[{"embeddable":true,"href":"https:\/\/delormdesign.com\/blog\/wp-json\/wp\/v2\/comments?post=2798"}],"version-history":[{"count":2,"href":"https:\/\/delormdesign.com\/blog\/wp-json\/wp\/v2\/posts\/2798\/revisions"}],"predecessor-version":[{"id":2997,"href":"https:\/\/delormdesign.com\/blog\/wp-json\/wp\/v2\/posts\/2798\/revisions\/2997"}],"wp:featuredmedia":[{"embeddable":true,"href":"https:\/\/delormdesign.com\/blog\/wp-json\/wp\/v2\/media\/2800"}],"wp:attachment":[{"href":"https:\/\/delormdesign.com\/blog\/wp-json\/wp\/v2\/media?parent=2798"}],"wp:term":[{"taxonomy":"category","embeddable":true,"href":"https:\/\/delormdesign.com\/blog\/wp-json\/wp\/v2\/categories?post=2798"},{"taxonomy":"post_tag","embeddable":true,"href":"https:\/\/delormdesign.com\/blog\/wp-json\/wp\/v2\/tags?post=2798"}],"curies":[{"name":"wp","href":"https:\/\/api.w.org\/{rel}","templated":true}]}}