{"id":2802,"date":"2022-03-15T16:05:07","date_gmt":"2022-03-15T16:05:07","guid":{"rendered":"https:\/\/delormdesign.com\/blog\/?p=2802"},"modified":"2022-03-18T09:29:46","modified_gmt":"2022-03-18T09:29:46","slug":"comment-choisir-et-amenager-une-salle-a-manger-de-jardin","status":"publish","type":"post","link":"https:\/\/delormdesign.com\/blog\/comment-choisir-et-amenager-une-salle-a-manger-de-jardin\/","title":{"rendered":"Comment choisir et am\u00e9nager une salle \u00e0 manger de jardin ?"},"content":{"rendered":"\n<p>La salle \u00e0 manger de jardin permet de profiter de votre ext\u00e9rieur d\u00e8s l\u2019arriv\u00e9e des beaux jours. Delorm Design vous aide \u00e0 choisir une salle \u00e0 manger adapt\u00e9e \u00e0 votre jardin ou votre terrasse et vous donne des astuces pour am\u00e9nager votre salle \u00e0 manger afin de profiter des ap\u00e9ros entre amis et des repas en famille tout l\u2019\u00e9t\u00e9.<\/p>\n\n\n\n<h2>Les dimensions de votre table de salle \u00e0 manger de jardin&nbsp;:<\/h2>\n\n\n\n<p>En fonction de l\u2019espace dont vous disposez, vous pouvez choisir diff\u00e9rentes tables&nbsp;:<\/p>\n\n\n\n<h3>La table basse pour une salle \u00e0 manger intimiste&nbsp;:<\/h3>\n\n\n\n<p>La <a href=\"https:\/\/delormdesign.com\/blog\/bien-choisir-table-basse-exterieure\/\" >table basse<\/a> donne un c\u00f4t\u00e9 cosy et chaleureux \u00e0 votre salle \u00e0 manger de jardin, mais elle n\u2019est pas conseill\u00e9e pour les petits espaces puisque la table basse prend plus d\u2019espace au sol et ne permet pas d\u2019encastrer vos chaises ou vos fauteuils. On privil\u00e9gie les tables basses pour les ap\u00e9ros ou les go\u00fbters, moins pour les repas assis.<\/p>\n\n\n\n<h3>La table classique pour les repas de famille&nbsp;:<\/h3>\n\n\n\n<p>La table classique permet d\u2019organiser des repas en famille en \u00e9tant assis confortablement. Elle est adapt\u00e9e \u00e0 tous. Pour manger confortablement sur une table classique comptez&nbsp;:<\/p>\n\n\n\n<ul><li>65 \u00e0 75cm de largeur par convive pour manger \u00e0 l\u2019aise<\/li><li>Au minimum 90cm de largeur pour pouvoir faire manger deux personnes en face \u00e0 face<\/li><\/ul>\n\n\n\n<h3>La table haute ou le mange-debout&nbsp;:<\/h3>\n\n\n\n<p>Si vous manquez d\u2019espace, la table haute permet d\u2019am\u00e9nager une salle \u00e0 manger de jardin en optimisant votre ext\u00e9rieur. La table haute permet de manger sur des chaises, mais si vous poss\u00e9dez un balcon ou une petite terrasse, vous pouvez faire l\u2019impasse sur les assises et installer une salle \u00e0 manger de jardin avec seulement un mange-debout pour des repas rapides ou des ap\u00e9ros.<\/p>\n\n\n\n<h2>Adaptez les assises \u00e0 votre espace&nbsp;:<\/h2>\n\n\n\n<p>Pour votre salle \u00e0 manger de jardin, vous avez le choix entre trois assises&nbsp;:&nbsp;<\/p>\n\n\n\n<ul><li>Le fauteuil&nbsp;: il donne un aspect cosy et chaleureux et vos invit\u00e9s seront assis confortablement. Attention, le fauteuil va rendre votre salle \u00e0 manger de jardin imposante<\/li><li>La chaise&nbsp;: c\u2019est l\u2019assise classique et le choix interm\u00e9diaire entre confort et espace.&nbsp;<\/li><li>Le tabouret&nbsp;: le tabouret permet d\u2019installer plus de personnes autour de votre salle \u00e0 manger de jardin, mais vous perdrez en confort.<br><\/li><\/ul>\n\n\n\n<h2>Quel mat\u00e9riau pour une salle \u00e0 manger de jardin&nbsp;?<\/h2>\n\n\n\n<p>En fonction de votre espace, de vos go\u00fbts et de l\u2019entretien, vous pouvez choisir plusieurs mat\u00e9riaux.<\/p>\n\n\n\n<h3>Des mat\u00e9riaux l\u00e9gers pour une salle \u00e0 manger de jardin transportable :<\/h3>\n\n\n\n<p>On conseille souvent un mobilier de jardin l\u00e9ger pour pouvoir transporter votre salle \u00e0 manger. Privil\u00e9giez le plastique, la r\u00e9sine tress\u00e9e ou l\u2019aluminium en fonction de vos go\u00fbts et de votre budget. Tous les trois sont des mat\u00e9riaux solides qui r\u00e9sistent bien aux intemp\u00e9ries et ne demandent pas beaucoup d\u2019entretien.<\/p>\n\n\n\n<h3>Des mat\u00e9riaux plus massifs pour un grand jardin&nbsp;:<\/h3>\n\n\n\n<p>Il n\u2019y a pas de contrainte pour les grands jardins. Vous pouvez opter pour un mobilier l\u00e9ger, mais aussi pour une salle \u00e0 manger de jardin plus robuste compos\u00e9e de pierre ou encore de bois. Encore une fois, ce sera vos go\u00fbts, votre budget et le niveau d\u2019entretien qui conditionneront votre salle \u00e0 manger de jardin.&nbsp;<\/p>\n","protected":false},"excerpt":{"rendered":"<p>La salle \u00e0 manger de jardin permet de profiter de votre ext\u00e9rieur d\u00e8s l\u2019arriv\u00e9e des beaux jours. Delorm Design vous aide \u00e0 choisir une salle \u00e0 manger adapt\u00e9e \u00e0 votre jardin ou votre terrasse et vous donne des astuces pour am\u00e9nager votre salle \u00e0 manger afin de profiter des ap\u00e9ros entre amis et des repas [&hellip;]<\/p>\n","protected":false},"author":15,"featured_media":2497,"comment_status":"open","ping_status":"open","sticky":false,"template":"","format":"standard","meta":[],"categories":[20],"tags":[],"yoast_head":"<!-- This site is optimized with the Yoast SEO plugin v19.3 - https:\/\/yoast.com\/wordpress\/plugins\/seo\/ -->\n<title>Comment choisir et am\u00e9nager une salle \u00e0 manger de jardin<\/title>\n<meta name=\"description\" content=\"Delorm Design vous aide \u00e0 choisir et \u00e0 am\u00e9nager une salle \u00e0 manger de jardin pour profiter de votre ext\u00e9rieur entre amis ou en famill\" \/>\n<meta name=\"robots\" content=\"index, follow, max-snippet:-1, max-image-preview:large, max-video-preview:-1\" \/>\n<link rel=\"canonical\" href=\"https:\/\/delormdesign.com\/blog\/comment-choisir-et-amenager-une-salle-a-manger-de-jardin\/\" \/>\n<meta property=\"og:locale\" content=\"fr_FR\" \/>\n<meta property=\"og:type\" content=\"article\" \/>\n<meta property=\"og:title\" content=\"Comment choisir et am\u00e9nager une salle \u00e0 manger de jardin\" \/>\n<meta property=\"og:description\" content=\"Delorm Design vous aide \u00e0 choisir et \u00e0 am\u00e9nager une salle \u00e0 manger de jardin pour profiter de votre ext\u00e9rieur entre amis ou en famill\" \/>\n<meta property=\"og:url\" content=\"https:\/\/delormdesign.com\/blog\/comment-choisir-et-amenager-une-salle-a-manger-de-jardin\/\" \/>\n<meta property=\"og:site_name\" content=\"Blog Design Jardin &amp; Int\u00e9rieur | Tendance D\u00e9co\" \/>\n<meta property=\"article:publisher\" content=\"https:\/\/www.facebook.com\/delormdesign\/\" \/>\n<meta property=\"article:published_time\" content=\"2022-03-15T16:05:07+00:00\" \/>\n<meta property=\"article:modified_time\" content=\"2022-03-18T09:29:46+00:00\" \/>\n<meta property=\"og:image\" content=\"https:\/\/delormdesign.com\/blog\/wp-content\/uploads\/2021\/04\/comment-nettoyer-ses-coussins-salon-de-jardin-e1648200926988.jpg\" \/>\n\t<meta property=\"og:image:width\" content=\"930\" \/>\n\t<meta property=\"og:image:height\" content=\"620\" \/>\n\t<meta property=\"og:image:type\" content=\"image\/jpeg\" \/>\n<meta name=\"author\" content=\"Lea Rigoleta\" \/>\n<meta name=\"twitter:card\" content=\"summary\" \/>\n<meta name=\"twitter:label1\" content=\"Written by\" \/>\n\t<meta name=\"twitter:data1\" content=\"Lea Rigoleta\" \/>\n\t<meta name=\"twitter:label2\" content=\"Est. reading time\" \/>\n\t<meta name=\"twitter:data2\" content=\"3 minutes\" \/>\n<script type=\"application\/ld+json\" class=\"yoast-schema-graph\">{\"@context\":\"https:\/\/schema.org\",\"@graph\":[{\"@type\":\"WebSite\",\"@id\":\"https:\/\/delormdesign.com\/blog\/#website\",\"url\":\"https:\/\/delormdesign.com\/blog\/\",\"name\":\"Blog Design Jardin &amp; Int\u00e9rieur | Tendance D\u00e9co\",\"description\":\"Jardin &amp; Int\u00e9rieur | Tendance D\u00e9co\",\"potentialAction\":[{\"@type\":\"SearchAction\",\"target\":{\"@type\":\"EntryPoint\",\"urlTemplate\":\"https:\/\/delormdesign.com\/blog\/?s={search_term_string}\"},\"query-input\":\"required name=search_term_string\"}],\"inLanguage\":\"fr-FR\"},{\"@type\":\"ImageObject\",\"inLanguage\":\"fr-FR\",\"@id\":\"https:\/\/delormdesign.com\/blog\/comment-choisir-et-amenager-une-salle-a-manger-de-jardin\/#primaryimage\",\"url\":\"https:\/\/delormdesign.com\/blog\/wp-content\/uploads\/2021\/04\/comment-nettoyer-ses-coussins-salon-de-jardin-e1648200926988.jpg\",\"contentUrl\":\"https:\/\/delormdesign.com\/blog\/wp-content\/uploads\/2021\/04\/comment-nettoyer-ses-coussins-salon-de-jardin-e1648200926988.jpg\",\"width\":930,\"height\":620,\"caption\":\"comment nettoyer ses coussins de salon de jardin\"},{\"@type\":\"WebPage\",\"@id\":\"https:\/\/delormdesign.com\/blog\/comment-choisir-et-amenager-une-salle-a-manger-de-jardin\/\",\"url\":\"https:\/\/delormdesign.com\/blog\/comment-choisir-et-amenager-une-salle-a-manger-de-jardin\/\",\"name\":\"Comment choisir et am\u00e9nager une salle \u00e0 manger de jardin\",\"isPartOf\":{\"@id\":\"https:\/\/delormdesign.com\/blog\/#website\"},\"primaryImageOfPage\":{\"@id\":\"https:\/\/delormdesign.com\/blog\/comment-choisir-et-amenager-une-salle-a-manger-de-jardin\/#primaryimage\"},\"datePublished\":\"2022-03-15T16:05:07+00:00\",\"dateModified\":\"2022-03-18T09:29:46+00:00\",\"author\":{\"@id\":\"https:\/\/delormdesign.com\/blog\/#\/schema\/person\/a5699d6f4c2058a34009c87a8fb2d503\"},\"description\":\"Delorm Design vous aide \u00e0 choisir et \u00e0 am\u00e9nager une salle \u00e0 manger de jardin pour profiter de votre ext\u00e9rieur entre amis ou en famill\",\"breadcrumb\":{\"@id\":\"https:\/\/delormdesign.com\/blog\/comment-choisir-et-amenager-une-salle-a-manger-de-jardin\/#breadcrumb\"},\"inLanguage\":\"fr-FR\",\"potentialAction\":[{\"@type\":\"ReadAction\",\"target\":[\"https:\/\/delormdesign.com\/blog\/comment-choisir-et-amenager-une-salle-a-manger-de-jardin\/\"]}]},{\"@type\":\"BreadcrumbList\",\"@id\":\"https:\/\/delormdesign.com\/blog\/comment-choisir-et-amenager-une-salle-a-manger-de-jardin\/#breadcrumb\",\"itemListElement\":[{\"@type\":\"ListItem\",\"position\":1,\"name\":\"Accueil\",\"item\":\"https:\/\/delormdesign.com\/blog\/\"},{\"@type\":\"ListItem\",\"position\":2,\"name\":\"Comment choisir et am\u00e9nager une salle \u00e0 manger de jardin ?\"}]},{\"@type\":\"Person\",\"@id\":\"https:\/\/delormdesign.com\/blog\/#\/schema\/person\/a5699d6f4c2058a34009c87a8fb2d503\",\"name\":\"Lea Rigoleta\",\"image\":{\"@type\":\"ImageObject\",\"inLanguage\":\"fr-FR\",\"@id\":\"https:\/\/delormdesign.com\/blog\/#\/schema\/person\/image\/\",\"url\":\"https:\/\/secure.gravatar.com\/avatar\/a1e61b97b259452330da26a9d5e3e335?s=96&d=mm&r=g\",\"contentUrl\":\"https:\/\/secure.gravatar.com\/avatar\/a1e61b97b259452330da26a9d5e3e335?s=96&d=mm&r=g\",\"caption\":\"Lea Rigoleta\"},\"url\":\"https:\/\/delormdesign.com\/blog\/author\/l-rigoleta\/\"}]}<\/script>\n<!-- \/ Yoast SEO plugin. -->","yoast_head_json":{"title":"Comment choisir et am\u00e9nager une salle \u00e0 manger de jardin","description":"Delorm Design vous aide \u00e0 choisir et \u00e0 am\u00e9nager une salle \u00e0 manger de jardin pour profiter de votre ext\u00e9rieur entre amis ou en famill","robots":{"index":"index","follow":"follow","max-snippet":"max-snippet:-1","max-image-preview":"max-image-preview:large","max-video-preview":"max-video-preview:-1"},"canonical":"https:\/\/delormdesign.com\/blog\/comment-choisir-et-amenager-une-salle-a-manger-de-jardin\/","og_locale":"fr_FR","og_type":"article","og_title":"Comment choisir et am\u00e9nager une salle \u00e0 manger de jardin","og_description":"Delorm Design vous aide \u00e0 choisir et \u00e0 am\u00e9nager une salle \u00e0 manger de jardin pour profiter de votre ext\u00e9rieur entre amis ou en famill","og_url":"https:\/\/delormdesign.com\/blog\/comment-choisir-et-amenager-une-salle-a-manger-de-jardin\/","og_site_name":"Blog Design Jardin &amp; Int\u00e9rieur | Tendance D\u00e9co","article_publisher":"https:\/\/www.facebook.com\/delormdesign\/","article_published_time":"2022-03-15T16:05:07+00:00","article_modified_time":"2022-03-18T09:29:46+00:00","og_image":[{"width":930,"height":620,"url":"https:\/\/delormdesign.com\/blog\/wp-content\/uploads\/2021\/04\/comment-nettoyer-ses-coussins-salon-de-jardin-e1648200926988.jpg","type":"image\/jpeg"}],"author":"Lea Rigoleta","twitter_card":"summary","twitter_misc":{"Written by":"Lea Rigoleta","Est. reading time":"3 minutes"},"schema":{"@context":"https:\/\/schema.org","@graph":[{"@type":"WebSite","@id":"https:\/\/delormdesign.com\/blog\/#website","url":"https:\/\/delormdesign.com\/blog\/","name":"Blog Design Jardin &amp; Int\u00e9rieur | Tendance D\u00e9co","description":"Jardin &amp; Int\u00e9rieur | Tendance D\u00e9co","potentialAction":[{"@type":"SearchAction","target":{"@type":"EntryPoint","urlTemplate":"https:\/\/delormdesign.com\/blog\/?s={search_term_string}"},"query-input":"required name=search_term_string"}],"inLanguage":"fr-FR"},{"@type":"ImageObject","inLanguage":"fr-FR","@id":"https:\/\/delormdesign.com\/blog\/comment-choisir-et-amenager-une-salle-a-manger-de-jardin\/#primaryimage","url":"https:\/\/delormdesign.com\/blog\/wp-content\/uploads\/2021\/04\/comment-nettoyer-ses-coussins-salon-de-jardin-e1648200926988.jpg","contentUrl":"https:\/\/delormdesign.com\/blog\/wp-content\/uploads\/2021\/04\/comment-nettoyer-ses-coussins-salon-de-jardin-e1648200926988.jpg","width":930,"height":620,"caption":"comment nettoyer ses coussins de salon de jardin"},{"@type":"WebPage","@id":"https:\/\/delormdesign.com\/blog\/comment-choisir-et-amenager-une-salle-a-manger-de-jardin\/","url":"https:\/\/delormdesign.com\/blog\/comment-choisir-et-amenager-une-salle-a-manger-de-jardin\/","name":"Comment choisir et am\u00e9nager une salle \u00e0 manger de jardin","isPartOf":{"@id":"https:\/\/delormdesign.com\/blog\/#website"},"primaryImageOfPage":{"@id":"https:\/\/delormdesign.com\/blog\/comment-choisir-et-amenager-une-salle-a-manger-de-jardin\/#primaryimage"},"datePublished":"2022-03-15T16:05:07+00:00","dateModified":"2022-03-18T09:29:46+00:00","author":{"@id":"https:\/\/delormdesign.com\/blog\/#\/schema\/person\/a5699d6f4c2058a34009c87a8fb2d503"},"description":"Delorm Design vous aide \u00e0 choisir et \u00e0 am\u00e9nager une salle \u00e0 manger de jardin pour profiter de votre ext\u00e9rieur entre amis ou en famill","breadcrumb":{"@id":"https:\/\/delormdesign.com\/blog\/comment-choisir-et-amenager-une-salle-a-manger-de-jardin\/#breadcrumb"},"inLanguage":"fr-FR","potentialAction":[{"@type":"ReadAction","target":["https:\/\/delormdesign.com\/blog\/comment-choisir-et-amenager-une-salle-a-manger-de-jardin\/"]}]},{"@type":"BreadcrumbList","@id":"https:\/\/delormdesign.com\/blog\/comment-choisir-et-amenager-une-salle-a-manger-de-jardin\/#breadcrumb","itemListElement":[{"@type":"ListItem","position":1,"name":"Accueil","item":"https:\/\/delormdesign.com\/blog\/"},{"@type":"ListItem","position":2,"name":"Comment choisir et am\u00e9nager une salle \u00e0 manger de jardin ?"}]},{"@type":"Person","@id":"https:\/\/delormdesign.com\/blog\/#\/schema\/person\/a5699d6f4c2058a34009c87a8fb2d503","name":"Lea Rigoleta","image":{"@type":"ImageObject","inLanguage":"fr-FR","@id":"https:\/\/delormdesign.com\/blog\/#\/schema\/person\/image\/","url":"https:\/\/secure.gravatar.com\/avatar\/a1e61b97b259452330da26a9d5e3e335?s=96&d=mm&r=g","contentUrl":"https:\/\/secure.gravatar.com\/avatar\/a1e61b97b259452330da26a9d5e3e335?s=96&d=mm&r=g","caption":"Lea Rigoleta"},"url":"https:\/\/delormdesign.com\/blog\/author\/l-rigoleta\/"}]}},"amp_enabled":true,"_links":{"self":[{"href":"https:\/\/delormdesign.com\/blog\/wp-json\/wp\/v2\/posts\/2802"}],"collection":[{"href":"https:\/\/delormdesign.com\/blog\/wp-json\/wp\/v2\/posts"}],"about":[{"href":"https:\/\/delormdesign.com\/blog\/wp-json\/wp\/v2\/types\/post"}],"author":[{"embeddable":true,"href":"https:\/\/delormdesign.com\/blog\/wp-json\/wp\/v2\/users\/15"}],"replies":[{"embeddable":true,"href":"https:\/\/delormdesign.com\/blog\/wp-json\/wp\/v2\/comments?post=2802"}],"version-history":[{"count":2,"href":"https:\/\/delormdesign.com\/blog\/wp-json\/wp\/v2\/posts\/2802\/revisions"}],"predecessor-version":[{"id":2998,"href":"https:\/\/delormdesign.com\/blog\/wp-json\/wp\/v2\/posts\/2802\/revisions\/2998"}],"wp:featuredmedia":[{"embeddable":true,"href":"https:\/\/delormdesign.com\/blog\/wp-json\/wp\/v2\/media\/2497"}],"wp:attachment":[{"href":"https:\/\/delormdesign.com\/blog\/wp-json\/wp\/v2\/media?parent=2802"}],"wp:term":[{"taxonomy":"category","embeddable":true,"href":"https:\/\/delormdesign.com\/blog\/wp-json\/wp\/v2\/categories?post=2802"},{"taxonomy":"post_tag","embeddable":true,"href":"https:\/\/delormdesign.com\/blog\/wp-json\/wp\/v2\/tags?post=2802"}],"curies":[{"name":"wp","href":"https:\/\/api.w.org\/{rel}","templated":true}]}}