{"id":2808,"date":"2022-03-16T08:49:15","date_gmt":"2022-03-16T08:49:15","guid":{"rendered":"https:\/\/delormdesign.com\/blog\/?p=2808"},"modified":"2023-09-20T13:16:06","modified_gmt":"2023-09-20T13:16:06","slug":"quelle-forme-de-table-de-jardin-choisir","status":"publish","type":"post","link":"https:\/\/delormdesign.com\/blog\/quelle-forme-de-table-de-jardin-choisir\/","title":{"rendered":"Quelle forme de table de jardin choisir ?"},"content":{"rendered":"\n<p>La table de jardin est un \u00e9l\u00e9ment de jardin indispensable pour profiter des beaux jours. Entre amis ou en famille, pour un repas ou un go\u00fbter, la table de jardin permet d\u2019accueillir vos invit\u00e9s en toutes circonstances. Mais en fonction de vos go\u00fbts, de votre budget et de la place dont vous disposez, la forme de votre table de jardin peut \u00eatre diff\u00e9rente.<\/p>\n\n\n\n<h2>Les diff\u00e9rentes formes de tables&nbsp;de jardin&nbsp;:<\/h2>\n\n\n\n<p>Chaque jardin et chaque terrasse doit avoir unela table avec une forme adapt\u00e9e. La forme de la table de jardin donne un c\u00f4t\u00e9 moderne, intime ou chaleureux \u00e0 votre ext\u00e9rieur. Voici les principales formes.<\/p>\n\n\n\n<h3>La table rectangulaire pour les grands repas&nbsp;:<\/h3>\n\n\n\n<p>La table de jardin rectangulaire est la plus pratique, c\u2019est celle qui permet d\u2019optimiser au maximum l\u2019espace. La <a href=\"https:\/\/delormdesign.com\/blog\/salon-de-jardin-avec-table-carree\/\">table de jardin<\/a> rectangulaire est celle qui accueille le plus d\u2019invit\u00e9s. Elle peut se composer d\u2019aluminium ou de bois par exemple. On estime qu\u2019il faut laisser entre 65 et 70cm de largeur \u00e0 chaque invit\u00e9 pour manger confortablement. Pour une table de jardin rectangulaire de 2,5m, vous pouvez accueillir entre 8 et 10 personnes.&nbsp;<\/p>\n\n\n\n<h3>La table carr\u00e9e pour un c\u00f4t\u00e9 design&nbsp;:<\/h3>\n\n\n\n<p>La table carr\u00e9e est souvent pr\u00e9conis\u00e9e pour les petites terrasses ou les balcons. Elle permet d\u2019installer moins d\u2019invit\u00e9s, mais c\u2019est une table adapt\u00e9e pour 2 \u00e0 86 personnes en g\u00e9n\u00e9ral. Elle donne un c\u00f4t\u00e9 design \u00e0 votre salon de jardin.&nbsp;&nbsp;<\/p>\n\n\n\n<h3>Pour un salon de jardin intime, optez pour la table ronde&nbsp;:<\/h3>\n\n\n\n<p>La table ronde se d\u00e9cline soit en petite taille pour boire un caf\u00e9 ou l\u2019ap\u00e9ro \u00e0 deux soit en grande taille pour des repas conviviaux. Vous pouvez la trouver en aluminium ou en bois par exemple. La table ronde est plus intime et plus conviviale puisque tous les invit\u00e9s sont proches les uns des autres . Pour calculer le nombre de personnes que l\u2019on peut installer autour d\u2019une table ronde, il faut prendre en compte le diam\u00e8tre. Par exemple, une table de 150cm de diam\u00e8tre permet d\u2019installer confortablement 8 personnes.<\/p>\n\n\n\n<h3>La table de pique-nique&nbsp;:<\/h3>\n\n\n\n<p>Pour votre jardin, vous pouvez opter pour la table de pique-nique. Cette table en bois donne un effet de simplicit\u00e9 et de convivialit\u00e9. Elle comprend les assises puisque le banc est fix\u00e9 \u00e0 la table.<\/p>\n\n\n\n<h2>Une rallonge pour votre table de jardin&nbsp;:<\/h2>\n\n\n\n<p>Quelle que soit la forme de votre table de jardin, il est possible d\u2019installer une rallonge.<\/p>\n\n\n\n<ul><li>Pour une table ronde&nbsp;: la rallonge sera centrale, il faudra \u00e9carter la table pour l\u2019installer au milieu<\/li><li>Pour une table carr\u00e9e et rectangulaire&nbsp;: la rallonge peut se mettre facilement en bout de table<\/li><\/ul>\n\n\n\n<p>La rallonge est une astuce int\u00e9ressante pour optimiser l\u2019espace de votre jardin et augmenter la capacit\u00e9 d\u2019accueil autour de celle-ci.<\/p>\n\n\n\n<h2>La hauteur de votre table de jardin&nbsp;:<\/h2>\n\n\n\n<p>En plus de la forme, il faut choisir la hauteur de votre table. Mange-debout, table haute, table classique ou table basse, il y en a pour tous les go\u00fbts. Si les tables plut\u00f4t hautes permettent de gagner de l\u2019espace et de donner un c\u00f4t\u00e9 moderne \u00e0 votre ext\u00e9rieur, les tables basses ajoutent un c\u00f4t\u00e9 intimiste \u00e0 votre jardin tout en prenant plus de place au sol.<\/p>\n","protected":false},"excerpt":{"rendered":"<p>La table de jardin est un \u00e9l\u00e9ment de jardin indispensable pour profiter des beaux jours. Entre amis ou en famille, pour un repas ou un go\u00fbter, la table de jardin permet d\u2019accueillir vos invit\u00e9s en toutes circonstances. Mais en fonction de vos go\u00fbts, de votre budget et de la place dont vous disposez, la forme [&hellip;]<\/p>\n","protected":false},"author":15,"featured_media":2710,"comment_status":"open","ping_status":"open","sticky":false,"template":"","format":"standard","meta":[],"categories":[20],"tags":[],"yoast_head":"<!-- This site is optimized with the Yoast SEO plugin v19.3 - https:\/\/yoast.com\/wordpress\/plugins\/seo\/ -->\n<title>Quelle forme de table de jardin choisir ? &bull; Blog Design Jardin &amp; Int\u00e9rieur | Tendance D\u00e9co<\/title>\n<meta name=\"description\" content=\"Quelle forme de table de jardin choisir: De la ronde \u00e0 la rectangulaire, conseils pour un choix adapt\u00e9 \u00e0 votre espace et vos besoins.\" \/>\n<meta name=\"robots\" content=\"index, follow, max-snippet:-1, max-image-preview:large, max-video-preview:-1\" \/>\n<link rel=\"canonical\" href=\"https:\/\/delormdesign.com\/blog\/quelle-forme-de-table-de-jardin-choisir\/\" \/>\n<meta property=\"og:locale\" content=\"fr_FR\" \/>\n<meta property=\"og:type\" content=\"article\" \/>\n<meta property=\"og:title\" content=\"Quelle forme de table de jardin choisir ? &bull; Blog Design Jardin &amp; Int\u00e9rieur | Tendance D\u00e9co\" \/>\n<meta property=\"og:description\" content=\"Quelle forme de table de jardin choisir: De la ronde \u00e0 la rectangulaire, conseils pour un choix adapt\u00e9 \u00e0 votre espace et vos besoins.\" \/>\n<meta property=\"og:url\" content=\"https:\/\/delormdesign.com\/blog\/quelle-forme-de-table-de-jardin-choisir\/\" \/>\n<meta property=\"og:site_name\" content=\"Blog Design Jardin &amp; Int\u00e9rieur | Tendance D\u00e9co\" \/>\n<meta property=\"article:publisher\" content=\"https:\/\/www.facebook.com\/delormdesign\/\" \/>\n<meta property=\"article:published_time\" content=\"2022-03-16T08:49:15+00:00\" \/>\n<meta property=\"article:modified_time\" content=\"2023-09-20T13:16:06+00:00\" \/>\n<meta property=\"og:image\" content=\"https:\/\/delormdesign.com\/blog\/wp-content\/uploads\/2022\/02\/delorm_catalog_SD2001-GREY-LIGHTGREY_SD2001-GREY-LIGHTGREY-FRONT.jpg.jpg\" \/>\n\t<meta property=\"og:image:width\" content=\"965\" \/>\n\t<meta property=\"og:image:height\" content=\"543\" \/>\n\t<meta property=\"og:image:type\" content=\"image\/jpeg\" \/>\n<meta name=\"author\" content=\"Lea Rigoleta\" \/>\n<meta name=\"twitter:card\" content=\"summary\" \/>\n<meta name=\"twitter:label1\" content=\"Written by\" \/>\n\t<meta name=\"twitter:data1\" content=\"Lea Rigoleta\" \/>\n\t<meta name=\"twitter:label2\" content=\"Est. reading time\" \/>\n\t<meta name=\"twitter:data2\" content=\"3 minutes\" \/>\n<script type=\"application\/ld+json\" class=\"yoast-schema-graph\">{\"@context\":\"https:\/\/schema.org\",\"@graph\":[{\"@type\":\"WebSite\",\"@id\":\"https:\/\/delormdesign.com\/blog\/#website\",\"url\":\"https:\/\/delormdesign.com\/blog\/\",\"name\":\"Blog Design Jardin &amp; Int\u00e9rieur | Tendance D\u00e9co\",\"description\":\"Jardin &amp; Int\u00e9rieur | Tendance D\u00e9co\",\"potentialAction\":[{\"@type\":\"SearchAction\",\"target\":{\"@type\":\"EntryPoint\",\"urlTemplate\":\"https:\/\/delormdesign.com\/blog\/?s={search_term_string}\"},\"query-input\":\"required name=search_term_string\"}],\"inLanguage\":\"fr-FR\"},{\"@type\":\"ImageObject\",\"inLanguage\":\"fr-FR\",\"@id\":\"https:\/\/delormdesign.com\/blog\/quelle-forme-de-table-de-jardin-choisir\/#primaryimage\",\"url\":\"https:\/\/delormdesign.com\/blog\/wp-content\/uploads\/2022\/02\/delorm_catalog_SD2001-GREY-LIGHTGREY_SD2001-GREY-LIGHTGREY-FRONT.jpg.jpg\",\"contentUrl\":\"https:\/\/delormdesign.com\/blog\/wp-content\/uploads\/2022\/02\/delorm_catalog_SD2001-GREY-LIGHTGREY_SD2001-GREY-LIGHTGREY-FRONT.jpg.jpg\",\"width\":965,\"height\":543,\"caption\":\"Salon de jardin tendance 20222\"},{\"@type\":\"WebPage\",\"@id\":\"https:\/\/delormdesign.com\/blog\/quelle-forme-de-table-de-jardin-choisir\/\",\"url\":\"https:\/\/delormdesign.com\/blog\/quelle-forme-de-table-de-jardin-choisir\/\",\"name\":\"Quelle forme de table de jardin choisir ? &bull; Blog Design Jardin &amp; Int\u00e9rieur | Tendance D\u00e9co\",\"isPartOf\":{\"@id\":\"https:\/\/delormdesign.com\/blog\/#website\"},\"primaryImageOfPage\":{\"@id\":\"https:\/\/delormdesign.com\/blog\/quelle-forme-de-table-de-jardin-choisir\/#primaryimage\"},\"datePublished\":\"2022-03-16T08:49:15+00:00\",\"dateModified\":\"2023-09-20T13:16:06+00:00\",\"author\":{\"@id\":\"https:\/\/delormdesign.com\/blog\/#\/schema\/person\/a5699d6f4c2058a34009c87a8fb2d503\"},\"description\":\"Quelle forme de table de jardin choisir: De la ronde \u00e0 la rectangulaire, conseils pour un choix adapt\u00e9 \u00e0 votre espace et vos besoins.\",\"breadcrumb\":{\"@id\":\"https:\/\/delormdesign.com\/blog\/quelle-forme-de-table-de-jardin-choisir\/#breadcrumb\"},\"inLanguage\":\"fr-FR\",\"potentialAction\":[{\"@type\":\"ReadAction\",\"target\":[\"https:\/\/delormdesign.com\/blog\/quelle-forme-de-table-de-jardin-choisir\/\"]}]},{\"@type\":\"BreadcrumbList\",\"@id\":\"https:\/\/delormdesign.com\/blog\/quelle-forme-de-table-de-jardin-choisir\/#breadcrumb\",\"itemListElement\":[{\"@type\":\"ListItem\",\"position\":1,\"name\":\"Accueil\",\"item\":\"https:\/\/delormdesign.com\/blog\/\"},{\"@type\":\"ListItem\",\"position\":2,\"name\":\"Quelle forme de table de jardin choisir ?\"}]},{\"@type\":\"Person\",\"@id\":\"https:\/\/delormdesign.com\/blog\/#\/schema\/person\/a5699d6f4c2058a34009c87a8fb2d503\",\"name\":\"Lea Rigoleta\",\"image\":{\"@type\":\"ImageObject\",\"inLanguage\":\"fr-FR\",\"@id\":\"https:\/\/delormdesign.com\/blog\/#\/schema\/person\/image\/\",\"url\":\"https:\/\/secure.gravatar.com\/avatar\/a1e61b97b259452330da26a9d5e3e335?s=96&d=mm&r=g\",\"contentUrl\":\"https:\/\/secure.gravatar.com\/avatar\/a1e61b97b259452330da26a9d5e3e335?s=96&d=mm&r=g\",\"caption\":\"Lea Rigoleta\"},\"url\":\"https:\/\/delormdesign.com\/blog\/author\/l-rigoleta\/\"}]}<\/script>\n<!-- \/ Yoast SEO plugin. -->","yoast_head_json":{"title":"Quelle forme de table de jardin choisir ? &bull; Blog Design Jardin &amp; Int\u00e9rieur | Tendance D\u00e9co","description":"Quelle forme de table de jardin choisir: De la ronde \u00e0 la rectangulaire, conseils pour un choix adapt\u00e9 \u00e0 votre espace et vos besoins.","robots":{"index":"index","follow":"follow","max-snippet":"max-snippet:-1","max-image-preview":"max-image-preview:large","max-video-preview":"max-video-preview:-1"},"canonical":"https:\/\/delormdesign.com\/blog\/quelle-forme-de-table-de-jardin-choisir\/","og_locale":"fr_FR","og_type":"article","og_title":"Quelle forme de table de jardin choisir ? &bull; Blog Design Jardin &amp; Int\u00e9rieur | Tendance D\u00e9co","og_description":"Quelle forme de table de jardin choisir: De la ronde \u00e0 la rectangulaire, conseils pour un choix adapt\u00e9 \u00e0 votre espace et vos besoins.","og_url":"https:\/\/delormdesign.com\/blog\/quelle-forme-de-table-de-jardin-choisir\/","og_site_name":"Blog Design Jardin &amp; Int\u00e9rieur | Tendance D\u00e9co","article_publisher":"https:\/\/www.facebook.com\/delormdesign\/","article_published_time":"2022-03-16T08:49:15+00:00","article_modified_time":"2023-09-20T13:16:06+00:00","og_image":[{"width":965,"height":543,"url":"https:\/\/delormdesign.com\/blog\/wp-content\/uploads\/2022\/02\/delorm_catalog_SD2001-GREY-LIGHTGREY_SD2001-GREY-LIGHTGREY-FRONT.jpg.jpg","type":"image\/jpeg"}],"author":"Lea Rigoleta","twitter_card":"summary","twitter_misc":{"Written by":"Lea Rigoleta","Est. reading time":"3 minutes"},"schema":{"@context":"https:\/\/schema.org","@graph":[{"@type":"WebSite","@id":"https:\/\/delormdesign.com\/blog\/#website","url":"https:\/\/delormdesign.com\/blog\/","name":"Blog Design Jardin &amp; Int\u00e9rieur | Tendance D\u00e9co","description":"Jardin &amp; Int\u00e9rieur | Tendance D\u00e9co","potentialAction":[{"@type":"SearchAction","target":{"@type":"EntryPoint","urlTemplate":"https:\/\/delormdesign.com\/blog\/?s={search_term_string}"},"query-input":"required name=search_term_string"}],"inLanguage":"fr-FR"},{"@type":"ImageObject","inLanguage":"fr-FR","@id":"https:\/\/delormdesign.com\/blog\/quelle-forme-de-table-de-jardin-choisir\/#primaryimage","url":"https:\/\/delormdesign.com\/blog\/wp-content\/uploads\/2022\/02\/delorm_catalog_SD2001-GREY-LIGHTGREY_SD2001-GREY-LIGHTGREY-FRONT.jpg.jpg","contentUrl":"https:\/\/delormdesign.com\/blog\/wp-content\/uploads\/2022\/02\/delorm_catalog_SD2001-GREY-LIGHTGREY_SD2001-GREY-LIGHTGREY-FRONT.jpg.jpg","width":965,"height":543,"caption":"Salon de jardin tendance 20222"},{"@type":"WebPage","@id":"https:\/\/delormdesign.com\/blog\/quelle-forme-de-table-de-jardin-choisir\/","url":"https:\/\/delormdesign.com\/blog\/quelle-forme-de-table-de-jardin-choisir\/","name":"Quelle forme de table de jardin choisir ? &bull; Blog Design Jardin &amp; Int\u00e9rieur | Tendance D\u00e9co","isPartOf":{"@id":"https:\/\/delormdesign.com\/blog\/#website"},"primaryImageOfPage":{"@id":"https:\/\/delormdesign.com\/blog\/quelle-forme-de-table-de-jardin-choisir\/#primaryimage"},"datePublished":"2022-03-16T08:49:15+00:00","dateModified":"2023-09-20T13:16:06+00:00","author":{"@id":"https:\/\/delormdesign.com\/blog\/#\/schema\/person\/a5699d6f4c2058a34009c87a8fb2d503"},"description":"Quelle forme de table de jardin choisir: De la ronde \u00e0 la rectangulaire, conseils pour un choix adapt\u00e9 \u00e0 votre espace et vos besoins.","breadcrumb":{"@id":"https:\/\/delormdesign.com\/blog\/quelle-forme-de-table-de-jardin-choisir\/#breadcrumb"},"inLanguage":"fr-FR","potentialAction":[{"@type":"ReadAction","target":["https:\/\/delormdesign.com\/blog\/quelle-forme-de-table-de-jardin-choisir\/"]}]},{"@type":"BreadcrumbList","@id":"https:\/\/delormdesign.com\/blog\/quelle-forme-de-table-de-jardin-choisir\/#breadcrumb","itemListElement":[{"@type":"ListItem","position":1,"name":"Accueil","item":"https:\/\/delormdesign.com\/blog\/"},{"@type":"ListItem","position":2,"name":"Quelle forme de table de jardin choisir ?"}]},{"@type":"Person","@id":"https:\/\/delormdesign.com\/blog\/#\/schema\/person\/a5699d6f4c2058a34009c87a8fb2d503","name":"Lea Rigoleta","image":{"@type":"ImageObject","inLanguage":"fr-FR","@id":"https:\/\/delormdesign.com\/blog\/#\/schema\/person\/image\/","url":"https:\/\/secure.gravatar.com\/avatar\/a1e61b97b259452330da26a9d5e3e335?s=96&d=mm&r=g","contentUrl":"https:\/\/secure.gravatar.com\/avatar\/a1e61b97b259452330da26a9d5e3e335?s=96&d=mm&r=g","caption":"Lea Rigoleta"},"url":"https:\/\/delormdesign.com\/blog\/author\/l-rigoleta\/"}]}},"amp_enabled":true,"_links":{"self":[{"href":"https:\/\/delormdesign.com\/blog\/wp-json\/wp\/v2\/posts\/2808"}],"collection":[{"href":"https:\/\/delormdesign.com\/blog\/wp-json\/wp\/v2\/posts"}],"about":[{"href":"https:\/\/delormdesign.com\/blog\/wp-json\/wp\/v2\/types\/post"}],"author":[{"embeddable":true,"href":"https:\/\/delormdesign.com\/blog\/wp-json\/wp\/v2\/users\/15"}],"replies":[{"embeddable":true,"href":"https:\/\/delormdesign.com\/blog\/wp-json\/wp\/v2\/comments?post=2808"}],"version-history":[{"count":6,"href":"https:\/\/delormdesign.com\/blog\/wp-json\/wp\/v2\/posts\/2808\/revisions"}],"predecessor-version":[{"id":3267,"href":"https:\/\/delormdesign.com\/blog\/wp-json\/wp\/v2\/posts\/2808\/revisions\/3267"}],"wp:featuredmedia":[{"embeddable":true,"href":"https:\/\/delormdesign.com\/blog\/wp-json\/wp\/v2\/media\/2710"}],"wp:attachment":[{"href":"https:\/\/delormdesign.com\/blog\/wp-json\/wp\/v2\/media?parent=2808"}],"wp:term":[{"taxonomy":"category","embeddable":true,"href":"https:\/\/delormdesign.com\/blog\/wp-json\/wp\/v2\/categories?post=2808"},{"taxonomy":"post_tag","embeddable":true,"href":"https:\/\/delormdesign.com\/blog\/wp-json\/wp\/v2\/tags?post=2808"}],"curies":[{"name":"wp","href":"https:\/\/api.w.org\/{rel}","templated":true}]}}