{"id":2885,"date":"2022-03-16T14:22:14","date_gmt":"2022-03-16T14:22:14","guid":{"rendered":"https:\/\/delormdesign.com\/blog\/?p=2885"},"modified":"2022-03-18T11:30:05","modified_gmt":"2022-03-18T11:30:05","slug":"quel-style-pour-un-salon-de-jardin-de-taille-moyenne","status":"publish","type":"post","link":"https:\/\/delormdesign.com\/blog\/quel-style-pour-un-salon-de-jardin-de-taille-moyenne\/","title":{"rendered":"Quel style pour un salon de jardin de taille moyenne ?"},"content":{"rendered":"\n<p>Chaque ann\u00e9e, avec l\u2019arriv\u00e9e du soleil, l\u2019envie de passer des moments dehors revient. Si vous avez la chance de poss\u00e9der un ext\u00e9rieur, le souhait d\u2019avoir un salon de jardin pour accueillir les amis et la famille refait surface. Mais comme pour l\u2019int\u00e9rieur, le style et la d\u00e9coration sont importants et il en faut pour tous les go\u00fbts. Delorm Design vous aide \u00e0 trouver le style de salon de jardin id\u00e9al pour vous.&nbsp;<\/p>\n\n\n\n<h2>Le style de votre salon de jardin en fonction des mat\u00e9riaux&nbsp;:<\/h2>\n\n\n\n<p>C\u2019est le principal \u00e9l\u00e9ment qui va conditionner le style de votre salon de jardin. Mais le mat\u00e9riau va aussi d\u00e9finir la robustesse et la dur\u00e9e de vie de votre salon de jardin de taille moyenne.<\/p>\n\n\n\n<h3>L\u2019aluminium ou l\u2019acier pour un salon de jardin design&nbsp;:<\/h3>\n\n\n\n<p>L\u2019acier ou l\u2019aluminium sont des mat\u00e9riaux robustes. L\u2019aluminium ne rouille pas avec la pluie, ne terni pas avec le soleil et ne craint pas les rayures. L\u2019aluminium et l\u2019acier donnent un style tr\u00e8s moderne et \u00e9pur\u00e9.&nbsp; De plus, l\u2019aluminium est maniable, vous pouvez donc adapter la disposition de votre <a href=\"https:\/\/delormdesign.com\/blog\/salon-de-jardin-encastrable-principe-avantages-et-prix\/\">salon de jardin<\/a> de taille moyenne en fonction de votre utilisation.&nbsp;<\/p>\n\n\n\n<h3>Le bois pour un salon de jardin chaleureux et accueillant&nbsp;:<\/h3>\n\n\n\n<p>Le bois est ind\u00e9modable. Il donne un style chaleureux, naturel et accueillant. Vous avez un choix immense de bois&nbsp;: pin, h\u00eatre, acacia, teck\u2026. Le bois est un peu plus imposant et n\u00e9cessite,&nbsp; de l\u2019entretien. Pour \u00e9viter toutes d\u00e9t\u00e9riorations que ce soit les intemp\u00e9ries ou les t\u00e2ches d\u2019usage, n\u2019oubliez pas de le vernir\/huiler. En fonction de l\u2019essence, le bois peut \u00eatre fragile. Mais les bois exotiques comme le teck demandent seulement de passer une ou deux couches d\u2019huile par an pour \u00eatre enti\u00e8rement prot\u00e9g\u00e9s. Vous pourrez \u00e9galement le laisser griser et le regarder vieillir au fil des ans.&nbsp;<\/p>\n\n\n\n<h3>Un salon de jardin chic et moderne avec la r\u00e9sine tress\u00e9e<\/h3>\n\n\n\n<p>La r\u00e9sine tress\u00e9e combine le style moderne et la r\u00e9sistance \u00e0 toute \u00e9preuve de l\u2019aluminium et le c\u00f4t\u00e9 plus classique du bois. Il donne aussi une touche \u00e9l\u00e9gante avec sa fabrication tress\u00e9e. La <a href=\"https:\/\/delormdesign.com\/blog\/salon-jardin-modulable-en-resine-tressee\/\">r\u00e9sine tress\u00e9e<\/a> a l\u2019avantage du prix et de la robustesse. C\u2019est un mat\u00e9riau l\u00e9ger qui convient parfaitement au jardin et au balcon de taille moyenne.<\/p>\n\n\n\n<h3>Un salon de jardin pratique et pas cher avec le plastique&nbsp;:<\/h3>\n\n\n\n<p>C\u2019est le salon de jardin commun. Il n\u2019est pas cher et peu \u00e9l\u00e9gant. Mais si vous souhaitez profiter de votre ext\u00e9rieur sans d\u00e9penser beaucoup d\u2019argent, vous pouvez opter pour un salon de jardin de taille moyenne en plastique. Il va vite se tacher, mais avec un coup de Karcher, il redeviendra blanc rapidement.&nbsp;<\/p>\n\n\n\n<h3>Le fer forg\u00e9 pour le c\u00f4t\u00e9 traditionnel&nbsp;:<\/h3>\n\n\n\n<p>Le fer forg\u00e9 donne un salon de jardin id\u00e9al pour un jardin avec de la v\u00e9g\u00e9tation. Si vous appliquez de l\u2019anticorrosion, le fer forg\u00e9 ne se d\u00e9t\u00e9riorera pas et donnera un charme fou \u00e0 votre jardin.<\/p>\n","protected":false},"excerpt":{"rendered":"<p>Chaque ann\u00e9e, avec l\u2019arriv\u00e9e du soleil, l\u2019envie de passer des moments dehors revient. Si vous avez la chance de poss\u00e9der un ext\u00e9rieur, le souhait d\u2019avoir un salon de jardin pour accueillir les amis et la famille refait surface. Mais comme pour l\u2019int\u00e9rieur, le style et la d\u00e9coration sont importants et il en faut pour tous [&hellip;]<\/p>\n","protected":false},"author":15,"featured_media":2832,"comment_status":"open","ping_status":"open","sticky":false,"template":"","format":"standard","meta":[],"categories":[20],"tags":[],"yoast_head":"<!-- This site is optimized with the Yoast SEO plugin v19.3 - https:\/\/yoast.com\/wordpress\/plugins\/seo\/ -->\n<title>Quel style pour un salon de jardin de taille moyenne ? | Delorm Design<\/title>\n<meta name=\"description\" content=\"Avec Delorm Design, d\u00e9couvrez les diff\u00e9rents styles de salons de jardin de taille moyenne pour profiter pleinement de votre ext\u00e9rieur\" \/>\n<meta name=\"robots\" content=\"index, follow, max-snippet:-1, max-image-preview:large, max-video-preview:-1\" \/>\n<link rel=\"canonical\" href=\"https:\/\/delormdesign.com\/blog\/quel-style-pour-un-salon-de-jardin-de-taille-moyenne\/\" \/>\n<meta property=\"og:locale\" content=\"fr_FR\" \/>\n<meta property=\"og:type\" content=\"article\" \/>\n<meta property=\"og:title\" content=\"Quel style pour un salon de jardin de taille moyenne ? | Delorm Design\" \/>\n<meta property=\"og:description\" content=\"Avec Delorm Design, d\u00e9couvrez les diff\u00e9rents styles de salons de jardin de taille moyenne pour profiter pleinement de votre ext\u00e9rieur\" \/>\n<meta property=\"og:url\" content=\"https:\/\/delormdesign.com\/blog\/quel-style-pour-un-salon-de-jardin-de-taille-moyenne\/\" \/>\n<meta property=\"og:site_name\" content=\"Blog Design Jardin &amp; Int\u00e9rieur | Tendance D\u00e9co\" \/>\n<meta property=\"article:publisher\" content=\"https:\/\/www.facebook.com\/delormdesign\/\" \/>\n<meta property=\"article:published_time\" content=\"2022-03-16T14:22:14+00:00\" \/>\n<meta property=\"article:modified_time\" content=\"2022-03-18T11:30:05+00:00\" \/>\n<meta property=\"og:image\" content=\"https:\/\/delormdesign.com\/blog\/wp-content\/uploads\/2022\/03\/salon-de-jardin-angle-table-haute-anthracite-bolonia.jpeg\" \/>\n\t<meta property=\"og:image:width\" content=\"928\" \/>\n\t<meta property=\"og:image:height\" content=\"522\" \/>\n\t<meta property=\"og:image:type\" content=\"image\/jpeg\" \/>\n<meta name=\"author\" content=\"Lea Rigoleta\" \/>\n<meta name=\"twitter:card\" content=\"summary\" \/>\n<meta name=\"twitter:label1\" content=\"Written by\" \/>\n\t<meta name=\"twitter:data1\" content=\"Lea Rigoleta\" \/>\n\t<meta name=\"twitter:label2\" content=\"Est. reading time\" \/>\n\t<meta name=\"twitter:data2\" content=\"3 minutes\" \/>\n<script type=\"application\/ld+json\" class=\"yoast-schema-graph\">{\"@context\":\"https:\/\/schema.org\",\"@graph\":[{\"@type\":\"WebSite\",\"@id\":\"https:\/\/delormdesign.com\/blog\/#website\",\"url\":\"https:\/\/delormdesign.com\/blog\/\",\"name\":\"Blog Design Jardin &amp; Int\u00e9rieur | Tendance D\u00e9co\",\"description\":\"Jardin &amp; Int\u00e9rieur | Tendance D\u00e9co\",\"potentialAction\":[{\"@type\":\"SearchAction\",\"target\":{\"@type\":\"EntryPoint\",\"urlTemplate\":\"https:\/\/delormdesign.com\/blog\/?s={search_term_string}\"},\"query-input\":\"required name=search_term_string\"}],\"inLanguage\":\"fr-FR\"},{\"@type\":\"ImageObject\",\"inLanguage\":\"fr-FR\",\"@id\":\"https:\/\/delormdesign.com\/blog\/quel-style-pour-un-salon-de-jardin-de-taille-moyenne\/#primaryimage\",\"url\":\"https:\/\/delormdesign.com\/blog\/wp-content\/uploads\/2022\/03\/salon-de-jardin-angle-table-haute-anthracite-bolonia.jpeg\",\"contentUrl\":\"https:\/\/delormdesign.com\/blog\/wp-content\/uploads\/2022\/03\/salon-de-jardin-angle-table-haute-anthracite-bolonia.jpeg\",\"width\":928,\"height\":522},{\"@type\":\"WebPage\",\"@id\":\"https:\/\/delormdesign.com\/blog\/quel-style-pour-un-salon-de-jardin-de-taille-moyenne\/\",\"url\":\"https:\/\/delormdesign.com\/blog\/quel-style-pour-un-salon-de-jardin-de-taille-moyenne\/\",\"name\":\"Quel style pour un salon de jardin de taille moyenne ? | Delorm Design\",\"isPartOf\":{\"@id\":\"https:\/\/delormdesign.com\/blog\/#website\"},\"primaryImageOfPage\":{\"@id\":\"https:\/\/delormdesign.com\/blog\/quel-style-pour-un-salon-de-jardin-de-taille-moyenne\/#primaryimage\"},\"datePublished\":\"2022-03-16T14:22:14+00:00\",\"dateModified\":\"2022-03-18T11:30:05+00:00\",\"author\":{\"@id\":\"https:\/\/delormdesign.com\/blog\/#\/schema\/person\/a5699d6f4c2058a34009c87a8fb2d503\"},\"description\":\"Avec Delorm Design, d\u00e9couvrez les diff\u00e9rents styles de salons de jardin de taille moyenne pour profiter pleinement de votre ext\u00e9rieur\",\"breadcrumb\":{\"@id\":\"https:\/\/delormdesign.com\/blog\/quel-style-pour-un-salon-de-jardin-de-taille-moyenne\/#breadcrumb\"},\"inLanguage\":\"fr-FR\",\"potentialAction\":[{\"@type\":\"ReadAction\",\"target\":[\"https:\/\/delormdesign.com\/blog\/quel-style-pour-un-salon-de-jardin-de-taille-moyenne\/\"]}]},{\"@type\":\"BreadcrumbList\",\"@id\":\"https:\/\/delormdesign.com\/blog\/quel-style-pour-un-salon-de-jardin-de-taille-moyenne\/#breadcrumb\",\"itemListElement\":[{\"@type\":\"ListItem\",\"position\":1,\"name\":\"Accueil\",\"item\":\"https:\/\/delormdesign.com\/blog\/\"},{\"@type\":\"ListItem\",\"position\":2,\"name\":\"Quel style pour un salon de jardin de taille moyenne ?\"}]},{\"@type\":\"Person\",\"@id\":\"https:\/\/delormdesign.com\/blog\/#\/schema\/person\/a5699d6f4c2058a34009c87a8fb2d503\",\"name\":\"Lea Rigoleta\",\"image\":{\"@type\":\"ImageObject\",\"inLanguage\":\"fr-FR\",\"@id\":\"https:\/\/delormdesign.com\/blog\/#\/schema\/person\/image\/\",\"url\":\"https:\/\/secure.gravatar.com\/avatar\/a1e61b97b259452330da26a9d5e3e335?s=96&d=mm&r=g\",\"contentUrl\":\"https:\/\/secure.gravatar.com\/avatar\/a1e61b97b259452330da26a9d5e3e335?s=96&d=mm&r=g\",\"caption\":\"Lea Rigoleta\"},\"url\":\"https:\/\/delormdesign.com\/blog\/author\/l-rigoleta\/\"}]}<\/script>\n<!-- \/ Yoast SEO plugin. -->","yoast_head_json":{"title":"Quel style pour un salon de jardin de taille moyenne ? | Delorm Design","description":"Avec Delorm Design, d\u00e9couvrez les diff\u00e9rents styles de salons de jardin de taille moyenne pour profiter pleinement de votre ext\u00e9rieur","robots":{"index":"index","follow":"follow","max-snippet":"max-snippet:-1","max-image-preview":"max-image-preview:large","max-video-preview":"max-video-preview:-1"},"canonical":"https:\/\/delormdesign.com\/blog\/quel-style-pour-un-salon-de-jardin-de-taille-moyenne\/","og_locale":"fr_FR","og_type":"article","og_title":"Quel style pour un salon de jardin de taille moyenne ? | Delorm Design","og_description":"Avec Delorm Design, d\u00e9couvrez les diff\u00e9rents styles de salons de jardin de taille moyenne pour profiter pleinement de votre ext\u00e9rieur","og_url":"https:\/\/delormdesign.com\/blog\/quel-style-pour-un-salon-de-jardin-de-taille-moyenne\/","og_site_name":"Blog Design Jardin &amp; Int\u00e9rieur | Tendance D\u00e9co","article_publisher":"https:\/\/www.facebook.com\/delormdesign\/","article_published_time":"2022-03-16T14:22:14+00:00","article_modified_time":"2022-03-18T11:30:05+00:00","og_image":[{"width":928,"height":522,"url":"https:\/\/delormdesign.com\/blog\/wp-content\/uploads\/2022\/03\/salon-de-jardin-angle-table-haute-anthracite-bolonia.jpeg","type":"image\/jpeg"}],"author":"Lea Rigoleta","twitter_card":"summary","twitter_misc":{"Written by":"Lea Rigoleta","Est. reading time":"3 minutes"},"schema":{"@context":"https:\/\/schema.org","@graph":[{"@type":"WebSite","@id":"https:\/\/delormdesign.com\/blog\/#website","url":"https:\/\/delormdesign.com\/blog\/","name":"Blog Design Jardin &amp; Int\u00e9rieur | Tendance D\u00e9co","description":"Jardin &amp; Int\u00e9rieur | Tendance D\u00e9co","potentialAction":[{"@type":"SearchAction","target":{"@type":"EntryPoint","urlTemplate":"https:\/\/delormdesign.com\/blog\/?s={search_term_string}"},"query-input":"required name=search_term_string"}],"inLanguage":"fr-FR"},{"@type":"ImageObject","inLanguage":"fr-FR","@id":"https:\/\/delormdesign.com\/blog\/quel-style-pour-un-salon-de-jardin-de-taille-moyenne\/#primaryimage","url":"https:\/\/delormdesign.com\/blog\/wp-content\/uploads\/2022\/03\/salon-de-jardin-angle-table-haute-anthracite-bolonia.jpeg","contentUrl":"https:\/\/delormdesign.com\/blog\/wp-content\/uploads\/2022\/03\/salon-de-jardin-angle-table-haute-anthracite-bolonia.jpeg","width":928,"height":522},{"@type":"WebPage","@id":"https:\/\/delormdesign.com\/blog\/quel-style-pour-un-salon-de-jardin-de-taille-moyenne\/","url":"https:\/\/delormdesign.com\/blog\/quel-style-pour-un-salon-de-jardin-de-taille-moyenne\/","name":"Quel style pour un salon de jardin de taille moyenne ? | Delorm Design","isPartOf":{"@id":"https:\/\/delormdesign.com\/blog\/#website"},"primaryImageOfPage":{"@id":"https:\/\/delormdesign.com\/blog\/quel-style-pour-un-salon-de-jardin-de-taille-moyenne\/#primaryimage"},"datePublished":"2022-03-16T14:22:14+00:00","dateModified":"2022-03-18T11:30:05+00:00","author":{"@id":"https:\/\/delormdesign.com\/blog\/#\/schema\/person\/a5699d6f4c2058a34009c87a8fb2d503"},"description":"Avec Delorm Design, d\u00e9couvrez les diff\u00e9rents styles de salons de jardin de taille moyenne pour profiter pleinement de votre ext\u00e9rieur","breadcrumb":{"@id":"https:\/\/delormdesign.com\/blog\/quel-style-pour-un-salon-de-jardin-de-taille-moyenne\/#breadcrumb"},"inLanguage":"fr-FR","potentialAction":[{"@type":"ReadAction","target":["https:\/\/delormdesign.com\/blog\/quel-style-pour-un-salon-de-jardin-de-taille-moyenne\/"]}]},{"@type":"BreadcrumbList","@id":"https:\/\/delormdesign.com\/blog\/quel-style-pour-un-salon-de-jardin-de-taille-moyenne\/#breadcrumb","itemListElement":[{"@type":"ListItem","position":1,"name":"Accueil","item":"https:\/\/delormdesign.com\/blog\/"},{"@type":"ListItem","position":2,"name":"Quel style pour un salon de jardin de taille moyenne ?"}]},{"@type":"Person","@id":"https:\/\/delormdesign.com\/blog\/#\/schema\/person\/a5699d6f4c2058a34009c87a8fb2d503","name":"Lea Rigoleta","image":{"@type":"ImageObject","inLanguage":"fr-FR","@id":"https:\/\/delormdesign.com\/blog\/#\/schema\/person\/image\/","url":"https:\/\/secure.gravatar.com\/avatar\/a1e61b97b259452330da26a9d5e3e335?s=96&d=mm&r=g","contentUrl":"https:\/\/secure.gravatar.com\/avatar\/a1e61b97b259452330da26a9d5e3e335?s=96&d=mm&r=g","caption":"Lea Rigoleta"},"url":"https:\/\/delormdesign.com\/blog\/author\/l-rigoleta\/"}]}},"amp_enabled":true,"_links":{"self":[{"href":"https:\/\/delormdesign.com\/blog\/wp-json\/wp\/v2\/posts\/2885"}],"collection":[{"href":"https:\/\/delormdesign.com\/blog\/wp-json\/wp\/v2\/posts"}],"about":[{"href":"https:\/\/delormdesign.com\/blog\/wp-json\/wp\/v2\/types\/post"}],"author":[{"embeddable":true,"href":"https:\/\/delormdesign.com\/blog\/wp-json\/wp\/v2\/users\/15"}],"replies":[{"embeddable":true,"href":"https:\/\/delormdesign.com\/blog\/wp-json\/wp\/v2\/comments?post=2885"}],"version-history":[{"count":3,"href":"https:\/\/delormdesign.com\/blog\/wp-json\/wp\/v2\/posts\/2885\/revisions"}],"predecessor-version":[{"id":3220,"href":"https:\/\/delormdesign.com\/blog\/wp-json\/wp\/v2\/posts\/2885\/revisions\/3220"}],"wp:featuredmedia":[{"embeddable":true,"href":"https:\/\/delormdesign.com\/blog\/wp-json\/wp\/v2\/media\/2832"}],"wp:attachment":[{"href":"https:\/\/delormdesign.com\/blog\/wp-json\/wp\/v2\/media?parent=2885"}],"wp:term":[{"taxonomy":"category","embeddable":true,"href":"https:\/\/delormdesign.com\/blog\/wp-json\/wp\/v2\/categories?post=2885"},{"taxonomy":"post_tag","embeddable":true,"href":"https:\/\/delormdesign.com\/blog\/wp-json\/wp\/v2\/tags?post=2885"}],"curies":[{"name":"wp","href":"https:\/\/api.w.org\/{rel}","templated":true}]}}