{"id":348,"date":"2017-02-27T14:48:02","date_gmt":"2017-02-27T14:48:02","guid":{"rendered":"https:\/\/delormdesign.com\/blog\/?p=348"},"modified":"2023-09-20T14:12:38","modified_gmt":"2023-09-20T14:12:38","slug":"comment-integrer-son-barbecue-en-terrasse","status":"publish","type":"post","link":"https:\/\/delormdesign.com\/blog\/comment-integrer-son-barbecue-en-terrasse\/","title":{"rendered":"Comment int\u00e9grer sa plancha ou son barbecue en terrasse ?"},"content":{"rendered":"<p>Nous sommes nombreux \u00e0 consid\u00e9rer la terrasse comme un lieu de rassemblement id\u00e9al auquel on conf\u00e8re les qualificatifs de convivialit\u00e9 et de d\u00e9tente. C\u2019est un endroit o\u00f9 on aime se r\u00e9unir et partager avec nos amis et familles, des discussions autour d\u2019un barbecue.<\/p>\n<p>Savez-vous qu\u2019il existe mille et une id\u00e9es d\u2019inspiration pour bien am\u00e9nager sa terrasse, rien qu\u2019en y int\u00e9grant une plancha ou un barbecue? Pas encore convaincus? Pourquoi ne pas miser sur le mix gagnant &#8220;cuisine-terrasse&#8221;&nbsp;pour la nouvelle ann\u00e9e?<\/p>\n<p><strong>Voici 4 mani\u00e8res astucieuses qui apporteront sans conteste de l\u2019innovation \u00e0 votre terrasse&nbsp;!<\/strong><\/p>\n<p><!--more--><\/p>\n<h3>1.&nbsp;&nbsp;&nbsp; L\u2019inspiration zen<\/h3>\n<p id=\"VacmUtb\"><img loading=\"lazy\" width=\"568\" height=\"380\" class=\"alignnone size-full wp-image-349 aligncenter\" src=\"https:\/\/delormdesign.com\/blog\/wp-content\/uploads\/2017\/02\/img_58b43ad11265d.png\" alt=\"\" srcset=\"https:\/\/delormdesign.com\/blog\/wp-content\/uploads\/2017\/02\/img_58b43ad11265d.png 568w, https:\/\/delormdesign.com\/blog\/wp-content\/uploads\/2017\/02\/img_58b43ad11265d-300x201.png 300w\" sizes=\"(max-width: 568px) 100vw, 568px\" \/><\/p>\n<p>La mise en place d\u2019une terrasse zen va souvent de pair avec la cr\u00e9ation en terrasse, d\u2019un espace de bien-\u00eatre propice au repos. L\u2019avantage de cette variante de terrasse repose sur le fait que le barbecue sera un pr\u00e9texte parfait pour rapprocher le chef cuisinier de la table des convives. Vous avez le choix de placer sur la terrasse, un <a href=\"https:\/\/delormdesign.com\/31-barbecue\"><strong>barbecue moderne<\/strong><\/a> que vous pourrez facilement d\u00e9placer.<\/p>\n<p>C\u2019est par exemple le cas de certains barbecues s\u00e9curis\u00e9s de la marque Barbecook. L\u2019id\u00e9e serait d\u2019y installer par exemple une fontaine zen \u00e0 proximit\u00e9 d\u2019un salon de jardin afin de recr\u00e9er une ambiance cosy pour des soir\u00e9es tranquilles en terrasse.<\/p>\n<h3>2.&nbsp;&nbsp;&nbsp; La terrasse en bois am\u00e9nag\u00e9e mise \u00e0 l\u2019honneur<\/h3>\n<p id=\"xXlGcxH\"><img loading=\"lazy\" width=\"492\" height=\"499\" class=\"alignnone size-full wp-image-350 aligncenter\" src=\"https:\/\/delormdesign.com\/blog\/wp-content\/uploads\/2017\/02\/img_58b43af8612e8.png\" alt=\"\" srcset=\"https:\/\/delormdesign.com\/blog\/wp-content\/uploads\/2017\/02\/img_58b43af8612e8.png 492w, https:\/\/delormdesign.com\/blog\/wp-content\/uploads\/2017\/02\/img_58b43af8612e8-296x300.png 296w\" sizes=\"(max-width: 492px) 100vw, 492px\" \/><\/p>\n<p>A la mani\u00e8re d\u2019une maison de p\u00eacheur ou d\u2019un bungalow de vacances, l\u2019int\u00e9gration d\u2019une terrasse en bois am\u00e9nag\u00e9e offre un avantage cons\u00e9quent&nbsp;: celui de vous permettre de profiter d\u2019une cuisine ext\u00e9rieure gr\u00e2ce \u00e0 la mise en place d\u2019un barbecue \u00e0 gaz int\u00e9gr\u00e9 ou d\u2019une plancha \u00e0 roulette! Cuisiner sous la pluie, le soleil ou le vent&nbsp;: voil\u00e0 l\u2019objectif premier de ce type d\u2019installation originale.<\/p>\n<p>Autre avantage non n\u00e9gligeable de la terrasse en bois am\u00e9nag\u00e9e&nbsp;: elle limite au maximum les mati\u00e8res grasses, pour plus de pr\u00e9parations culinaires saines&nbsp;! Crevettes en marinade, l\u00e9gumes grill\u00e9s ou en brochettes, moules \u00e0 la plancha\u2026 le choix est vaste.<\/p>\n<h3>3.&nbsp;&nbsp;&nbsp; Le barbecue \u00e0 gaz comme \u00e9l\u00e9ment d\u00e9coratif<\/h3>\n<p id=\"PyaYQae\"><img loading=\"lazy\" width=\"523\" height=\"300\" class=\"alignnone size-full wp-image-351 aligncenter\" src=\"https:\/\/delormdesign.com\/blog\/wp-content\/uploads\/2017\/02\/img_58b43b141cac7.png\" alt=\"\" srcset=\"https:\/\/delormdesign.com\/blog\/wp-content\/uploads\/2017\/02\/img_58b43b141cac7.png 523w, https:\/\/delormdesign.com\/blog\/wp-content\/uploads\/2017\/02\/img_58b43b141cac7-300x172.png 300w\" sizes=\"(max-width: 523px) 100vw, 523px\" \/><\/p>\n<p>Le barbecue \u00e0 gaz constitue une alternative int\u00e9ressante pour am\u00e9nager sa terrasse. Ce sera pour vous l\u2019occasion de jouer sur des tons de coloris entre le gris et le vert anis, \u00e0 diff\u00e9rents endroits de la terrasse pour un r\u00e9sultat \u00e0 la fois moderne et acidul\u00e9. Vous pourrez de ce fait alterner ces coloris au niveau des chaises et des pans de murs, des coloris que vous marierez avec des carreaux clairs et faciles \u00e0 nettoyer. Cette variante de d\u00e9coration sera parfaite pour \u00e9gayer une petite terrasse.<\/p>\n<h3>4.&nbsp;&nbsp;&nbsp; La terrasse abrit\u00e9e faisant office de pergola<\/h3>\n<p id=\"DLwvUxO\"><img loading=\"lazy\" width=\"558\" height=\"371\" class=\"alignnone size-full wp-image-352 aligncenter\" src=\"https:\/\/delormdesign.com\/blog\/wp-content\/uploads\/2017\/02\/img_58b43b2c257a7.png\" alt=\"\" srcset=\"https:\/\/delormdesign.com\/blog\/wp-content\/uploads\/2017\/02\/img_58b43b2c257a7.png 558w, https:\/\/delormdesign.com\/blog\/wp-content\/uploads\/2017\/02\/img_58b43b2c257a7-300x199.png 300w\" sizes=\"(max-width: 558px) 100vw, 558px\" \/><\/p>\n<p>C\u2019est le cas de la cuisine abrit\u00e9e 2 en 1. On l\u2019appr\u00e9ciera notamment pour le charme qu\u2019elle procure \u00e0 votre terrasse.<\/p>\n<p>Vous pourrez ainsi y installer une belle plancha si vous disposez d\u2019assez d\u2019espace pour prolonger l\u2019espace de travail. Celui-ci fera \u00e9galement office de s\u00e9paration entre votre jardin et votre terrasse. Si vous voulez parfaire la d\u00e9co, n\u2019h\u00e9sitez surtout pas \u00e0 miser sur des plantes d\u2019ext\u00e9rieurs comme la glycine, les pois de senteur ou les lierres qui recr\u00e9eront une ambiance nature \u00e0 votre terrasse, mais aussi \u00e0 faire pousser du gazon pour plus de verdure autour de votre installation.<\/p>\n<p>&nbsp;<\/p>\n<p>&nbsp;<\/p>\n","protected":false},"excerpt":{"rendered":"<p>Nous sommes nombreux \u00e0 consid\u00e9rer la terrasse comme un lieu de rassemblement id\u00e9al auquel on conf\u00e8re les qualificatifs de convivialit\u00e9 et de d\u00e9tente. C\u2019est un endroit o\u00f9 on aime se r\u00e9unir et partager avec nos amis et familles, des discussions autour d\u2019un barbecue. Savez-vous qu\u2019il existe mille et une id\u00e9es d\u2019inspiration pour bien am\u00e9nager sa [&hellip;]<\/p>\n","protected":false},"author":15,"featured_media":353,"comment_status":"open","ping_status":"open","sticky":false,"template":"","format":"standard","meta":[],"categories":[4],"tags":[],"yoast_head":"<!-- This site is optimized with the Yoast SEO plugin v19.3 - https:\/\/yoast.com\/wordpress\/plugins\/seo\/ -->\n<title>Comment int\u00e9grer sa plancha ou son barbecue en terrasse ? &bull; Blog Design Jardin &amp; Int\u00e9rieur | Tendance D\u00e9co<\/title>\n<meta name=\"description\" content=\"Comment int\u00e9grer sa plancha ou son barbecue en terrasse?: Astuces d&#039;am\u00e9nagement pour une cuisine ext\u00e9rieure harmonieuse et fonctionnelle. D\u00e9couvrez comment!\" \/>\n<meta name=\"robots\" content=\"index, follow, max-snippet:-1, max-image-preview:large, max-video-preview:-1\" \/>\n<link rel=\"canonical\" href=\"https:\/\/delormdesign.com\/blog\/comment-integrer-son-barbecue-en-terrasse\/\" \/>\n<meta property=\"og:locale\" content=\"fr_FR\" \/>\n<meta property=\"og:type\" content=\"article\" \/>\n<meta property=\"og:title\" content=\"Comment int\u00e9grer sa plancha ou son barbecue en terrasse ? &bull; Blog Design Jardin &amp; Int\u00e9rieur | Tendance D\u00e9co\" \/>\n<meta property=\"og:description\" content=\"Comment int\u00e9grer sa plancha ou son barbecue en terrasse?: Astuces d&#039;am\u00e9nagement pour une cuisine ext\u00e9rieure harmonieuse et fonctionnelle. D\u00e9couvrez comment!\" \/>\n<meta property=\"og:url\" content=\"https:\/\/delormdesign.com\/blog\/comment-integrer-son-barbecue-en-terrasse\/\" \/>\n<meta property=\"og:site_name\" content=\"Blog Design Jardin &amp; Int\u00e9rieur | Tendance D\u00e9co\" \/>\n<meta property=\"article:publisher\" content=\"https:\/\/www.facebook.com\/delormdesign\/\" \/>\n<meta property=\"article:published_time\" content=\"2017-02-27T14:48:02+00:00\" \/>\n<meta property=\"article:modified_time\" content=\"2023-09-20T14:12:38+00:00\" \/>\n<meta property=\"og:image\" content=\"https:\/\/delormdesign.com\/blog\/wp-content\/uploads\/2017\/02\/barbecue-terrasse.png\" \/>\n\t<meta property=\"og:image:width\" content=\"621\" \/>\n\t<meta property=\"og:image:height\" content=\"413\" \/>\n\t<meta property=\"og:image:type\" content=\"image\/png\" \/>\n<meta name=\"author\" content=\"Lea Rigoleta\" \/>\n<meta name=\"twitter:card\" content=\"summary\" \/>\n<meta name=\"twitter:label1\" content=\"Written by\" \/>\n\t<meta name=\"twitter:data1\" content=\"Lea Rigoleta\" \/>\n\t<meta name=\"twitter:label2\" content=\"Est. reading time\" \/>\n\t<meta name=\"twitter:data2\" content=\"4 minutes\" \/>\n<script type=\"application\/ld+json\" class=\"yoast-schema-graph\">{\"@context\":\"https:\/\/schema.org\",\"@graph\":[{\"@type\":\"WebSite\",\"@id\":\"https:\/\/delormdesign.com\/blog\/#website\",\"url\":\"https:\/\/delormdesign.com\/blog\/\",\"name\":\"Blog Design Jardin &amp; Int\u00e9rieur | Tendance D\u00e9co\",\"description\":\"Jardin &amp; Int\u00e9rieur | Tendance D\u00e9co\",\"potentialAction\":[{\"@type\":\"SearchAction\",\"target\":{\"@type\":\"EntryPoint\",\"urlTemplate\":\"https:\/\/delormdesign.com\/blog\/?s={search_term_string}\"},\"query-input\":\"required name=search_term_string\"}],\"inLanguage\":\"fr-FR\"},{\"@type\":\"ImageObject\",\"inLanguage\":\"fr-FR\",\"@id\":\"https:\/\/delormdesign.com\/blog\/comment-integrer-son-barbecue-en-terrasse\/#primaryimage\",\"url\":\"https:\/\/delormdesign.com\/blog\/wp-content\/uploads\/2017\/02\/barbecue-terrasse.png\",\"contentUrl\":\"https:\/\/delormdesign.com\/blog\/wp-content\/uploads\/2017\/02\/barbecue-terrasse.png\",\"width\":621,\"height\":413,\"caption\":\"Barbecue terrasse\"},{\"@type\":\"WebPage\",\"@id\":\"https:\/\/delormdesign.com\/blog\/comment-integrer-son-barbecue-en-terrasse\/\",\"url\":\"https:\/\/delormdesign.com\/blog\/comment-integrer-son-barbecue-en-terrasse\/\",\"name\":\"Comment int\u00e9grer sa plancha ou son barbecue en terrasse ? &bull; Blog Design Jardin &amp; Int\u00e9rieur | Tendance D\u00e9co\",\"isPartOf\":{\"@id\":\"https:\/\/delormdesign.com\/blog\/#website\"},\"primaryImageOfPage\":{\"@id\":\"https:\/\/delormdesign.com\/blog\/comment-integrer-son-barbecue-en-terrasse\/#primaryimage\"},\"datePublished\":\"2017-02-27T14:48:02+00:00\",\"dateModified\":\"2023-09-20T14:12:38+00:00\",\"author\":{\"@id\":\"https:\/\/delormdesign.com\/blog\/#\/schema\/person\/a5699d6f4c2058a34009c87a8fb2d503\"},\"description\":\"Comment int\u00e9grer sa plancha ou son barbecue en terrasse?: Astuces d'am\u00e9nagement pour une cuisine ext\u00e9rieure harmonieuse et fonctionnelle. D\u00e9couvrez comment!\",\"breadcrumb\":{\"@id\":\"https:\/\/delormdesign.com\/blog\/comment-integrer-son-barbecue-en-terrasse\/#breadcrumb\"},\"inLanguage\":\"fr-FR\",\"potentialAction\":[{\"@type\":\"ReadAction\",\"target\":[\"https:\/\/delormdesign.com\/blog\/comment-integrer-son-barbecue-en-terrasse\/\"]}]},{\"@type\":\"BreadcrumbList\",\"@id\":\"https:\/\/delormdesign.com\/blog\/comment-integrer-son-barbecue-en-terrasse\/#breadcrumb\",\"itemListElement\":[{\"@type\":\"ListItem\",\"position\":1,\"name\":\"Accueil\",\"item\":\"https:\/\/delormdesign.com\/blog\/\"},{\"@type\":\"ListItem\",\"position\":2,\"name\":\"Comment int\u00e9grer sa plancha ou son barbecue en terrasse ?\"}]},{\"@type\":\"Person\",\"@id\":\"https:\/\/delormdesign.com\/blog\/#\/schema\/person\/a5699d6f4c2058a34009c87a8fb2d503\",\"name\":\"Lea Rigoleta\",\"image\":{\"@type\":\"ImageObject\",\"inLanguage\":\"fr-FR\",\"@id\":\"https:\/\/delormdesign.com\/blog\/#\/schema\/person\/image\/\",\"url\":\"https:\/\/secure.gravatar.com\/avatar\/a1e61b97b259452330da26a9d5e3e335?s=96&d=mm&r=g\",\"contentUrl\":\"https:\/\/secure.gravatar.com\/avatar\/a1e61b97b259452330da26a9d5e3e335?s=96&d=mm&r=g\",\"caption\":\"Lea Rigoleta\"},\"url\":\"https:\/\/delormdesign.com\/blog\/author\/l-rigoleta\/\"}]}<\/script>\n<!-- \/ Yoast SEO plugin. -->","yoast_head_json":{"title":"Comment int\u00e9grer sa plancha ou son barbecue en terrasse ? &bull; Blog Design Jardin &amp; Int\u00e9rieur | Tendance D\u00e9co","description":"Comment int\u00e9grer sa plancha ou son barbecue en terrasse?: Astuces d'am\u00e9nagement pour une cuisine ext\u00e9rieure harmonieuse et fonctionnelle. D\u00e9couvrez comment!","robots":{"index":"index","follow":"follow","max-snippet":"max-snippet:-1","max-image-preview":"max-image-preview:large","max-video-preview":"max-video-preview:-1"},"canonical":"https:\/\/delormdesign.com\/blog\/comment-integrer-son-barbecue-en-terrasse\/","og_locale":"fr_FR","og_type":"article","og_title":"Comment int\u00e9grer sa plancha ou son barbecue en terrasse ? &bull; Blog Design Jardin &amp; Int\u00e9rieur | Tendance D\u00e9co","og_description":"Comment int\u00e9grer sa plancha ou son barbecue en terrasse?: Astuces d'am\u00e9nagement pour une cuisine ext\u00e9rieure harmonieuse et fonctionnelle. D\u00e9couvrez comment!","og_url":"https:\/\/delormdesign.com\/blog\/comment-integrer-son-barbecue-en-terrasse\/","og_site_name":"Blog Design Jardin &amp; Int\u00e9rieur | Tendance D\u00e9co","article_publisher":"https:\/\/www.facebook.com\/delormdesign\/","article_published_time":"2017-02-27T14:48:02+00:00","article_modified_time":"2023-09-20T14:12:38+00:00","og_image":[{"width":621,"height":413,"url":"https:\/\/delormdesign.com\/blog\/wp-content\/uploads\/2017\/02\/barbecue-terrasse.png","type":"image\/png"}],"author":"Lea Rigoleta","twitter_card":"summary","twitter_misc":{"Written by":"Lea Rigoleta","Est. reading time":"4 minutes"},"schema":{"@context":"https:\/\/schema.org","@graph":[{"@type":"WebSite","@id":"https:\/\/delormdesign.com\/blog\/#website","url":"https:\/\/delormdesign.com\/blog\/","name":"Blog Design Jardin &amp; Int\u00e9rieur | Tendance D\u00e9co","description":"Jardin &amp; Int\u00e9rieur | Tendance D\u00e9co","potentialAction":[{"@type":"SearchAction","target":{"@type":"EntryPoint","urlTemplate":"https:\/\/delormdesign.com\/blog\/?s={search_term_string}"},"query-input":"required name=search_term_string"}],"inLanguage":"fr-FR"},{"@type":"ImageObject","inLanguage":"fr-FR","@id":"https:\/\/delormdesign.com\/blog\/comment-integrer-son-barbecue-en-terrasse\/#primaryimage","url":"https:\/\/delormdesign.com\/blog\/wp-content\/uploads\/2017\/02\/barbecue-terrasse.png","contentUrl":"https:\/\/delormdesign.com\/blog\/wp-content\/uploads\/2017\/02\/barbecue-terrasse.png","width":621,"height":413,"caption":"Barbecue terrasse"},{"@type":"WebPage","@id":"https:\/\/delormdesign.com\/blog\/comment-integrer-son-barbecue-en-terrasse\/","url":"https:\/\/delormdesign.com\/blog\/comment-integrer-son-barbecue-en-terrasse\/","name":"Comment int\u00e9grer sa plancha ou son barbecue en terrasse ? &bull; Blog Design Jardin &amp; Int\u00e9rieur | Tendance D\u00e9co","isPartOf":{"@id":"https:\/\/delormdesign.com\/blog\/#website"},"primaryImageOfPage":{"@id":"https:\/\/delormdesign.com\/blog\/comment-integrer-son-barbecue-en-terrasse\/#primaryimage"},"datePublished":"2017-02-27T14:48:02+00:00","dateModified":"2023-09-20T14:12:38+00:00","author":{"@id":"https:\/\/delormdesign.com\/blog\/#\/schema\/person\/a5699d6f4c2058a34009c87a8fb2d503"},"description":"Comment int\u00e9grer sa plancha ou son barbecue en terrasse?: Astuces d'am\u00e9nagement pour une cuisine ext\u00e9rieure harmonieuse et fonctionnelle. D\u00e9couvrez comment!","breadcrumb":{"@id":"https:\/\/delormdesign.com\/blog\/comment-integrer-son-barbecue-en-terrasse\/#breadcrumb"},"inLanguage":"fr-FR","potentialAction":[{"@type":"ReadAction","target":["https:\/\/delormdesign.com\/blog\/comment-integrer-son-barbecue-en-terrasse\/"]}]},{"@type":"BreadcrumbList","@id":"https:\/\/delormdesign.com\/blog\/comment-integrer-son-barbecue-en-terrasse\/#breadcrumb","itemListElement":[{"@type":"ListItem","position":1,"name":"Accueil","item":"https:\/\/delormdesign.com\/blog\/"},{"@type":"ListItem","position":2,"name":"Comment int\u00e9grer sa plancha ou son barbecue en terrasse ?"}]},{"@type":"Person","@id":"https:\/\/delormdesign.com\/blog\/#\/schema\/person\/a5699d6f4c2058a34009c87a8fb2d503","name":"Lea Rigoleta","image":{"@type":"ImageObject","inLanguage":"fr-FR","@id":"https:\/\/delormdesign.com\/blog\/#\/schema\/person\/image\/","url":"https:\/\/secure.gravatar.com\/avatar\/a1e61b97b259452330da26a9d5e3e335?s=96&d=mm&r=g","contentUrl":"https:\/\/secure.gravatar.com\/avatar\/a1e61b97b259452330da26a9d5e3e335?s=96&d=mm&r=g","caption":"Lea Rigoleta"},"url":"https:\/\/delormdesign.com\/blog\/author\/l-rigoleta\/"}]}},"amp_enabled":true,"_links":{"self":[{"href":"https:\/\/delormdesign.com\/blog\/wp-json\/wp\/v2\/posts\/348"}],"collection":[{"href":"https:\/\/delormdesign.com\/blog\/wp-json\/wp\/v2\/posts"}],"about":[{"href":"https:\/\/delormdesign.com\/blog\/wp-json\/wp\/v2\/types\/post"}],"author":[{"embeddable":true,"href":"https:\/\/delormdesign.com\/blog\/wp-json\/wp\/v2\/users\/15"}],"replies":[{"embeddable":true,"href":"https:\/\/delormdesign.com\/blog\/wp-json\/wp\/v2\/comments?post=348"}],"version-history":[{"count":2,"href":"https:\/\/delormdesign.com\/blog\/wp-json\/wp\/v2\/posts\/348\/revisions"}],"predecessor-version":[{"id":3277,"href":"https:\/\/delormdesign.com\/blog\/wp-json\/wp\/v2\/posts\/348\/revisions\/3277"}],"wp:featuredmedia":[{"embeddable":true,"href":"https:\/\/delormdesign.com\/blog\/wp-json\/wp\/v2\/media\/353"}],"wp:attachment":[{"href":"https:\/\/delormdesign.com\/blog\/wp-json\/wp\/v2\/media?parent=348"}],"wp:term":[{"taxonomy":"category","embeddable":true,"href":"https:\/\/delormdesign.com\/blog\/wp-json\/wp\/v2\/categories?post=348"},{"taxonomy":"post_tag","embeddable":true,"href":"https:\/\/delormdesign.com\/blog\/wp-json\/wp\/v2\/tags?post=348"}],"curies":[{"name":"wp","href":"https:\/\/api.w.org\/{rel}","templated":true}]}}