{"id":429,"date":"2017-04-26T12:27:07","date_gmt":"2017-04-26T12:27:07","guid":{"rendered":"https:\/\/delormdesign.com\/blog\/?p=429"},"modified":"2022-03-18T09:30:38","modified_gmt":"2022-03-18T09:30:38","slug":"creer-plage-privee-jardin","status":"publish","type":"post","link":"https:\/\/delormdesign.com\/blog\/creer-plage-privee-jardin\/","title":{"rendered":"Cr\u00e9er une \u00ab plage priv\u00e9e \u00bb dans son jardin"},"content":{"rendered":"<p>Les week-ends \u00e0 la plage sont souvent des moments appr\u00e9ci\u00e9s par toute la famille mais ce n&#8217;est pas forc\u00e9ment \u00e9vident d&#8217;y aller r\u00e9guli\u00e8rement quand on est situ\u00e9 loin de notre littoral, surtout pour des raisons de budget.<\/p>\n<p>Si vous avez un jardin, pourquoi ne pas en<strong> transformer une partie en plage priv\u00e9e<\/strong>\u00a0?<br \/>\nNous allons vous donner dans cet article quelques astuces pour le que votre jardin ressemble \u00e0 une plage \u00e0 votre image, au del\u00e0 des traditionnels parasols, <a href=\"https:\/\/delormdesign.com\/160-bain-de-soleil-resine-tressee\">bains de soleil<\/a>, hamac ou serviettes de plage.<!--more--><\/p>\n<h2><strong>Le sable, l&#8217;\u00e9l\u00e9ment indispensable<\/strong><\/h2>\n<p>Lorsque l&#8217;on pense \u00e0 une plage, on imagine tout de suite du sable ou des galets. Pour des raisons de confort, nous sommes g\u00e9n\u00e9ralement plus attir\u00e9s par du sable fin qui nous rappelle parfois des destinations paradisiaques\u00a0: Ile Maurice, Corse, Martinique, Maldives, etc&#8230;<br \/>\nPour avoir le meilleur r\u00e9sultat possible, il faudra faire preuve d\u2019imagination et de cr\u00e9ativit\u00e9.<br \/>\nLe rapport qualit\u00e9 prix optimal consiste \u00e0 acheter du sable pour les bacs \u00e0 sable d&#8217;enfants dans des grandes surfaces sp\u00e9cialis\u00e9es. Des sacs de plus de 15 kgs ne sont pas tr\u00e8s on\u00e9reux et permettent de recouvrir des surfaces assez \u00e9lev\u00e9es.<\/p>\n<p>Il faudra compter au moins 4kg de sable par m\u00e8tre carr\u00e9, en fonction du \u00ab\u00a0moelleux\u00a0\u00bb que vous recherchez et bien-sur, si vos enfants pr\u00e9voient de faire des ch\u00e2teaux de sable, il faudra compter au moins le double\u00a0: 8 kgs de sable au m\u00e8tre carr\u00e9 afin d&#8217;avoir une profondeur importante.<br \/>\nSi vous poss\u00e9dez une piscine, attention \u00e0 ce que le sable ne soit pas trop proche de cette derni\u00e8re\u00a0: en effet, les grains peuvent boucher les filtres et endommager les diff\u00e9rentes pompes. Derni\u00e8re astuce\u00a0: si l\u2019espace s\u2019y pr\u00eate, <u><a href=\"https:\/\/delormdesign.com\/160-bain-de-soleil-resine-tressee\">optez donc pour un bain de soleil en r\u00e9sine tr\u00e9ss\u00e9<\/a><\/u><\/p>\n<h2><strong>D\u00e9limiter votre plage avec des ganivelles<\/strong><\/h2>\n<p><img loading=\"lazy\" class=\"size-medium wp-image-432 aligncenter\" src=\"https:\/\/delormdesign.com\/blog\/wp-content\/uploads\/2017\/04\/ganivelle-en-ecart-de-2-et-4-cm-1-300x300.jpg\" alt=\"ganivelle\" width=\"300\" height=\"300\" srcset=\"https:\/\/delormdesign.com\/blog\/wp-content\/uploads\/2017\/04\/ganivelle-en-ecart-de-2-et-4-cm-1-300x300.jpg 300w, https:\/\/delormdesign.com\/blog\/wp-content\/uploads\/2017\/04\/ganivelle-en-ecart-de-2-et-4-cm-1-150x150.jpg 150w, https:\/\/delormdesign.com\/blog\/wp-content\/uploads\/2017\/04\/ganivelle-en-ecart-de-2-et-4-cm-1.jpg 600w\" sizes=\"(max-width: 300px) 100vw, 300px\" \/><\/p>\n<p><strong>La ganivelle<\/strong> est une cl\u00f4ture ajour\u00e9e fabriqu\u00e9e avec diff\u00e9rents types de bois\u00a0: le plus connu est le ch\u00e2taignier. C&#8217;est ce produit qui est utilis\u00e9 sur les littoraux Fran\u00e7ais pour sa robustesse, son installation facile (elle est vendue sous dorme de rouleaux, NDLR) et son int\u00e9gration naturelle dans les paysages de nos c\u00f4tes.<br \/>\nPour d\u00e9limiter votre <em>plage de jardin<\/em>, cette cl\u00f4ture sera id\u00e9ale car sa hauteur d\u00e9marre \u00e0 50 cm.<br \/>\nVous aurez le choix de l&#8217;int\u00e9grer de mani\u00e8re plus ou moins importante dans votre environnement gr\u00e2ce \u00e0 sa hauteur, qui peut aller jusqu&#8217;\u00e0 2 m\u00e8tres. Elle aura aussi l&#8217;avantage de bloquer l&#8217;acc\u00e8s aux animaux (chien, chat, \u2026) qui aiment g\u00e9n\u00e9ralement le sable soit pour creuser soit pour y faire leurs besoins.<\/p>\n<p>Plus d&#8217;informations chez ce fabricant\u00a0: <u><a href=\"https:\/\/cloturedeco.fr\/12-clotures-ganivelle-en-bois\">https:\/\/cloturedeco.fr\/12-clotures-ganivelle-en-bois<\/a><\/u><\/p>\n<h2><strong>Planter de l\u2019\u00c9lyme des sables<\/strong><\/h2>\n<p>On retrouve tr\u00e8s souvent cette plante sur les plages, car elle est g\u00e9n\u00e9tiquement tr\u00e8s \u00e0 l\u2019aise dans les environnements sablonneux et tr\u00e8s expos\u00e9s au vent. Vous aurez probablement peu de vent dans votre jardin mais pour re-cr\u00e9er l&#8217;environnement v\u00e9g\u00e9tal c&#8217;est le produit id\u00e9al et peu co\u00fbteux.<br \/>\nEn France, c\u2019est une esp\u00e8ce prot\u00e9g\u00e9e de liste1, il faudra vous en procurer en espace sp\u00e9cialis\u00e9. L\u2019<strong>\u00e9lyme<\/strong> des sables est vendu en motte qui vous pourrez replanter directement dans votre sable, si vous avez assez d\u2019\u00e9paisseur ou bien en pot.<\/p>\n<p>Plus d&#8217;informations sur <u><a href=\"https:\/\/inpn.mnhn.fr\/espece\/cd_nom\/105870\">https:\/\/inpn.mnhn.fr\/espece\/cd_nom\/105870<\/a><\/u><\/p>\n<p>&nbsp;<\/p>\n<p>Cr\u00e9dit photo plage\u00a0: <a href=\"https:\/\/www.guideilemaurice.fr\/\"><u>https:\/\/www.guideilemaurice.fr\/<\/u><\/a><\/p>\n<p>&nbsp;<\/p>\n","protected":false},"excerpt":{"rendered":"<p>Les week-ends \u00e0 la plage sont souvent des moments appr\u00e9ci\u00e9s par toute la famille mais ce n&#8217;est pas forc\u00e9ment \u00e9vident d&#8217;y aller r\u00e9guli\u00e8rement quand on est situ\u00e9 loin de notre littoral, surtout pour des raisons de budget. Si vous avez un jardin, pourquoi ne pas en transformer une partie en plage priv\u00e9e\u00a0? Nous allons vous [&hellip;]<\/p>\n","protected":false},"author":15,"featured_media":431,"comment_status":"open","ping_status":"open","sticky":false,"template":"","format":"standard","meta":[],"categories":[4],"tags":[],"yoast_head":"<!-- This site is optimized with the Yoast SEO plugin v19.3 - https:\/\/yoast.com\/wordpress\/plugins\/seo\/ -->\n<title>Cr\u00e9er une \u00ab plage priv\u00e9e \u00bb dans son jardin &bull; Blog Design Jardin &amp; Int\u00e9rieur | Tendance D\u00e9co<\/title>\n<meta name=\"description\" content=\"Pourquoi ne pas transformer une partie de votre jardin en plage priv\u00e9e ? Retrouvez les meilleurs conseils pour retrouver les \u00e9l\u00e9ments de la plage chez vous.\" \/>\n<meta name=\"robots\" content=\"index, follow, max-snippet:-1, max-image-preview:large, max-video-preview:-1\" \/>\n<link rel=\"canonical\" href=\"https:\/\/delormdesign.com\/blog\/creer-plage-privee-jardin\/\" \/>\n<meta property=\"og:locale\" content=\"fr_FR\" \/>\n<meta property=\"og:type\" content=\"article\" \/>\n<meta property=\"og:title\" content=\"Cr\u00e9er une \u00ab plage priv\u00e9e \u00bb dans son jardin &bull; Blog Design Jardin &amp; Int\u00e9rieur | Tendance D\u00e9co\" \/>\n<meta property=\"og:description\" content=\"Pourquoi ne pas transformer une partie de votre jardin en plage priv\u00e9e ? Retrouvez les meilleurs conseils pour retrouver les \u00e9l\u00e9ments de la plage chez vous.\" \/>\n<meta property=\"og:url\" content=\"https:\/\/delormdesign.com\/blog\/creer-plage-privee-jardin\/\" \/>\n<meta property=\"og:site_name\" content=\"Blog Design Jardin &amp; Int\u00e9rieur | Tendance D\u00e9co\" \/>\n<meta property=\"article:publisher\" content=\"https:\/\/www.facebook.com\/delormdesign\/\" \/>\n<meta property=\"article:published_time\" content=\"2017-04-26T12:27:07+00:00\" \/>\n<meta property=\"article:modified_time\" content=\"2022-03-18T09:30:38+00:00\" \/>\n<meta property=\"og:image\" content=\"https:\/\/delormdesign.com\/blog\/wp-content\/uploads\/2017\/04\/plage-ile-maurice-1.jpg\" \/>\n\t<meta property=\"og:image:width\" content=\"1280\" \/>\n\t<meta property=\"og:image:height\" content=\"850\" \/>\n\t<meta property=\"og:image:type\" content=\"image\/jpeg\" \/>\n<meta name=\"author\" content=\"Lea Rigoleta\" \/>\n<meta name=\"twitter:card\" content=\"summary\" \/>\n<meta name=\"twitter:label1\" content=\"Written by\" \/>\n\t<meta name=\"twitter:data1\" content=\"Lea Rigoleta\" \/>\n\t<meta name=\"twitter:label2\" content=\"Est. reading time\" \/>\n\t<meta name=\"twitter:data2\" content=\"3 minutes\" \/>\n<script type=\"application\/ld+json\" class=\"yoast-schema-graph\">{\"@context\":\"https:\/\/schema.org\",\"@graph\":[{\"@type\":\"WebSite\",\"@id\":\"https:\/\/delormdesign.com\/blog\/#website\",\"url\":\"https:\/\/delormdesign.com\/blog\/\",\"name\":\"Blog Design Jardin &amp; Int\u00e9rieur | Tendance D\u00e9co\",\"description\":\"Jardin &amp; Int\u00e9rieur | Tendance D\u00e9co\",\"potentialAction\":[{\"@type\":\"SearchAction\",\"target\":{\"@type\":\"EntryPoint\",\"urlTemplate\":\"https:\/\/delormdesign.com\/blog\/?s={search_term_string}\"},\"query-input\":\"required name=search_term_string\"}],\"inLanguage\":\"fr-FR\"},{\"@type\":\"ImageObject\",\"inLanguage\":\"fr-FR\",\"@id\":\"https:\/\/delormdesign.com\/blog\/creer-plage-privee-jardin\/#primaryimage\",\"url\":\"https:\/\/delormdesign.com\/blog\/wp-content\/uploads\/2017\/04\/plage-ile-maurice-1.jpg\",\"contentUrl\":\"https:\/\/delormdesign.com\/blog\/wp-content\/uploads\/2017\/04\/plage-ile-maurice-1.jpg\",\"width\":1280,\"height\":850},{\"@type\":\"WebPage\",\"@id\":\"https:\/\/delormdesign.com\/blog\/creer-plage-privee-jardin\/\",\"url\":\"https:\/\/delormdesign.com\/blog\/creer-plage-privee-jardin\/\",\"name\":\"Cr\u00e9er une \u00ab plage priv\u00e9e \u00bb dans son jardin &bull; Blog Design Jardin &amp; Int\u00e9rieur | Tendance D\u00e9co\",\"isPartOf\":{\"@id\":\"https:\/\/delormdesign.com\/blog\/#website\"},\"primaryImageOfPage\":{\"@id\":\"https:\/\/delormdesign.com\/blog\/creer-plage-privee-jardin\/#primaryimage\"},\"datePublished\":\"2017-04-26T12:27:07+00:00\",\"dateModified\":\"2022-03-18T09:30:38+00:00\",\"author\":{\"@id\":\"https:\/\/delormdesign.com\/blog\/#\/schema\/person\/a5699d6f4c2058a34009c87a8fb2d503\"},\"description\":\"Pourquoi ne pas transformer une partie de votre jardin en plage priv\u00e9e ? Retrouvez les meilleurs conseils pour retrouver les \u00e9l\u00e9ments de la plage chez vous.\",\"breadcrumb\":{\"@id\":\"https:\/\/delormdesign.com\/blog\/creer-plage-privee-jardin\/#breadcrumb\"},\"inLanguage\":\"fr-FR\",\"potentialAction\":[{\"@type\":\"ReadAction\",\"target\":[\"https:\/\/delormdesign.com\/blog\/creer-plage-privee-jardin\/\"]}]},{\"@type\":\"BreadcrumbList\",\"@id\":\"https:\/\/delormdesign.com\/blog\/creer-plage-privee-jardin\/#breadcrumb\",\"itemListElement\":[{\"@type\":\"ListItem\",\"position\":1,\"name\":\"Accueil\",\"item\":\"https:\/\/delormdesign.com\/blog\/\"},{\"@type\":\"ListItem\",\"position\":2,\"name\":\"Cr\u00e9er une \u00ab plage priv\u00e9e \u00bb dans son jardin\"}]},{\"@type\":\"Person\",\"@id\":\"https:\/\/delormdesign.com\/blog\/#\/schema\/person\/a5699d6f4c2058a34009c87a8fb2d503\",\"name\":\"Lea Rigoleta\",\"image\":{\"@type\":\"ImageObject\",\"inLanguage\":\"fr-FR\",\"@id\":\"https:\/\/delormdesign.com\/blog\/#\/schema\/person\/image\/\",\"url\":\"https:\/\/secure.gravatar.com\/avatar\/a1e61b97b259452330da26a9d5e3e335?s=96&d=mm&r=g\",\"contentUrl\":\"https:\/\/secure.gravatar.com\/avatar\/a1e61b97b259452330da26a9d5e3e335?s=96&d=mm&r=g\",\"caption\":\"Lea Rigoleta\"},\"url\":\"https:\/\/delormdesign.com\/blog\/author\/l-rigoleta\/\"}]}<\/script>\n<!-- \/ Yoast SEO plugin. -->","yoast_head_json":{"title":"Cr\u00e9er une \u00ab plage priv\u00e9e \u00bb dans son jardin &bull; Blog Design Jardin &amp; Int\u00e9rieur | Tendance D\u00e9co","description":"Pourquoi ne pas transformer une partie de votre jardin en plage priv\u00e9e ? Retrouvez les meilleurs conseils pour retrouver les \u00e9l\u00e9ments de la plage chez vous.","robots":{"index":"index","follow":"follow","max-snippet":"max-snippet:-1","max-image-preview":"max-image-preview:large","max-video-preview":"max-video-preview:-1"},"canonical":"https:\/\/delormdesign.com\/blog\/creer-plage-privee-jardin\/","og_locale":"fr_FR","og_type":"article","og_title":"Cr\u00e9er une \u00ab plage priv\u00e9e \u00bb dans son jardin &bull; Blog Design Jardin &amp; Int\u00e9rieur | Tendance D\u00e9co","og_description":"Pourquoi ne pas transformer une partie de votre jardin en plage priv\u00e9e ? Retrouvez les meilleurs conseils pour retrouver les \u00e9l\u00e9ments de la plage chez vous.","og_url":"https:\/\/delormdesign.com\/blog\/creer-plage-privee-jardin\/","og_site_name":"Blog Design Jardin &amp; Int\u00e9rieur | Tendance D\u00e9co","article_publisher":"https:\/\/www.facebook.com\/delormdesign\/","article_published_time":"2017-04-26T12:27:07+00:00","article_modified_time":"2022-03-18T09:30:38+00:00","og_image":[{"width":1280,"height":850,"url":"https:\/\/delormdesign.com\/blog\/wp-content\/uploads\/2017\/04\/plage-ile-maurice-1.jpg","type":"image\/jpeg"}],"author":"Lea Rigoleta","twitter_card":"summary","twitter_misc":{"Written by":"Lea Rigoleta","Est. reading time":"3 minutes"},"schema":{"@context":"https:\/\/schema.org","@graph":[{"@type":"WebSite","@id":"https:\/\/delormdesign.com\/blog\/#website","url":"https:\/\/delormdesign.com\/blog\/","name":"Blog Design Jardin &amp; Int\u00e9rieur | Tendance D\u00e9co","description":"Jardin &amp; Int\u00e9rieur | Tendance D\u00e9co","potentialAction":[{"@type":"SearchAction","target":{"@type":"EntryPoint","urlTemplate":"https:\/\/delormdesign.com\/blog\/?s={search_term_string}"},"query-input":"required name=search_term_string"}],"inLanguage":"fr-FR"},{"@type":"ImageObject","inLanguage":"fr-FR","@id":"https:\/\/delormdesign.com\/blog\/creer-plage-privee-jardin\/#primaryimage","url":"https:\/\/delormdesign.com\/blog\/wp-content\/uploads\/2017\/04\/plage-ile-maurice-1.jpg","contentUrl":"https:\/\/delormdesign.com\/blog\/wp-content\/uploads\/2017\/04\/plage-ile-maurice-1.jpg","width":1280,"height":850},{"@type":"WebPage","@id":"https:\/\/delormdesign.com\/blog\/creer-plage-privee-jardin\/","url":"https:\/\/delormdesign.com\/blog\/creer-plage-privee-jardin\/","name":"Cr\u00e9er une \u00ab plage priv\u00e9e \u00bb dans son jardin &bull; Blog Design Jardin &amp; Int\u00e9rieur | Tendance D\u00e9co","isPartOf":{"@id":"https:\/\/delormdesign.com\/blog\/#website"},"primaryImageOfPage":{"@id":"https:\/\/delormdesign.com\/blog\/creer-plage-privee-jardin\/#primaryimage"},"datePublished":"2017-04-26T12:27:07+00:00","dateModified":"2022-03-18T09:30:38+00:00","author":{"@id":"https:\/\/delormdesign.com\/blog\/#\/schema\/person\/a5699d6f4c2058a34009c87a8fb2d503"},"description":"Pourquoi ne pas transformer une partie de votre jardin en plage priv\u00e9e ? Retrouvez les meilleurs conseils pour retrouver les \u00e9l\u00e9ments de la plage chez vous.","breadcrumb":{"@id":"https:\/\/delormdesign.com\/blog\/creer-plage-privee-jardin\/#breadcrumb"},"inLanguage":"fr-FR","potentialAction":[{"@type":"ReadAction","target":["https:\/\/delormdesign.com\/blog\/creer-plage-privee-jardin\/"]}]},{"@type":"BreadcrumbList","@id":"https:\/\/delormdesign.com\/blog\/creer-plage-privee-jardin\/#breadcrumb","itemListElement":[{"@type":"ListItem","position":1,"name":"Accueil","item":"https:\/\/delormdesign.com\/blog\/"},{"@type":"ListItem","position":2,"name":"Cr\u00e9er une \u00ab plage priv\u00e9e \u00bb dans son jardin"}]},{"@type":"Person","@id":"https:\/\/delormdesign.com\/blog\/#\/schema\/person\/a5699d6f4c2058a34009c87a8fb2d503","name":"Lea Rigoleta","image":{"@type":"ImageObject","inLanguage":"fr-FR","@id":"https:\/\/delormdesign.com\/blog\/#\/schema\/person\/image\/","url":"https:\/\/secure.gravatar.com\/avatar\/a1e61b97b259452330da26a9d5e3e335?s=96&d=mm&r=g","contentUrl":"https:\/\/secure.gravatar.com\/avatar\/a1e61b97b259452330da26a9d5e3e335?s=96&d=mm&r=g","caption":"Lea Rigoleta"},"url":"https:\/\/delormdesign.com\/blog\/author\/l-rigoleta\/"}]}},"amp_enabled":true,"_links":{"self":[{"href":"https:\/\/delormdesign.com\/blog\/wp-json\/wp\/v2\/posts\/429"}],"collection":[{"href":"https:\/\/delormdesign.com\/blog\/wp-json\/wp\/v2\/posts"}],"about":[{"href":"https:\/\/delormdesign.com\/blog\/wp-json\/wp\/v2\/types\/post"}],"author":[{"embeddable":true,"href":"https:\/\/delormdesign.com\/blog\/wp-json\/wp\/v2\/users\/15"}],"replies":[{"embeddable":true,"href":"https:\/\/delormdesign.com\/blog\/wp-json\/wp\/v2\/comments?post=429"}],"version-history":[{"count":1,"href":"https:\/\/delormdesign.com\/blog\/wp-json\/wp\/v2\/posts\/429\/revisions"}],"predecessor-version":[{"id":3191,"href":"https:\/\/delormdesign.com\/blog\/wp-json\/wp\/v2\/posts\/429\/revisions\/3191"}],"wp:featuredmedia":[{"embeddable":true,"href":"https:\/\/delormdesign.com\/blog\/wp-json\/wp\/v2\/media\/431"}],"wp:attachment":[{"href":"https:\/\/delormdesign.com\/blog\/wp-json\/wp\/v2\/media?parent=429"}],"wp:term":[{"taxonomy":"category","embeddable":true,"href":"https:\/\/delormdesign.com\/blog\/wp-json\/wp\/v2\/categories?post=429"},{"taxonomy":"post_tag","embeddable":true,"href":"https:\/\/delormdesign.com\/blog\/wp-json\/wp\/v2\/tags?post=429"}],"curies":[{"name":"wp","href":"https:\/\/api.w.org\/{rel}","templated":true}]}}