{"id":568,"date":"2017-10-13T11:23:50","date_gmt":"2017-10-13T11:23:50","guid":{"rendered":"https:\/\/delormdesign.com\/blog\/?p=568"},"modified":"2022-03-18T09:30:36","modified_gmt":"2022-03-18T09:30:36","slug":"type-de-canape-de-jardin-choisir","status":"publish","type":"post","link":"https:\/\/delormdesign.com\/blog\/type-de-canape-de-jardin-choisir\/","title":{"rendered":"Quel type de canap\u00e9 de jardin choisir\u00a0?"},"content":{"rendered":"<p><em>Le salon d\u2019ext\u00e9rieur est plus exigeant que celui d\u2019int\u00e9rieur. Le canap\u00e9 reste la base de ce salon. Quelques crit\u00e8res sont \u00e0 prendre en compte pour son achat.<\/em><\/p>\n<p><!--more--><\/p>\n<h2>\u00c9valuez vos besoins<\/h2>\n<p><img loading=\"lazy\" class=\"aligncenter wp-image-569 size-full\" src=\"https:\/\/delormdesign.com\/blog\/wp-content\/uploads\/2017\/10\/canap\u00e9-jardin-2-e1594371030838.jpg\" alt=\"salon de jardin\" width=\"695\" height=\"391\" \/><\/p>\n<p>Avant tout, il vous faut d\u00e9finir quelques param\u00e8tres. Par exemple, il y a la taille. Il est n\u00e9cessaire de prendre des mesures. En effet la taille de votre canap\u00e9 devra \u00eatre en ad\u00e9quation avec l\u2019espace disponible. Si votre canap\u00e9 est trop petit vous aurez trop d\u2019espace entre vos meubles de jardin. Ce sera alors un mauvais point pour l\u2019esth\u00e9tique.<\/p>\n<p>Ensuite, il faut d\u00e9finir une moyenne de place. Celle-ci va d\u00e9pendre du nombre moyen d\u2019invit\u00e9s que vous recevez souvent. Par exemple, si d\u2019habitude vous recevez moins de cinq personnes, le canap\u00e9 d\u2019angle sera parfait. <a href=\"https:\/\/delormdesign.com\/193-canape-de-jardin\">Le canap\u00e9 de jardin<\/a> permet d\u2019\u00e9conomiser de l\u2019espace, car il peut recevoir jusqu\u2019\u00e0 cinq personnes. Il mettra aussi en valeur votre ext\u00e9rieur tout en d\u00e9limitant le coin salon. <a href=\"https:\/\/delormdesign.com\/13-parasol\">N\u2019h\u00e9sitez pas \u00e0 vous \u00e9quiper d\u2019un parasol<\/a> pour vous prot\u00e9ger des UV. Vous pouvez ajouter \u00e0 votre guise des poufs ou quelques canap\u00e9s individuels.<\/p>\n<h2>Choisir mat\u00e9riau qui r\u00e9sistera au temps<\/h2>\n<h3>Le bois<\/h3>\n<p>C\u2019est un mat\u00e9riau noble et classique pour un meuble d\u2019ext\u00e9rieur. Il garde un c\u00f4t\u00e9 naturel. Si vous disposez d\u2019un grand jardin vert, il s\u2019y adaptera parfaitement. Par contre, le bois n\u2019est durable que s\u2019il est trait\u00e9 efficacement contre les intemp\u00e9ries.<\/p>\n<h3>Le rotin<\/h3>\n<p>Le rotin est un mat\u00e9riau polyvalent. Tr\u00e8s tendance et naturel,\u00a0la canap\u00e9 de jardin va dynamiser votre ext\u00e9rieur. Le rotin apporte un c\u00f4t\u00e9 cosy. Il s\u2019accordera parfaitement avec la nature de votre jardin. Ce mat\u00e9riau est souple et robuste. Il sera durable face au temps. Que ce soit le climat ou la mode. Il reste le meilleur compromis entre r\u00e9sistance et esth\u00e9tique.<\/p>\n<h3>L\u2019aluminium<\/h3>\n<p>Ce mat\u00e9riau a pour avantage d\u2019\u00eatre l\u00e9ger et inoxydable. De plus, il apportera un c\u00f4t\u00e9 contemporain \u00e0 votre salon.<\/p>\n<h2>Des assises confortables et adapt\u00e9es<\/h2>\n<p><img loading=\"lazy\" class=\"aligncenter size-full wp-image-2414\" src=\"https:\/\/delormdesign.com\/blog\/wp-content\/uploads\/2017\/10\/salon-jardin-rotin.jpg\" alt=\"salon de jardin en poly rotin\" width=\"695\" height=\"389\" srcset=\"https:\/\/delormdesign.com\/blog\/wp-content\/uploads\/2017\/10\/salon-jardin-rotin.jpg 695w, https:\/\/delormdesign.com\/blog\/wp-content\/uploads\/2017\/10\/salon-jardin-rotin-300x168.jpg 300w, https:\/\/delormdesign.com\/blog\/wp-content\/uploads\/2017\/10\/salon-jardin-rotin-430x240.jpg 430w, https:\/\/delormdesign.com\/blog\/wp-content\/uploads\/2017\/10\/salon-jardin-rotin-550x308.jpg 550w, https:\/\/delormdesign.com\/blog\/wp-content\/uploads\/2017\/10\/salon-jardin-rotin-520x291.jpg 520w, https:\/\/delormdesign.com\/blog\/wp-content\/uploads\/2017\/10\/salon-jardin-rotin-625x350.jpg 625w, https:\/\/delormdesign.com\/blog\/wp-content\/uploads\/2017\/10\/salon-jardin-rotin-15x8.jpg 15w\" sizes=\"(max-width: 695px) 100vw, 695px\" \/><\/p>\n<p>La densit\u00e9 de l\u2019assise devra \u00eatre bien pens\u00e9e. Toutefois, chaque personne \u00e0 sa propre notion du confort. Si certains pr\u00e9f\u00e8rent un soutien renforc\u00e9, d\u2019autres pr\u00e9f\u00e8rent s\u2019enfoncer dans un canap\u00e9 douill\u00e9. Le plus important c\u2019est de trouver le meilleur compromis. Pour rendre l\u2019assise plus douillette, ajoutez quelques coussins.<\/p>\n<h2>De belles harmonies de couleurs<\/h2>\n<p>Comme ce mobilier fait partie int\u00e9grante de la d\u00e9coration, les couleurs ne seront pas en reste.<\/p>\n<p>Pour rester dans le concept de la nature, nous vous conseillons des couleurs sobres. N\u2019oubliez pas que les tendances \u00e9voluent au fil des ann\u00e9es et des saisons. Un rouge vif plaira peut-\u00eatre un \u00e9t\u00e9, mais peut-\u00eatre plus au suivant.<\/p>\n","protected":false},"excerpt":{"rendered":"<p>Le salon d\u2019ext\u00e9rieur est plus exigeant que celui d\u2019int\u00e9rieur. Le canap\u00e9 reste la base de ce salon. Quelques crit\u00e8res sont \u00e0 prendre en compte pour son achat.<\/p>\n","protected":false},"author":15,"featured_media":2411,"comment_status":"open","ping_status":"open","sticky":false,"template":"","format":"standard","meta":[],"categories":[4,20],"tags":[],"yoast_head":"<!-- This site is optimized with the Yoast SEO plugin v19.3 - https:\/\/yoast.com\/wordpress\/plugins\/seo\/ -->\n<title>Quel type de canap\u00e9 de jardin choisir\u00a0? &bull; Blog Design Jardin &amp; Int\u00e9rieur | Tendance D\u00e9co<\/title>\n<meta name=\"description\" content=\"Le salon d\u2019ext\u00e9rieur est plus exigeant que celui d\u2019int\u00e9rieur. Le canap\u00e9 reste la base de ce salon. Quelques crit\u00e8res \u00e0 prendre en compte pour son achat !\" \/>\n<meta name=\"robots\" content=\"index, follow, max-snippet:-1, max-image-preview:large, max-video-preview:-1\" \/>\n<link rel=\"canonical\" href=\"https:\/\/delormdesign.com\/blog\/type-de-canape-de-jardin-choisir\/\" \/>\n<meta property=\"og:locale\" content=\"fr_FR\" \/>\n<meta property=\"og:type\" content=\"article\" \/>\n<meta property=\"og:title\" content=\"Quel type de canap\u00e9 de jardin choisir\u00a0? &bull; Blog Design Jardin &amp; Int\u00e9rieur | Tendance D\u00e9co\" \/>\n<meta property=\"og:description\" content=\"Le salon d\u2019ext\u00e9rieur est plus exigeant que celui d\u2019int\u00e9rieur. Le canap\u00e9 reste la base de ce salon. Quelques crit\u00e8res \u00e0 prendre en compte pour son achat !\" \/>\n<meta property=\"og:url\" content=\"https:\/\/delormdesign.com\/blog\/type-de-canape-de-jardin-choisir\/\" \/>\n<meta property=\"og:site_name\" content=\"Blog Design Jardin &amp; Int\u00e9rieur | Tendance D\u00e9co\" \/>\n<meta property=\"article:publisher\" content=\"https:\/\/www.facebook.com\/delormdesign\/\" \/>\n<meta property=\"article:published_time\" content=\"2017-10-13T11:23:50+00:00\" \/>\n<meta property=\"article:modified_time\" content=\"2022-03-18T09:30:36+00:00\" \/>\n<meta property=\"og:image\" content=\"https:\/\/delormdesign.com\/blog\/wp-content\/uploads\/2016\/09\/nettoyer-canape-tissu.jpg\" \/>\n\t<meta property=\"og:image:width\" content=\"1900\" \/>\n\t<meta property=\"og:image:height\" content=\"1068\" \/>\n\t<meta property=\"og:image:type\" content=\"image\/jpeg\" \/>\n<meta name=\"author\" content=\"Lea Rigoleta\" \/>\n<meta name=\"twitter:card\" content=\"summary\" \/>\n<meta name=\"twitter:label1\" content=\"Written by\" \/>\n\t<meta name=\"twitter:data1\" content=\"Lea Rigoleta\" \/>\n\t<meta name=\"twitter:label2\" content=\"Est. reading time\" \/>\n\t<meta name=\"twitter:data2\" content=\"2 minutes\" \/>\n<script type=\"application\/ld+json\" class=\"yoast-schema-graph\">{\"@context\":\"https:\/\/schema.org\",\"@graph\":[{\"@type\":\"WebSite\",\"@id\":\"https:\/\/delormdesign.com\/blog\/#website\",\"url\":\"https:\/\/delormdesign.com\/blog\/\",\"name\":\"Blog Design Jardin &amp; Int\u00e9rieur | Tendance D\u00e9co\",\"description\":\"Jardin &amp; Int\u00e9rieur | Tendance D\u00e9co\",\"potentialAction\":[{\"@type\":\"SearchAction\",\"target\":{\"@type\":\"EntryPoint\",\"urlTemplate\":\"https:\/\/delormdesign.com\/blog\/?s={search_term_string}\"},\"query-input\":\"required name=search_term_string\"}],\"inLanguage\":\"fr-FR\"},{\"@type\":\"ImageObject\",\"inLanguage\":\"fr-FR\",\"@id\":\"https:\/\/delormdesign.com\/blog\/type-de-canape-de-jardin-choisir\/#primaryimage\",\"url\":\"https:\/\/delormdesign.com\/blog\/wp-content\/uploads\/2016\/09\/nettoyer-canape-tissu.jpg\",\"contentUrl\":\"https:\/\/delormdesign.com\/blog\/wp-content\/uploads\/2016\/09\/nettoyer-canape-tissu.jpg\",\"width\":1900,\"height\":1068},{\"@type\":\"WebPage\",\"@id\":\"https:\/\/delormdesign.com\/blog\/type-de-canape-de-jardin-choisir\/\",\"url\":\"https:\/\/delormdesign.com\/blog\/type-de-canape-de-jardin-choisir\/\",\"name\":\"Quel type de canap\u00e9 de jardin choisir\u00a0? &bull; Blog Design Jardin &amp; Int\u00e9rieur | Tendance D\u00e9co\",\"isPartOf\":{\"@id\":\"https:\/\/delormdesign.com\/blog\/#website\"},\"primaryImageOfPage\":{\"@id\":\"https:\/\/delormdesign.com\/blog\/type-de-canape-de-jardin-choisir\/#primaryimage\"},\"datePublished\":\"2017-10-13T11:23:50+00:00\",\"dateModified\":\"2022-03-18T09:30:36+00:00\",\"author\":{\"@id\":\"https:\/\/delormdesign.com\/blog\/#\/schema\/person\/a5699d6f4c2058a34009c87a8fb2d503\"},\"description\":\"Le salon d\u2019ext\u00e9rieur est plus exigeant que celui d\u2019int\u00e9rieur. Le canap\u00e9 reste la base de ce salon. Quelques crit\u00e8res \u00e0 prendre en compte pour son achat !\",\"breadcrumb\":{\"@id\":\"https:\/\/delormdesign.com\/blog\/type-de-canape-de-jardin-choisir\/#breadcrumb\"},\"inLanguage\":\"fr-FR\",\"potentialAction\":[{\"@type\":\"ReadAction\",\"target\":[\"https:\/\/delormdesign.com\/blog\/type-de-canape-de-jardin-choisir\/\"]}]},{\"@type\":\"BreadcrumbList\",\"@id\":\"https:\/\/delormdesign.com\/blog\/type-de-canape-de-jardin-choisir\/#breadcrumb\",\"itemListElement\":[{\"@type\":\"ListItem\",\"position\":1,\"name\":\"Accueil\",\"item\":\"https:\/\/delormdesign.com\/blog\/\"},{\"@type\":\"ListItem\",\"position\":2,\"name\":\"Quel type de canap\u00e9 de jardin choisir\u00a0?\"}]},{\"@type\":\"Person\",\"@id\":\"https:\/\/delormdesign.com\/blog\/#\/schema\/person\/a5699d6f4c2058a34009c87a8fb2d503\",\"name\":\"Lea Rigoleta\",\"image\":{\"@type\":\"ImageObject\",\"inLanguage\":\"fr-FR\",\"@id\":\"https:\/\/delormdesign.com\/blog\/#\/schema\/person\/image\/\",\"url\":\"https:\/\/secure.gravatar.com\/avatar\/a1e61b97b259452330da26a9d5e3e335?s=96&d=mm&r=g\",\"contentUrl\":\"https:\/\/secure.gravatar.com\/avatar\/a1e61b97b259452330da26a9d5e3e335?s=96&d=mm&r=g\",\"caption\":\"Lea Rigoleta\"},\"url\":\"https:\/\/delormdesign.com\/blog\/author\/l-rigoleta\/\"}]}<\/script>\n<!-- \/ Yoast SEO plugin. -->","yoast_head_json":{"title":"Quel type de canap\u00e9 de jardin choisir\u00a0? &bull; Blog Design Jardin &amp; Int\u00e9rieur | Tendance D\u00e9co","description":"Le salon d\u2019ext\u00e9rieur est plus exigeant que celui d\u2019int\u00e9rieur. Le canap\u00e9 reste la base de ce salon. Quelques crit\u00e8res \u00e0 prendre en compte pour son achat !","robots":{"index":"index","follow":"follow","max-snippet":"max-snippet:-1","max-image-preview":"max-image-preview:large","max-video-preview":"max-video-preview:-1"},"canonical":"https:\/\/delormdesign.com\/blog\/type-de-canape-de-jardin-choisir\/","og_locale":"fr_FR","og_type":"article","og_title":"Quel type de canap\u00e9 de jardin choisir\u00a0? &bull; Blog Design Jardin &amp; Int\u00e9rieur | Tendance D\u00e9co","og_description":"Le salon d\u2019ext\u00e9rieur est plus exigeant que celui d\u2019int\u00e9rieur. Le canap\u00e9 reste la base de ce salon. Quelques crit\u00e8res \u00e0 prendre en compte pour son achat !","og_url":"https:\/\/delormdesign.com\/blog\/type-de-canape-de-jardin-choisir\/","og_site_name":"Blog Design Jardin &amp; Int\u00e9rieur | Tendance D\u00e9co","article_publisher":"https:\/\/www.facebook.com\/delormdesign\/","article_published_time":"2017-10-13T11:23:50+00:00","article_modified_time":"2022-03-18T09:30:36+00:00","og_image":[{"width":1900,"height":1068,"url":"https:\/\/delormdesign.com\/blog\/wp-content\/uploads\/2016\/09\/nettoyer-canape-tissu.jpg","type":"image\/jpeg"}],"author":"Lea Rigoleta","twitter_card":"summary","twitter_misc":{"Written by":"Lea Rigoleta","Est. reading time":"2 minutes"},"schema":{"@context":"https:\/\/schema.org","@graph":[{"@type":"WebSite","@id":"https:\/\/delormdesign.com\/blog\/#website","url":"https:\/\/delormdesign.com\/blog\/","name":"Blog Design Jardin &amp; Int\u00e9rieur | Tendance D\u00e9co","description":"Jardin &amp; Int\u00e9rieur | Tendance D\u00e9co","potentialAction":[{"@type":"SearchAction","target":{"@type":"EntryPoint","urlTemplate":"https:\/\/delormdesign.com\/blog\/?s={search_term_string}"},"query-input":"required name=search_term_string"}],"inLanguage":"fr-FR"},{"@type":"ImageObject","inLanguage":"fr-FR","@id":"https:\/\/delormdesign.com\/blog\/type-de-canape-de-jardin-choisir\/#primaryimage","url":"https:\/\/delormdesign.com\/blog\/wp-content\/uploads\/2016\/09\/nettoyer-canape-tissu.jpg","contentUrl":"https:\/\/delormdesign.com\/blog\/wp-content\/uploads\/2016\/09\/nettoyer-canape-tissu.jpg","width":1900,"height":1068},{"@type":"WebPage","@id":"https:\/\/delormdesign.com\/blog\/type-de-canape-de-jardin-choisir\/","url":"https:\/\/delormdesign.com\/blog\/type-de-canape-de-jardin-choisir\/","name":"Quel type de canap\u00e9 de jardin choisir\u00a0? &bull; Blog Design Jardin &amp; Int\u00e9rieur | Tendance D\u00e9co","isPartOf":{"@id":"https:\/\/delormdesign.com\/blog\/#website"},"primaryImageOfPage":{"@id":"https:\/\/delormdesign.com\/blog\/type-de-canape-de-jardin-choisir\/#primaryimage"},"datePublished":"2017-10-13T11:23:50+00:00","dateModified":"2022-03-18T09:30:36+00:00","author":{"@id":"https:\/\/delormdesign.com\/blog\/#\/schema\/person\/a5699d6f4c2058a34009c87a8fb2d503"},"description":"Le salon d\u2019ext\u00e9rieur est plus exigeant que celui d\u2019int\u00e9rieur. Le canap\u00e9 reste la base de ce salon. Quelques crit\u00e8res \u00e0 prendre en compte pour son achat !","breadcrumb":{"@id":"https:\/\/delormdesign.com\/blog\/type-de-canape-de-jardin-choisir\/#breadcrumb"},"inLanguage":"fr-FR","potentialAction":[{"@type":"ReadAction","target":["https:\/\/delormdesign.com\/blog\/type-de-canape-de-jardin-choisir\/"]}]},{"@type":"BreadcrumbList","@id":"https:\/\/delormdesign.com\/blog\/type-de-canape-de-jardin-choisir\/#breadcrumb","itemListElement":[{"@type":"ListItem","position":1,"name":"Accueil","item":"https:\/\/delormdesign.com\/blog\/"},{"@type":"ListItem","position":2,"name":"Quel type de canap\u00e9 de jardin choisir\u00a0?"}]},{"@type":"Person","@id":"https:\/\/delormdesign.com\/blog\/#\/schema\/person\/a5699d6f4c2058a34009c87a8fb2d503","name":"Lea Rigoleta","image":{"@type":"ImageObject","inLanguage":"fr-FR","@id":"https:\/\/delormdesign.com\/blog\/#\/schema\/person\/image\/","url":"https:\/\/secure.gravatar.com\/avatar\/a1e61b97b259452330da26a9d5e3e335?s=96&d=mm&r=g","contentUrl":"https:\/\/secure.gravatar.com\/avatar\/a1e61b97b259452330da26a9d5e3e335?s=96&d=mm&r=g","caption":"Lea Rigoleta"},"url":"https:\/\/delormdesign.com\/blog\/author\/l-rigoleta\/"}]}},"amp_enabled":true,"_links":{"self":[{"href":"https:\/\/delormdesign.com\/blog\/wp-json\/wp\/v2\/posts\/568"}],"collection":[{"href":"https:\/\/delormdesign.com\/blog\/wp-json\/wp\/v2\/posts"}],"about":[{"href":"https:\/\/delormdesign.com\/blog\/wp-json\/wp\/v2\/types\/post"}],"author":[{"embeddable":true,"href":"https:\/\/delormdesign.com\/blog\/wp-json\/wp\/v2\/users\/15"}],"replies":[{"embeddable":true,"href":"https:\/\/delormdesign.com\/blog\/wp-json\/wp\/v2\/comments?post=568"}],"version-history":[{"count":5,"href":"https:\/\/delormdesign.com\/blog\/wp-json\/wp\/v2\/posts\/568\/revisions"}],"predecessor-version":[{"id":2571,"href":"https:\/\/delormdesign.com\/blog\/wp-json\/wp\/v2\/posts\/568\/revisions\/2571"}],"wp:featuredmedia":[{"embeddable":true,"href":"https:\/\/delormdesign.com\/blog\/wp-json\/wp\/v2\/media\/2411"}],"wp:attachment":[{"href":"https:\/\/delormdesign.com\/blog\/wp-json\/wp\/v2\/media?parent=568"}],"wp:term":[{"taxonomy":"category","embeddable":true,"href":"https:\/\/delormdesign.com\/blog\/wp-json\/wp\/v2\/categories?post=568"},{"taxonomy":"post_tag","embeddable":true,"href":"https:\/\/delormdesign.com\/blog\/wp-json\/wp\/v2\/tags?post=568"}],"curies":[{"name":"wp","href":"https:\/\/api.w.org\/{rel}","templated":true}]}}