{"id":635,"date":"2018-05-28T08:18:49","date_gmt":"2018-05-28T08:18:49","guid":{"rendered":"https:\/\/delormdesign.com\/blog\/?p=635"},"modified":"2022-03-18T09:30:35","modified_gmt":"2022-03-18T09:30:35","slug":"rien-ne-vaut-salon-de-jardin-rectangulaire","status":"publish","type":"post","link":"https:\/\/delormdesign.com\/blog\/rien-ne-vaut-salon-de-jardin-rectangulaire\/","title":{"rendered":"Rien ne vaut le salon de jardin rectangulaire"},"content":{"rendered":"<h2>Bien-\u00eatre et mobilier<\/h2>\n<p>Apr\u00e8s un temps de labeur, de contraintes et d\u2019efforts consenti, chacun aspire \u00e0 retrouver un cadre apaisant et vivifiant pour se ressourcer. D\u2019une mani\u00e8re g\u00e9n\u00e9rale, profiter du beau temps dans le jardin ou passer du temps \u00e0 l\u2019ext\u00e9rieur, c\u2019est-\u00e0-dire en dehors des quatre murs, a toujours \u00e9t\u00e9 un d\u00e9lassement pris\u00e9 par un nombre majoritaire de personnes.&nbsp;<!--more--><\/p>\n<p>&nbsp;<\/p>\n<p>Si se pr\u00e9lasser ou pique-niquer sur une surface herbeuse est une r\u00e9cr\u00e9ation que beaucoup affectionnent, il reste que disposer d\u2019un mobilier qui assure plus de confort et de praticit\u00e9 a des avantages incontestables. <strong>Outre son c\u00f4t\u00e9 esth\u00e9tique, le mobilier de jardin tend \u00e0 mettre l\u2019accent sur ses qualit\u00e9s ergonomiques.&nbsp;Et ceci pour le plus grand plaisir des amateurs de plein air<\/strong>.<\/p>\n<p>Le jardin est comme une extension des pi\u00e8ces de la maison.&nbsp;Elle l&#8217;est souvent pour&nbsp;la salle de s\u00e9jour et de la salle \u00e0 manger, le jardin est appel\u00e9 \u00e0 remplir une fonction autrement r\u00e9cr\u00e9ative.&nbsp;Il est \u00e9galement appel\u00e9 \u00e0 \u00eatre f\u00e9d\u00e9rateur&nbsp;dans une ambiance de confort et de convivialit\u00e9. <strong>Le <a href=\"https:\/\/delormdesign.com\/blog\/rien-ne-vaut-salon-de-jardin-rectangulaire\/\" >salon de jardin rectangulaire<\/a> est alors un moyen privil\u00e9gi\u00e9 pour r\u00e9unir amis et proches autour d\u2019une table. Surtout lorsqu&#8217;il s&#8217;agit de passer du bon temps \u00e0 l\u2019air libre, de jour comme de nuit !<\/strong><\/p>\n<p><img loading=\"lazy\" class=\"alignnone wp-image-1629 size-medium\" title=\"salon-jardin-rectangulaire\" src=\"https:\/\/delormdesign.com\/blog\/wp-content\/uploads\/2018\/05\/salon-jardin-rectangulaire-1-300x200.jpg\" alt=\"salon-jardin-rectangulaire\" width=\"300\" height=\"200\" srcset=\"https:\/\/delormdesign.com\/blog\/wp-content\/uploads\/2018\/05\/salon-jardin-rectangulaire-1-300x200.jpg 300w, https:\/\/delormdesign.com\/blog\/wp-content\/uploads\/2018\/05\/salon-jardin-rectangulaire-1-1024x683.jpg 1024w, https:\/\/delormdesign.com\/blog\/wp-content\/uploads\/2018\/05\/salon-jardin-rectangulaire-1-768x513.jpg 768w, https:\/\/delormdesign.com\/blog\/wp-content\/uploads\/2018\/05\/salon-jardin-rectangulaire-1-550x367.jpg 550w, https:\/\/delormdesign.com\/blog\/wp-content\/uploads\/2018\/05\/salon-jardin-rectangulaire-1-520x347.jpg 520w, https:\/\/delormdesign.com\/blog\/wp-content\/uploads\/2018\/05\/salon-jardin-rectangulaire-1-625x417.jpg 625w, https:\/\/delormdesign.com\/blog\/wp-content\/uploads\/2018\/05\/salon-jardin-rectangulaire-1-100x68.jpg 100w, https:\/\/delormdesign.com\/blog\/wp-content\/uploads\/2018\/05\/salon-jardin-rectangulaire-1-15x10.jpg 15w, https:\/\/delormdesign.com\/blog\/wp-content\/uploads\/2018\/05\/salon-jardin-rectangulaire-1-810x541.jpg 810w, https:\/\/delormdesign.com\/blog\/wp-content\/uploads\/2018\/05\/salon-jardin-rectangulaire-1.jpg 1380w\" sizes=\"(max-width: 300px) 100vw, 300px\" \/><\/p>\n<h2>Les diff\u00e9rents \u00e9l\u00e9ments qui composent ce mobilier d\u2019ext\u00e9rieur<\/h2>\n<p>On peut r\u00e9sumer la description des \u00e9l\u00e9ments constitutifs d\u2019un salon de jardin d&#8217;une fa\u00e7on simple.&nbsp;Ce dernier correspond \u00e0 l\u2019existence de chaises sur lesquelles&nbsp;s\u2019asseoir et d&#8217;une table sur&nbsp;laquelle manger et boire. Le fait est que les concepteurs ont imagin\u00e9 mille et un mod\u00e8les pour rendre encore plus agr\u00e9able le s\u00e9jour dans le jardin.<\/p>\n<p>Un mod\u00e8le consiste, par exemple, en une table en aluminium avec une allonge pour permettre d\u2019accueillir davantage de personnes. Le verre textur\u00e9 att\u00e9nue les rayures faites par les coups de couteau. L\u2019\u00e9l\u00e9gance du salon est \u00e9galement magnifi\u00e9e par la peinture \u00e9poxy au coloris gris. Les fauteuils du m\u00eame mat\u00e9riau sont empilables pour un rangement pratique.<\/p>\n<p>\u00c0 l\u2019exemple du <a href=\"https:\/\/delormdesign.com\/salon-de-jardin-en-aluminium\/1989-salon-de-jardin-12-places-gris-florida-3700735706556.html\">mod\u00e8le Florida<\/a>, <strong>la capacit\u00e9 d\u2019accueil d\u2019un salon de jardin rectangulaire peut \u00eatre tr\u00e8s grande avec son canap\u00e9 d\u2019angle de grande taille. Ses deux bancs&nbsp;peuvent recevoir jusqu\u2019\u00e0 12 personnes<\/strong>. La table permet tous les ingr\u00e9dients de la d\u00e9tente, de l\u2019ap\u00e9ritif aux jeux de soci\u00e9t\u00e9. Sans oublier les repas ! Sa structure 100% en aluminium lui conf\u00e8re ses qualit\u00e9s de <strong>r\u00e9sistance \u00e0 la pluie, au vent et au froid.&nbsp;<\/strong>Il est \u00e9galement&nbsp;tr\u00e8s c\u00f4t\u00e9 pratique.&nbsp;En effet,&nbsp;<strong>il ne n\u00e9cessite pas un entretien contraignant<\/strong>. Sa couleur gris anthracite le met bien en \u00e9vidence dans tout environnement.<\/p>\n<h2>Quel mat\u00e9riau pour le salon d\u2019ext\u00e9rieur rectangulaire&nbsp;?<\/h2>\n<p><strong>L\u2019aluminium est particuli\u00e8rement pris\u00e9 parce qu\u2019il est l\u00e9ger et durable. Le rotin synth\u00e9tique est \u00e9galement un mat\u00e9riau qui affiche des qualit\u00e9s pratiques.<\/strong>&nbsp;Et ces qualit\u00e9s sont \u00e9galement esth\u00e9tiques ! Ce dernier s\u2019entretient avec de l\u2019eau chaude et du savon, sans plus.<\/p>\n<p>La r\u00e9sine tress\u00e9e, elle aussi, est tr\u00e8s utilis\u00e9e par les designers. Le mobilier est alors <strong>tr\u00e8s solide et ne n\u00e9cessite pas d\u2019entretien fastidieux<\/strong> non plus. Produit synth\u00e9tique, sa qualit\u00e9 est en fonction des fils qu\u2019il contient et de son \u00e9paisseur. <strong>Elle r\u00e9siste bien aux intemp\u00e9ries et aux attaques des rayons UV<\/strong>.<\/p>\n<p>Le tissu qui compose la toile des coussins du salon de jardin rectangulaire est la plupart du temps en polyester imperm\u00e9abilis\u00e9.&nbsp;On peut donc le laver \u00e0 la main avec de l\u2019eau savonneuse, mais sans repassage.<!--more--><\/p>\n","protected":false},"excerpt":{"rendered":"<p>Bien-\u00eatre et mobilier Apr\u00e8s un temps de labeur, de contraintes et d\u2019efforts consenti, chacun aspire \u00e0 retrouver un cadre apaisant et vivifiant pour se ressourcer. D\u2019une mani\u00e8re g\u00e9n\u00e9rale, profiter du beau temps dans le jardin ou passer du temps \u00e0 l\u2019ext\u00e9rieur, c\u2019est-\u00e0-dire en dehors des quatre murs, a toujours \u00e9t\u00e9 un d\u00e9lassement pris\u00e9 par un [&hellip;]<\/p>\n","protected":false},"author":15,"featured_media":2363,"comment_status":"open","ping_status":"open","sticky":false,"template":"","format":"standard","meta":[],"categories":[4,20],"tags":[],"yoast_head":"<!-- This site is optimized with the Yoast SEO plugin v19.3 - https:\/\/yoast.com\/wordpress\/plugins\/seo\/ -->\n<title>Rien ne vaut le salon de jardin rectangulaire &bull; Blog Design Jardin &amp; Int\u00e9rieur | Tendance D\u00e9co<\/title>\n<meta name=\"description\" content=\"Le mobilier de jardin tend \u00e0 mettre l\u2019accent sur ses qualit\u00e9s ergonomiques pour le grand plaisir des amateurs de plein air, cap sur le jardin rectangulaire!\" \/>\n<meta name=\"robots\" content=\"index, follow, max-snippet:-1, max-image-preview:large, max-video-preview:-1\" \/>\n<link rel=\"canonical\" href=\"https:\/\/delormdesign.com\/blog\/rien-ne-vaut-salon-de-jardin-rectangulaire\/\" \/>\n<meta property=\"og:locale\" content=\"fr_FR\" \/>\n<meta property=\"og:type\" content=\"article\" \/>\n<meta property=\"og:title\" content=\"Rien ne vaut le salon de jardin rectangulaire &bull; Blog Design Jardin &amp; Int\u00e9rieur | Tendance D\u00e9co\" \/>\n<meta property=\"og:description\" content=\"Le mobilier de jardin tend \u00e0 mettre l\u2019accent sur ses qualit\u00e9s ergonomiques pour le grand plaisir des amateurs de plein air, cap sur le jardin rectangulaire!\" \/>\n<meta property=\"og:url\" content=\"https:\/\/delormdesign.com\/blog\/rien-ne-vaut-salon-de-jardin-rectangulaire\/\" \/>\n<meta property=\"og:site_name\" content=\"Blog Design Jardin &amp; Int\u00e9rieur | Tendance D\u00e9co\" \/>\n<meta property=\"article:publisher\" content=\"https:\/\/www.facebook.com\/delormdesign\/\" \/>\n<meta property=\"article:published_time\" content=\"2018-05-28T08:18:49+00:00\" \/>\n<meta property=\"article:modified_time\" content=\"2022-03-18T09:30:35+00:00\" \/>\n<meta property=\"og:image\" content=\"https:\/\/delormdesign.com\/blog\/wp-content\/uploads\/2020\/06\/delorm_catalog_SD2003-GREY-LIGHTGREY_SD2003-F.jpg.jpg\" \/>\n\t<meta property=\"og:image:width\" content=\"1140\" \/>\n\t<meta property=\"og:image:height\" content=\"641\" \/>\n\t<meta property=\"og:image:type\" content=\"image\/jpeg\" \/>\n<meta name=\"author\" content=\"Lea Rigoleta\" \/>\n<meta name=\"twitter:card\" content=\"summary\" \/>\n<meta name=\"twitter:label1\" content=\"Written by\" \/>\n\t<meta name=\"twitter:data1\" content=\"Lea Rigoleta\" \/>\n\t<meta name=\"twitter:label2\" content=\"Est. reading time\" \/>\n\t<meta name=\"twitter:data2\" content=\"3 minutes\" \/>\n<script type=\"application\/ld+json\" class=\"yoast-schema-graph\">{\"@context\":\"https:\/\/schema.org\",\"@graph\":[{\"@type\":\"WebSite\",\"@id\":\"https:\/\/delormdesign.com\/blog\/#website\",\"url\":\"https:\/\/delormdesign.com\/blog\/\",\"name\":\"Blog Design Jardin &amp; Int\u00e9rieur | Tendance D\u00e9co\",\"description\":\"Jardin &amp; Int\u00e9rieur | Tendance D\u00e9co\",\"potentialAction\":[{\"@type\":\"SearchAction\",\"target\":{\"@type\":\"EntryPoint\",\"urlTemplate\":\"https:\/\/delormdesign.com\/blog\/?s={search_term_string}\"},\"query-input\":\"required name=search_term_string\"}],\"inLanguage\":\"fr-FR\"},{\"@type\":\"ImageObject\",\"inLanguage\":\"fr-FR\",\"@id\":\"https:\/\/delormdesign.com\/blog\/rien-ne-vaut-salon-de-jardin-rectangulaire\/#primaryimage\",\"url\":\"https:\/\/delormdesign.com\/blog\/wp-content\/uploads\/2020\/06\/delorm_catalog_SD2003-GREY-LIGHTGREY_SD2003-F.jpg.jpg\",\"contentUrl\":\"https:\/\/delormdesign.com\/blog\/wp-content\/uploads\/2020\/06\/delorm_catalog_SD2003-GREY-LIGHTGREY_SD2003-F.jpg.jpg\",\"width\":1140,\"height\":641,\"caption\":\"Salon de jardin en polyrotin\"},{\"@type\":\"WebPage\",\"@id\":\"https:\/\/delormdesign.com\/blog\/rien-ne-vaut-salon-de-jardin-rectangulaire\/\",\"url\":\"https:\/\/delormdesign.com\/blog\/rien-ne-vaut-salon-de-jardin-rectangulaire\/\",\"name\":\"Rien ne vaut le salon de jardin rectangulaire &bull; Blog Design Jardin &amp; Int\u00e9rieur | Tendance D\u00e9co\",\"isPartOf\":{\"@id\":\"https:\/\/delormdesign.com\/blog\/#website\"},\"primaryImageOfPage\":{\"@id\":\"https:\/\/delormdesign.com\/blog\/rien-ne-vaut-salon-de-jardin-rectangulaire\/#primaryimage\"},\"datePublished\":\"2018-05-28T08:18:49+00:00\",\"dateModified\":\"2022-03-18T09:30:35+00:00\",\"author\":{\"@id\":\"https:\/\/delormdesign.com\/blog\/#\/schema\/person\/a5699d6f4c2058a34009c87a8fb2d503\"},\"description\":\"Le mobilier de jardin tend \u00e0 mettre l\u2019accent sur ses qualit\u00e9s ergonomiques pour le grand plaisir des amateurs de plein air, cap sur le jardin rectangulaire!\",\"breadcrumb\":{\"@id\":\"https:\/\/delormdesign.com\/blog\/rien-ne-vaut-salon-de-jardin-rectangulaire\/#breadcrumb\"},\"inLanguage\":\"fr-FR\",\"potentialAction\":[{\"@type\":\"ReadAction\",\"target\":[\"https:\/\/delormdesign.com\/blog\/rien-ne-vaut-salon-de-jardin-rectangulaire\/\"]}]},{\"@type\":\"BreadcrumbList\",\"@id\":\"https:\/\/delormdesign.com\/blog\/rien-ne-vaut-salon-de-jardin-rectangulaire\/#breadcrumb\",\"itemListElement\":[{\"@type\":\"ListItem\",\"position\":1,\"name\":\"Accueil\",\"item\":\"https:\/\/delormdesign.com\/blog\/\"},{\"@type\":\"ListItem\",\"position\":2,\"name\":\"Rien ne vaut le salon de jardin rectangulaire\"}]},{\"@type\":\"Person\",\"@id\":\"https:\/\/delormdesign.com\/blog\/#\/schema\/person\/a5699d6f4c2058a34009c87a8fb2d503\",\"name\":\"Lea Rigoleta\",\"image\":{\"@type\":\"ImageObject\",\"inLanguage\":\"fr-FR\",\"@id\":\"https:\/\/delormdesign.com\/blog\/#\/schema\/person\/image\/\",\"url\":\"https:\/\/secure.gravatar.com\/avatar\/a1e61b97b259452330da26a9d5e3e335?s=96&d=mm&r=g\",\"contentUrl\":\"https:\/\/secure.gravatar.com\/avatar\/a1e61b97b259452330da26a9d5e3e335?s=96&d=mm&r=g\",\"caption\":\"Lea Rigoleta\"},\"url\":\"https:\/\/delormdesign.com\/blog\/author\/l-rigoleta\/\"}]}<\/script>\n<!-- \/ Yoast SEO plugin. -->","yoast_head_json":{"title":"Rien ne vaut le salon de jardin rectangulaire &bull; Blog Design Jardin &amp; Int\u00e9rieur | Tendance D\u00e9co","description":"Le mobilier de jardin tend \u00e0 mettre l\u2019accent sur ses qualit\u00e9s ergonomiques pour le grand plaisir des amateurs de plein air, cap sur le jardin rectangulaire!","robots":{"index":"index","follow":"follow","max-snippet":"max-snippet:-1","max-image-preview":"max-image-preview:large","max-video-preview":"max-video-preview:-1"},"canonical":"https:\/\/delormdesign.com\/blog\/rien-ne-vaut-salon-de-jardin-rectangulaire\/","og_locale":"fr_FR","og_type":"article","og_title":"Rien ne vaut le salon de jardin rectangulaire &bull; Blog Design Jardin &amp; Int\u00e9rieur | Tendance D\u00e9co","og_description":"Le mobilier de jardin tend \u00e0 mettre l\u2019accent sur ses qualit\u00e9s ergonomiques pour le grand plaisir des amateurs de plein air, cap sur le jardin rectangulaire!","og_url":"https:\/\/delormdesign.com\/blog\/rien-ne-vaut-salon-de-jardin-rectangulaire\/","og_site_name":"Blog Design Jardin &amp; Int\u00e9rieur | Tendance D\u00e9co","article_publisher":"https:\/\/www.facebook.com\/delormdesign\/","article_published_time":"2018-05-28T08:18:49+00:00","article_modified_time":"2022-03-18T09:30:35+00:00","og_image":[{"width":1140,"height":641,"url":"https:\/\/delormdesign.com\/blog\/wp-content\/uploads\/2020\/06\/delorm_catalog_SD2003-GREY-LIGHTGREY_SD2003-F.jpg.jpg","type":"image\/jpeg"}],"author":"Lea Rigoleta","twitter_card":"summary","twitter_misc":{"Written by":"Lea Rigoleta","Est. reading time":"3 minutes"},"schema":{"@context":"https:\/\/schema.org","@graph":[{"@type":"WebSite","@id":"https:\/\/delormdesign.com\/blog\/#website","url":"https:\/\/delormdesign.com\/blog\/","name":"Blog Design Jardin &amp; Int\u00e9rieur | Tendance D\u00e9co","description":"Jardin &amp; Int\u00e9rieur | Tendance D\u00e9co","potentialAction":[{"@type":"SearchAction","target":{"@type":"EntryPoint","urlTemplate":"https:\/\/delormdesign.com\/blog\/?s={search_term_string}"},"query-input":"required name=search_term_string"}],"inLanguage":"fr-FR"},{"@type":"ImageObject","inLanguage":"fr-FR","@id":"https:\/\/delormdesign.com\/blog\/rien-ne-vaut-salon-de-jardin-rectangulaire\/#primaryimage","url":"https:\/\/delormdesign.com\/blog\/wp-content\/uploads\/2020\/06\/delorm_catalog_SD2003-GREY-LIGHTGREY_SD2003-F.jpg.jpg","contentUrl":"https:\/\/delormdesign.com\/blog\/wp-content\/uploads\/2020\/06\/delorm_catalog_SD2003-GREY-LIGHTGREY_SD2003-F.jpg.jpg","width":1140,"height":641,"caption":"Salon de jardin en polyrotin"},{"@type":"WebPage","@id":"https:\/\/delormdesign.com\/blog\/rien-ne-vaut-salon-de-jardin-rectangulaire\/","url":"https:\/\/delormdesign.com\/blog\/rien-ne-vaut-salon-de-jardin-rectangulaire\/","name":"Rien ne vaut le salon de jardin rectangulaire &bull; Blog Design Jardin &amp; Int\u00e9rieur | Tendance D\u00e9co","isPartOf":{"@id":"https:\/\/delormdesign.com\/blog\/#website"},"primaryImageOfPage":{"@id":"https:\/\/delormdesign.com\/blog\/rien-ne-vaut-salon-de-jardin-rectangulaire\/#primaryimage"},"datePublished":"2018-05-28T08:18:49+00:00","dateModified":"2022-03-18T09:30:35+00:00","author":{"@id":"https:\/\/delormdesign.com\/blog\/#\/schema\/person\/a5699d6f4c2058a34009c87a8fb2d503"},"description":"Le mobilier de jardin tend \u00e0 mettre l\u2019accent sur ses qualit\u00e9s ergonomiques pour le grand plaisir des amateurs de plein air, cap sur le jardin rectangulaire!","breadcrumb":{"@id":"https:\/\/delormdesign.com\/blog\/rien-ne-vaut-salon-de-jardin-rectangulaire\/#breadcrumb"},"inLanguage":"fr-FR","potentialAction":[{"@type":"ReadAction","target":["https:\/\/delormdesign.com\/blog\/rien-ne-vaut-salon-de-jardin-rectangulaire\/"]}]},{"@type":"BreadcrumbList","@id":"https:\/\/delormdesign.com\/blog\/rien-ne-vaut-salon-de-jardin-rectangulaire\/#breadcrumb","itemListElement":[{"@type":"ListItem","position":1,"name":"Accueil","item":"https:\/\/delormdesign.com\/blog\/"},{"@type":"ListItem","position":2,"name":"Rien ne vaut le salon de jardin rectangulaire"}]},{"@type":"Person","@id":"https:\/\/delormdesign.com\/blog\/#\/schema\/person\/a5699d6f4c2058a34009c87a8fb2d503","name":"Lea Rigoleta","image":{"@type":"ImageObject","inLanguage":"fr-FR","@id":"https:\/\/delormdesign.com\/blog\/#\/schema\/person\/image\/","url":"https:\/\/secure.gravatar.com\/avatar\/a1e61b97b259452330da26a9d5e3e335?s=96&d=mm&r=g","contentUrl":"https:\/\/secure.gravatar.com\/avatar\/a1e61b97b259452330da26a9d5e3e335?s=96&d=mm&r=g","caption":"Lea Rigoleta"},"url":"https:\/\/delormdesign.com\/blog\/author\/l-rigoleta\/"}]}},"amp_enabled":true,"_links":{"self":[{"href":"https:\/\/delormdesign.com\/blog\/wp-json\/wp\/v2\/posts\/635"}],"collection":[{"href":"https:\/\/delormdesign.com\/blog\/wp-json\/wp\/v2\/posts"}],"about":[{"href":"https:\/\/delormdesign.com\/blog\/wp-json\/wp\/v2\/types\/post"}],"author":[{"embeddable":true,"href":"https:\/\/delormdesign.com\/blog\/wp-json\/wp\/v2\/users\/15"}],"replies":[{"embeddable":true,"href":"https:\/\/delormdesign.com\/blog\/wp-json\/wp\/v2\/comments?post=635"}],"version-history":[{"count":6,"href":"https:\/\/delormdesign.com\/blog\/wp-json\/wp\/v2\/posts\/635\/revisions"}],"predecessor-version":[{"id":3171,"href":"https:\/\/delormdesign.com\/blog\/wp-json\/wp\/v2\/posts\/635\/revisions\/3171"}],"wp:featuredmedia":[{"embeddable":true,"href":"https:\/\/delormdesign.com\/blog\/wp-json\/wp\/v2\/media\/2363"}],"wp:attachment":[{"href":"https:\/\/delormdesign.com\/blog\/wp-json\/wp\/v2\/media?parent=635"}],"wp:term":[{"taxonomy":"category","embeddable":true,"href":"https:\/\/delormdesign.com\/blog\/wp-json\/wp\/v2\/categories?post=635"},{"taxonomy":"post_tag","embeddable":true,"href":"https:\/\/delormdesign.com\/blog\/wp-json\/wp\/v2\/tags?post=635"}],"curies":[{"name":"wp","href":"https:\/\/api.w.org\/{rel}","templated":true}]}}