{"id":640,"date":"2018-05-28T08:20:11","date_gmt":"2018-05-28T08:20:11","guid":{"rendered":"https:\/\/delormdesign.com\/blog\/?p=640"},"modified":"2022-03-18T09:30:35","modified_gmt":"2022-03-18T09:30:35","slug":"salon-de-jardin-alu-verre-parfaite-alliance-de-qualite-de-lelegance","status":"publish","type":"post","link":"https:\/\/delormdesign.com\/blog\/salon-de-jardin-alu-verre-parfaite-alliance-de-qualite-de-lelegance\/","title":{"rendered":"Salon de jardin alu et verre : parfaite alliance de la qualit\u00e9 et de l&#8217;\u00e9l\u00e9gance"},"content":{"rendered":"<h2>Le mobilier id\u00e9al pour s\u2019offrir du bon temps<\/h2>\n<p>Prendre plaisir \u00e0 profiter du bon temps et des joies du plein air est ce \u00e0 quoi aspire tout un chacun. Le citadin confin\u00e9 dans son environnement de b\u00e9ton est celui qui \u00e9prouve une r\u00e9elle \u00e9vasion quand il passe ses heures de libert\u00e9 dans l\u2019atmosph\u00e8re douillette de son jardin ou dans le cadre convivial de sa terrasse.<!--more--><\/p>\n<p><strong>Ce plaisir est sublim\u00e9 par le cadre offert par un mobilier qui vous enveloppe dans le creux de son confort tant il est \u00e9l\u00e9gant et fiable.<\/strong> Vos moments de bonheur familial ou pass\u00e9s avec les proches et amis vous sont offerts par le salon de jardin alu et verre. Cet ensemble <strong>est une association heureuse de qualit\u00e9 et d\u2019\u00e9l\u00e9gance. <\/strong>Et cette association<strong> rehausse aussi bien l\u2019esth\u00e9tique de votre ext\u00e9rieur que son standing<\/strong>.<\/p>\n<h2>L\u2019assurance d\u2019une qualit\u00e9 durable<\/h2>\n<p>Avec ce genre de salon de jardin, les mat\u00e9riaux avec lesquels les diff\u00e9rentes composantes sont fabriqu\u00e9es ont \u00e9t\u00e9 pens\u00e9s pour faire ressortir tout ce qui est n\u00e9cessaire pour donner la plus grande satisfaction possible. La structure 100% aluminium vous fait oublier la hantise des chaises, des bancs et des tables qui rouillent et s\u2019\u00e9rodent du fait des intemp\u00e9ries. <strong>Ce mobilier est \u00e0 la fois l\u00e9ger et robuste<\/strong>.<\/p>\n<p><strong>Le verre, g\u00e9n\u00e9ralement s\u00e9curit, donne \u00e0 l\u2019ensemble un aspect raffin\u00e9.&nbsp;Cet aspect&nbsp;enjolive l\u2019environnement dans lequel le mobilier est install\u00e9<\/strong>. La peinture \u00e9poxy vient renforcer <strong>l\u2019esth\u00e9tique et la praticit\u00e9<\/strong> de cet assemblage. Ce produit dispose, en effet, d\u2019une grande r\u00e9sistance aux rayures et aux effets des d\u00e9tergents. Son bel aspect lisse donne de la classe au mobilier.<\/p>\n<h2>Des mod\u00e8les divers avec l\u2019esth\u00e9tique pour caract\u00e8re commun<\/h2>\n<p>Le salon de jardin alu et verre se d\u00e9cline en diff\u00e9rentes versions dont le d\u00e9nominateur commun est <strong>l\u2019\u00e9l\u00e9gance<\/strong>. Le <a href=\"https:\/\/delormdesign.com\/salon-de-jardin-en-resine-tressee\/246-sd1003-black-white-3700735700660.html\">salon de jardin de Akumal<\/a>, par exemple, vous permet d\u2019accueillir jusqu\u2019\u00e0 4 personnes.&nbsp;Cependant, son syst\u00e8me modulable vous permet d\u2019agencer le canap\u00e9 selon vos envies ! Il suffit simplement d\u2019assembler les aliments additifs au moyen d\u2019un clip. Des coussins d\u2019assises de 8 cm d\u2019\u00e9paisseur sont d&#8217;ailleurs dispos\u00e9s sur des dossiers en \u00ab&nbsp;V&nbsp;\u00bb. Ces derniers sont en effet bien plus confortables pour soutenir le dos.<\/p>\n<p>R\u00e9sine tress\u00e9e et toile TPEP (Toile Polyester Enduit Perfor\u00e9e) viennent renforcer <strong>le confort, la robustesse et l\u2019esth\u00e9tique<\/strong> du mobilier qu\u2019une table recouverte de verre s\u00e9curit compl\u00e8te. Les concepteurs proposent des coloris et des nuances tous plus charmants les uns que les autres.<\/p>\n<h2>Un mobilier de qualit\u00e9 d\u2019entretien facile<\/h2>\n<p><strong>La surface en verre est facile \u00e0 nettoyer et \u00e0 entretenir.<\/strong>&nbsp;Ainsi, elle donne toujours son aspect resplendissant. La brillance de la table donne le ton aux r\u00e9jouissances que l\u2019on passe avec elle. La peinture \u00e9poxy qui recouvre les autres mat\u00e9riaux est imperm\u00e9able. Par ailleurs, elle&nbsp;s\u2019entretient \u00e0 l\u2019aide de simples produits nettoyants. Dans la plupart des mod\u00e8les, de l\u2019eau l\u00e9g\u00e8rement savonneuse que l\u2019on rince \u00e0 l\u2019eau claire fait l\u2019affaire.<\/p>\n<p>Finalement, pour&nbsp;une durabilit\u00e9 optimale<strong>, il est conseill\u00e9 de ranger le <a href=\"https:\/\/delormdesign.com\/blog\/salon-de-jardin-alu-verre-parfaite-alliance-de-qualite-de-lelegance\/\" >salon de jardin alu et verre<\/a> quand vient le temps des fortes intemp\u00e9ries.<\/strong>&nbsp;Ainsi, vous disposerez le plus longtemps possible d\u2019un \u00e9quipement qui vous servira dans vos moments de d\u00e9lassement.<\/p>\n","protected":false},"excerpt":{"rendered":"<p>Le mobilier id\u00e9al pour s\u2019offrir du bon temps Prendre plaisir \u00e0 profiter du bon temps et des joies du plein air est ce \u00e0 quoi aspire tout un chacun. Le citadin confin\u00e9 dans son environnement de b\u00e9ton est celui qui \u00e9prouve une r\u00e9elle \u00e9vasion quand il passe ses heures de libert\u00e9 dans l\u2019atmosph\u00e8re douillette de [&hellip;]<\/p>\n","protected":false},"author":15,"featured_media":2363,"comment_status":"open","ping_status":"open","sticky":false,"template":"","format":"standard","meta":[],"categories":[4,20],"tags":[],"yoast_head":"<!-- This site is optimized with the Yoast SEO plugin v19.3 - https:\/\/yoast.com\/wordpress\/plugins\/seo\/ -->\n<title>Salon de jardin alu et verre : parfaite alliance de la qualit\u00e9 et de l&#039;\u00e9l\u00e9gance &bull; Blog Design Jardin &amp; Int\u00e9rieur | Tendance D\u00e9co<\/title>\n<meta name=\"description\" content=\"Pour habiller votre jardin, choisissez l&#039;alliance entre la qualit\u00e9 et l&#039;\u00e9l\u00e9gance avec un salon de jardin mixant l&#039;aluminium et le verre !\" \/>\n<meta name=\"robots\" content=\"index, follow, max-snippet:-1, max-image-preview:large, max-video-preview:-1\" \/>\n<link rel=\"canonical\" href=\"https:\/\/delormdesign.com\/blog\/salon-de-jardin-alu-verre-parfaite-alliance-de-qualite-de-lelegance\/\" \/>\n<meta property=\"og:locale\" content=\"fr_FR\" \/>\n<meta property=\"og:type\" content=\"article\" \/>\n<meta property=\"og:title\" content=\"Salon de jardin alu et verre : parfaite alliance de la qualit\u00e9 et de l&#039;\u00e9l\u00e9gance &bull; Blog Design Jardin &amp; Int\u00e9rieur | Tendance D\u00e9co\" \/>\n<meta property=\"og:description\" content=\"Pour habiller votre jardin, choisissez l&#039;alliance entre la qualit\u00e9 et l&#039;\u00e9l\u00e9gance avec un salon de jardin mixant l&#039;aluminium et le verre !\" \/>\n<meta property=\"og:url\" content=\"https:\/\/delormdesign.com\/blog\/salon-de-jardin-alu-verre-parfaite-alliance-de-qualite-de-lelegance\/\" \/>\n<meta property=\"og:site_name\" content=\"Blog Design Jardin &amp; Int\u00e9rieur | Tendance D\u00e9co\" \/>\n<meta property=\"article:publisher\" content=\"https:\/\/www.facebook.com\/delormdesign\/\" \/>\n<meta property=\"article:published_time\" content=\"2018-05-28T08:20:11+00:00\" \/>\n<meta property=\"article:modified_time\" content=\"2022-03-18T09:30:35+00:00\" \/>\n<meta property=\"og:image\" content=\"https:\/\/delormdesign.com\/blog\/wp-content\/uploads\/2020\/06\/delorm_catalog_SD2003-GREY-LIGHTGREY_SD2003-F.jpg.jpg\" \/>\n\t<meta property=\"og:image:width\" content=\"1140\" \/>\n\t<meta property=\"og:image:height\" content=\"641\" \/>\n\t<meta property=\"og:image:type\" content=\"image\/jpeg\" \/>\n<meta name=\"author\" content=\"Lea Rigoleta\" \/>\n<meta name=\"twitter:card\" content=\"summary\" \/>\n<meta name=\"twitter:label1\" content=\"Written by\" \/>\n\t<meta name=\"twitter:data1\" content=\"Lea Rigoleta\" \/>\n\t<meta name=\"twitter:label2\" content=\"Est. reading time\" \/>\n\t<meta name=\"twitter:data2\" content=\"3 minutes\" \/>\n<script type=\"application\/ld+json\" class=\"yoast-schema-graph\">{\"@context\":\"https:\/\/schema.org\",\"@graph\":[{\"@type\":\"WebSite\",\"@id\":\"https:\/\/delormdesign.com\/blog\/#website\",\"url\":\"https:\/\/delormdesign.com\/blog\/\",\"name\":\"Blog Design Jardin &amp; Int\u00e9rieur | Tendance D\u00e9co\",\"description\":\"Jardin &amp; Int\u00e9rieur | Tendance D\u00e9co\",\"potentialAction\":[{\"@type\":\"SearchAction\",\"target\":{\"@type\":\"EntryPoint\",\"urlTemplate\":\"https:\/\/delormdesign.com\/blog\/?s={search_term_string}\"},\"query-input\":\"required name=search_term_string\"}],\"inLanguage\":\"fr-FR\"},{\"@type\":\"ImageObject\",\"inLanguage\":\"fr-FR\",\"@id\":\"https:\/\/delormdesign.com\/blog\/salon-de-jardin-alu-verre-parfaite-alliance-de-qualite-de-lelegance\/#primaryimage\",\"url\":\"https:\/\/delormdesign.com\/blog\/wp-content\/uploads\/2020\/06\/delorm_catalog_SD2003-GREY-LIGHTGREY_SD2003-F.jpg.jpg\",\"contentUrl\":\"https:\/\/delormdesign.com\/blog\/wp-content\/uploads\/2020\/06\/delorm_catalog_SD2003-GREY-LIGHTGREY_SD2003-F.jpg.jpg\",\"width\":1140,\"height\":641,\"caption\":\"Salon de jardin en polyrotin\"},{\"@type\":\"WebPage\",\"@id\":\"https:\/\/delormdesign.com\/blog\/salon-de-jardin-alu-verre-parfaite-alliance-de-qualite-de-lelegance\/\",\"url\":\"https:\/\/delormdesign.com\/blog\/salon-de-jardin-alu-verre-parfaite-alliance-de-qualite-de-lelegance\/\",\"name\":\"Salon de jardin alu et verre : parfaite alliance de la qualit\u00e9 et de l'\u00e9l\u00e9gance &bull; Blog Design Jardin &amp; Int\u00e9rieur | Tendance D\u00e9co\",\"isPartOf\":{\"@id\":\"https:\/\/delormdesign.com\/blog\/#website\"},\"primaryImageOfPage\":{\"@id\":\"https:\/\/delormdesign.com\/blog\/salon-de-jardin-alu-verre-parfaite-alliance-de-qualite-de-lelegance\/#primaryimage\"},\"datePublished\":\"2018-05-28T08:20:11+00:00\",\"dateModified\":\"2022-03-18T09:30:35+00:00\",\"author\":{\"@id\":\"https:\/\/delormdesign.com\/blog\/#\/schema\/person\/a5699d6f4c2058a34009c87a8fb2d503\"},\"description\":\"Pour habiller votre jardin, choisissez l'alliance entre la qualit\u00e9 et l'\u00e9l\u00e9gance avec un salon de jardin mixant l'aluminium et le verre !\",\"breadcrumb\":{\"@id\":\"https:\/\/delormdesign.com\/blog\/salon-de-jardin-alu-verre-parfaite-alliance-de-qualite-de-lelegance\/#breadcrumb\"},\"inLanguage\":\"fr-FR\",\"potentialAction\":[{\"@type\":\"ReadAction\",\"target\":[\"https:\/\/delormdesign.com\/blog\/salon-de-jardin-alu-verre-parfaite-alliance-de-qualite-de-lelegance\/\"]}]},{\"@type\":\"BreadcrumbList\",\"@id\":\"https:\/\/delormdesign.com\/blog\/salon-de-jardin-alu-verre-parfaite-alliance-de-qualite-de-lelegance\/#breadcrumb\",\"itemListElement\":[{\"@type\":\"ListItem\",\"position\":1,\"name\":\"Accueil\",\"item\":\"https:\/\/delormdesign.com\/blog\/\"},{\"@type\":\"ListItem\",\"position\":2,\"name\":\"Salon de jardin alu et verre : parfaite alliance de la qualit\u00e9 et de l&#8217;\u00e9l\u00e9gance\"}]},{\"@type\":\"Person\",\"@id\":\"https:\/\/delormdesign.com\/blog\/#\/schema\/person\/a5699d6f4c2058a34009c87a8fb2d503\",\"name\":\"Lea Rigoleta\",\"image\":{\"@type\":\"ImageObject\",\"inLanguage\":\"fr-FR\",\"@id\":\"https:\/\/delormdesign.com\/blog\/#\/schema\/person\/image\/\",\"url\":\"https:\/\/secure.gravatar.com\/avatar\/a1e61b97b259452330da26a9d5e3e335?s=96&d=mm&r=g\",\"contentUrl\":\"https:\/\/secure.gravatar.com\/avatar\/a1e61b97b259452330da26a9d5e3e335?s=96&d=mm&r=g\",\"caption\":\"Lea Rigoleta\"},\"url\":\"https:\/\/delormdesign.com\/blog\/author\/l-rigoleta\/\"}]}<\/script>\n<!-- \/ Yoast SEO plugin. -->","yoast_head_json":{"title":"Salon de jardin alu et verre : parfaite alliance de la qualit\u00e9 et de l'\u00e9l\u00e9gance &bull; Blog Design Jardin &amp; Int\u00e9rieur | Tendance D\u00e9co","description":"Pour habiller votre jardin, choisissez l'alliance entre la qualit\u00e9 et l'\u00e9l\u00e9gance avec un salon de jardin mixant l'aluminium et le verre !","robots":{"index":"index","follow":"follow","max-snippet":"max-snippet:-1","max-image-preview":"max-image-preview:large","max-video-preview":"max-video-preview:-1"},"canonical":"https:\/\/delormdesign.com\/blog\/salon-de-jardin-alu-verre-parfaite-alliance-de-qualite-de-lelegance\/","og_locale":"fr_FR","og_type":"article","og_title":"Salon de jardin alu et verre : parfaite alliance de la qualit\u00e9 et de l'\u00e9l\u00e9gance &bull; Blog Design Jardin &amp; Int\u00e9rieur | Tendance D\u00e9co","og_description":"Pour habiller votre jardin, choisissez l'alliance entre la qualit\u00e9 et l'\u00e9l\u00e9gance avec un salon de jardin mixant l'aluminium et le verre !","og_url":"https:\/\/delormdesign.com\/blog\/salon-de-jardin-alu-verre-parfaite-alliance-de-qualite-de-lelegance\/","og_site_name":"Blog Design Jardin &amp; Int\u00e9rieur | Tendance D\u00e9co","article_publisher":"https:\/\/www.facebook.com\/delormdesign\/","article_published_time":"2018-05-28T08:20:11+00:00","article_modified_time":"2022-03-18T09:30:35+00:00","og_image":[{"width":1140,"height":641,"url":"https:\/\/delormdesign.com\/blog\/wp-content\/uploads\/2020\/06\/delorm_catalog_SD2003-GREY-LIGHTGREY_SD2003-F.jpg.jpg","type":"image\/jpeg"}],"author":"Lea Rigoleta","twitter_card":"summary","twitter_misc":{"Written by":"Lea Rigoleta","Est. reading time":"3 minutes"},"schema":{"@context":"https:\/\/schema.org","@graph":[{"@type":"WebSite","@id":"https:\/\/delormdesign.com\/blog\/#website","url":"https:\/\/delormdesign.com\/blog\/","name":"Blog Design Jardin &amp; Int\u00e9rieur | Tendance D\u00e9co","description":"Jardin &amp; Int\u00e9rieur | Tendance D\u00e9co","potentialAction":[{"@type":"SearchAction","target":{"@type":"EntryPoint","urlTemplate":"https:\/\/delormdesign.com\/blog\/?s={search_term_string}"},"query-input":"required name=search_term_string"}],"inLanguage":"fr-FR"},{"@type":"ImageObject","inLanguage":"fr-FR","@id":"https:\/\/delormdesign.com\/blog\/salon-de-jardin-alu-verre-parfaite-alliance-de-qualite-de-lelegance\/#primaryimage","url":"https:\/\/delormdesign.com\/blog\/wp-content\/uploads\/2020\/06\/delorm_catalog_SD2003-GREY-LIGHTGREY_SD2003-F.jpg.jpg","contentUrl":"https:\/\/delormdesign.com\/blog\/wp-content\/uploads\/2020\/06\/delorm_catalog_SD2003-GREY-LIGHTGREY_SD2003-F.jpg.jpg","width":1140,"height":641,"caption":"Salon de jardin en polyrotin"},{"@type":"WebPage","@id":"https:\/\/delormdesign.com\/blog\/salon-de-jardin-alu-verre-parfaite-alliance-de-qualite-de-lelegance\/","url":"https:\/\/delormdesign.com\/blog\/salon-de-jardin-alu-verre-parfaite-alliance-de-qualite-de-lelegance\/","name":"Salon de jardin alu et verre : parfaite alliance de la qualit\u00e9 et de l'\u00e9l\u00e9gance &bull; Blog Design Jardin &amp; Int\u00e9rieur | Tendance D\u00e9co","isPartOf":{"@id":"https:\/\/delormdesign.com\/blog\/#website"},"primaryImageOfPage":{"@id":"https:\/\/delormdesign.com\/blog\/salon-de-jardin-alu-verre-parfaite-alliance-de-qualite-de-lelegance\/#primaryimage"},"datePublished":"2018-05-28T08:20:11+00:00","dateModified":"2022-03-18T09:30:35+00:00","author":{"@id":"https:\/\/delormdesign.com\/blog\/#\/schema\/person\/a5699d6f4c2058a34009c87a8fb2d503"},"description":"Pour habiller votre jardin, choisissez l'alliance entre la qualit\u00e9 et l'\u00e9l\u00e9gance avec un salon de jardin mixant l'aluminium et le verre !","breadcrumb":{"@id":"https:\/\/delormdesign.com\/blog\/salon-de-jardin-alu-verre-parfaite-alliance-de-qualite-de-lelegance\/#breadcrumb"},"inLanguage":"fr-FR","potentialAction":[{"@type":"ReadAction","target":["https:\/\/delormdesign.com\/blog\/salon-de-jardin-alu-verre-parfaite-alliance-de-qualite-de-lelegance\/"]}]},{"@type":"BreadcrumbList","@id":"https:\/\/delormdesign.com\/blog\/salon-de-jardin-alu-verre-parfaite-alliance-de-qualite-de-lelegance\/#breadcrumb","itemListElement":[{"@type":"ListItem","position":1,"name":"Accueil","item":"https:\/\/delormdesign.com\/blog\/"},{"@type":"ListItem","position":2,"name":"Salon de jardin alu et verre : parfaite alliance de la qualit\u00e9 et de l&#8217;\u00e9l\u00e9gance"}]},{"@type":"Person","@id":"https:\/\/delormdesign.com\/blog\/#\/schema\/person\/a5699d6f4c2058a34009c87a8fb2d503","name":"Lea Rigoleta","image":{"@type":"ImageObject","inLanguage":"fr-FR","@id":"https:\/\/delormdesign.com\/blog\/#\/schema\/person\/image\/","url":"https:\/\/secure.gravatar.com\/avatar\/a1e61b97b259452330da26a9d5e3e335?s=96&d=mm&r=g","contentUrl":"https:\/\/secure.gravatar.com\/avatar\/a1e61b97b259452330da26a9d5e3e335?s=96&d=mm&r=g","caption":"Lea Rigoleta"},"url":"https:\/\/delormdesign.com\/blog\/author\/l-rigoleta\/"}]}},"amp_enabled":true,"_links":{"self":[{"href":"https:\/\/delormdesign.com\/blog\/wp-json\/wp\/v2\/posts\/640"}],"collection":[{"href":"https:\/\/delormdesign.com\/blog\/wp-json\/wp\/v2\/posts"}],"about":[{"href":"https:\/\/delormdesign.com\/blog\/wp-json\/wp\/v2\/types\/post"}],"author":[{"embeddable":true,"href":"https:\/\/delormdesign.com\/blog\/wp-json\/wp\/v2\/users\/15"}],"replies":[{"embeddable":true,"href":"https:\/\/delormdesign.com\/blog\/wp-json\/wp\/v2\/comments?post=640"}],"version-history":[{"count":5,"href":"https:\/\/delormdesign.com\/blog\/wp-json\/wp\/v2\/posts\/640\/revisions"}],"predecessor-version":[{"id":3170,"href":"https:\/\/delormdesign.com\/blog\/wp-json\/wp\/v2\/posts\/640\/revisions\/3170"}],"wp:featuredmedia":[{"embeddable":true,"href":"https:\/\/delormdesign.com\/blog\/wp-json\/wp\/v2\/media\/2363"}],"wp:attachment":[{"href":"https:\/\/delormdesign.com\/blog\/wp-json\/wp\/v2\/media?parent=640"}],"wp:term":[{"taxonomy":"category","embeddable":true,"href":"https:\/\/delormdesign.com\/blog\/wp-json\/wp\/v2\/categories?post=640"},{"taxonomy":"post_tag","embeddable":true,"href":"https:\/\/delormdesign.com\/blog\/wp-json\/wp\/v2\/tags?post=640"}],"curies":[{"name":"wp","href":"https:\/\/api.w.org\/{rel}","templated":true}]}}