{"id":674,"date":"2018-05-28T11:55:22","date_gmt":"2018-05-28T11:55:22","guid":{"rendered":"https:\/\/delormdesign.com\/blog\/?p=674"},"modified":"2022-03-18T09:30:34","modified_gmt":"2022-03-18T09:30:34","slug":"jardin-convivial-salon-de-detente-top-design","status":"publish","type":"post","link":"https:\/\/delormdesign.com\/blog\/jardin-convivial-salon-de-detente-top-design\/","title":{"rendered":"Un jardin convivial avec un salon de d\u00e9tente top design"},"content":{"rendered":"<p><em>Lorsque les beaux jours pointent le bout de leur nez, tous les petits chanceux qui poss\u00e8dent un jardin veulent en profiter pour se d\u00e9tendre \u00e0 l\u2019ext\u00e9rieur. Mais <strong>pour que l\u2019espace ext\u00e9rieur de votre chez vous soit accueillant et convivial, l\u2019installation d\u2019un salon de d\u00e9tente design et confortable s\u2019impose<\/strong>. Petit focus donc sur les salons de d\u00e9tente pour vous aider \u00e0 choisir celui qui habillera \u00e0 la perfection votre ext\u00e9rieur.<\/em><!--more--><\/p>\n<h2>Le choix du mat\u00e9riau<\/h2>\n<p>Avant toute chose, vous devrez d\u2019abord commencer par d\u00e9terminer le bon mat\u00e9riau pour votre salon de d\u00e9tente. Que vous vouliez un mobilier en fer forg\u00e9, en aluminium ou encore en r\u00e9sine, il vous faudra d\u2019abord conna\u00eetre les caract\u00e9ristiques de chacun d\u2019entre eux\u00a0!<\/p>\n<h3>Le fer forg\u00e9<\/h3>\n<p><strong>Le fer forg\u00e9 est synonyme de rustique et d\u2019\u00e9l\u00e9gance, typique des jardins anglais<\/strong>. Si votre c\u0153ur vous guide sur ce type de <a href=\"https:\/\/www.salonjardinresine.net\/\">salon de jardin<\/a>, sachez que c\u2019est un mat\u00e9riau solide. Ce dernier durera dans le temps avec un traitement antirouille r\u00e9gulier. Il est toutefois \u00e0 noter que ce type de mobilier est lourd et donc difficile \u00e0 d\u00e9placer. Il faut aussi savoir qu\u2019un salon en fer forg\u00e9 chauffe au soleil, alors gare aux br\u00fblures\u00a0!<\/p>\n<h3>Le bois<\/h3>\n<p><strong>Le bois est un mat\u00e9riau noble.\u00a0<\/strong>Si vous optez pour un salon de d\u00e9tente con\u00e7u avec, il apportera un c\u00f4t\u00e9 chaleureux \u00e0 votre ext\u00e9rieur. Avec le temps, le bois vieillira n\u00e9anmoins \u2013 et cela vaut aussi pour le bois exotique plus r\u00e9sistant. Et si le mobilier n\u2019en sera pas moins utilisable, il faut quand m\u00eame aimer la couleur du bois vieilli. Toutefois, <strong>pour garder le c\u00f4t\u00e9 neuf des meubles, un entretien r\u00e9gulier sera n\u00e9cessaire<\/strong>.<\/p>\n<h3>La r\u00e9sine<\/h3>\n<p><img loading=\"lazy\" class=\"wp-image-1568 size-medium aligncenter\" title=\"salon-jardin-r\u00e9sine\" src=\"https:\/\/delormdesign.com\/blog\/wp-content\/uploads\/2018\/05\/salon-jardin-re\u0301sine-300x169.jpg\" alt=\"salon-jardin-r\u00e9sine\" width=\"300\" height=\"169\" srcset=\"https:\/\/delormdesign.com\/blog\/wp-content\/uploads\/2018\/05\/salon-jardin-re\u0301sine-300x169.jpg 300w, https:\/\/delormdesign.com\/blog\/wp-content\/uploads\/2018\/05\/salon-jardin-re\u0301sine-768x432.jpg 768w, https:\/\/delormdesign.com\/blog\/wp-content\/uploads\/2018\/05\/salon-jardin-re\u0301sine-550x309.jpg 550w, https:\/\/delormdesign.com\/blog\/wp-content\/uploads\/2018\/05\/salon-jardin-re\u0301sine-520x293.jpg 520w, https:\/\/delormdesign.com\/blog\/wp-content\/uploads\/2018\/05\/salon-jardin-re\u0301sine-625x352.jpg 625w, https:\/\/delormdesign.com\/blog\/wp-content\/uploads\/2018\/05\/salon-jardin-re\u0301sine-15x8.jpg 15w, https:\/\/delormdesign.com\/blog\/wp-content\/uploads\/2018\/05\/salon-jardin-re\u0301sine-810x456.jpg 810w, https:\/\/delormdesign.com\/blog\/wp-content\/uploads\/2018\/05\/salon-jardin-re\u0301sine.jpg 1024w\" sizes=\"(max-width: 300px) 100vw, 300px\" \/><\/p>\n<p><strong>Les salons en r\u00e9sine constituent probablement l\u2019une des meilleures options pour les salons de jardin.<\/strong> Ils sont non seulement tr\u00e8s en vogue actuellement, mais aussi tr\u00e8s styl\u00e9s. Souvent con\u00e7us avec une structure en aluminium, un salon de d\u00e9tente en r\u00e9sine apportera chic et charme \u00e0 votre jardin. Un salon en r\u00e9sine est en plus l\u00e9ger \u2013 et donc facile \u00e0 d\u00e9placer. Il\u00a0ne n\u00e9cessite comme entretien qu\u2019un d\u00e9poussi\u00e9rage r\u00e9gulier et un lavage avec de l\u2019eau savonneuse quand cela est n\u00e9cessaire.<\/p>\n<h2>Un salon adapt\u00e9 \u00e0 la taille de votre jardin<\/h2>\n<p>Si vous avez la chance d\u2019avoir un immense jardin et d\u2019\u00eatre en plus tr\u00e8s entour\u00e9, le <a href=\"https:\/\/delormdesign.com\/salon-de-jardin-en-resine-tressee\/289-sd9503-black-white-3700735701360.html\">salon de jardin MENO en r\u00e9sine noire 10 places<\/a> peut tr\u00e8s bien faire l\u2019affaire pour des moments conviviaux \u00e0 plusieurs. Modulable \u00e0 volont\u00e9, <strong>il remplira parfaitement les grands espaces et habillera joliment votre espace ext\u00e9rieu<\/strong>r. Pour des espaces un peu plus r\u00e9duits, des mod\u00e8les moins volumineux sont \u00e9galement disponibles, il vous suffira simplement de vous diriger vers le salon de d\u00e9tente 4 places par exemple, ou encore le mod\u00e8le duo, entre autres.<\/p>\n<h2>Un mobilier confortable<\/h2>\n<p>Pour garantir de bons moments de d\u00e9tente, le confort doit \u00eatre au rendez-vous. Pour s\u2019en assurer,il faudra prendre en compte la taille des assises, la forme des dossiers et la qualit\u00e9 des coussins (s\u2019il y en a). Renseignez-vous particuli\u00e8rement sur l\u2019\u00e9paisseur de ces derniers,ainsi que sur la qualit\u00e9 du mat\u00e9riau utilis\u00e9 pour le rembourrage. Quant \u00e0 la couleur des coussins, vous serez libre de les choisir selon vos go\u00fbts personnels.<\/p>\n","protected":false},"excerpt":{"rendered":"<p>Lorsque les beaux jours pointent le bout de leur nez, tous les petits chanceux qui poss\u00e8dent un jardin veulent en profiter pour se d\u00e9tendre \u00e0 l\u2019ext\u00e9rieur. Mais pour que l\u2019espace ext\u00e9rieur de votre chez vous soit accueillant et convivial, l\u2019installation d\u2019un salon de d\u00e9tente design et confortable s\u2019impose. Petit focus donc sur les salons de [&hellip;]<\/p>\n","protected":false},"author":15,"featured_media":2414,"comment_status":"open","ping_status":"open","sticky":false,"template":"","format":"standard","meta":[],"categories":[4,20],"tags":[],"yoast_head":"<!-- This site is optimized with the Yoast SEO plugin v19.3 - https:\/\/yoast.com\/wordpress\/plugins\/seo\/ -->\n<title>Un jardin convivial avec un salon de d\u00e9tente top design &bull; Blog Design Jardin &amp; Int\u00e9rieur | Tendance D\u00e9co<\/title>\n<meta name=\"description\" content=\"Pour que l\u2019espace ext\u00e9rieur de votre chez vous soit accueillant et convivial, l\u2019installation d\u2019un salon de d\u00e9tente design et confortable s\u2019impose !\" \/>\n<meta name=\"robots\" content=\"index, follow, max-snippet:-1, max-image-preview:large, max-video-preview:-1\" \/>\n<link rel=\"canonical\" href=\"https:\/\/delormdesign.com\/blog\/jardin-convivial-salon-de-detente-top-design\/\" \/>\n<meta property=\"og:locale\" content=\"fr_FR\" \/>\n<meta property=\"og:type\" content=\"article\" \/>\n<meta property=\"og:title\" content=\"Un jardin convivial avec un salon de d\u00e9tente top design &bull; Blog Design Jardin &amp; Int\u00e9rieur | Tendance D\u00e9co\" \/>\n<meta property=\"og:description\" content=\"Pour que l\u2019espace ext\u00e9rieur de votre chez vous soit accueillant et convivial, l\u2019installation d\u2019un salon de d\u00e9tente design et confortable s\u2019impose !\" \/>\n<meta property=\"og:url\" content=\"https:\/\/delormdesign.com\/blog\/jardin-convivial-salon-de-detente-top-design\/\" \/>\n<meta property=\"og:site_name\" content=\"Blog Design Jardin &amp; Int\u00e9rieur | Tendance D\u00e9co\" \/>\n<meta property=\"article:publisher\" content=\"https:\/\/www.facebook.com\/delormdesign\/\" \/>\n<meta property=\"article:published_time\" content=\"2018-05-28T11:55:22+00:00\" \/>\n<meta property=\"article:modified_time\" content=\"2022-03-18T09:30:34+00:00\" \/>\n<meta property=\"og:image\" content=\"https:\/\/delormdesign.com\/blog\/wp-content\/uploads\/2017\/10\/salon-jardin-rotin.jpg\" \/>\n\t<meta property=\"og:image:width\" content=\"695\" \/>\n\t<meta property=\"og:image:height\" content=\"389\" \/>\n\t<meta property=\"og:image:type\" content=\"image\/jpeg\" \/>\n<meta name=\"author\" content=\"Lea Rigoleta\" \/>\n<meta name=\"twitter:card\" content=\"summary\" \/>\n<meta name=\"twitter:label1\" content=\"Written by\" \/>\n\t<meta name=\"twitter:data1\" content=\"Lea Rigoleta\" \/>\n\t<meta name=\"twitter:label2\" content=\"Est. reading time\" \/>\n\t<meta name=\"twitter:data2\" content=\"3 minutes\" \/>\n<script type=\"application\/ld+json\" class=\"yoast-schema-graph\">{\"@context\":\"https:\/\/schema.org\",\"@graph\":[{\"@type\":\"WebSite\",\"@id\":\"https:\/\/delormdesign.com\/blog\/#website\",\"url\":\"https:\/\/delormdesign.com\/blog\/\",\"name\":\"Blog Design Jardin &amp; Int\u00e9rieur | Tendance D\u00e9co\",\"description\":\"Jardin &amp; Int\u00e9rieur | Tendance D\u00e9co\",\"potentialAction\":[{\"@type\":\"SearchAction\",\"target\":{\"@type\":\"EntryPoint\",\"urlTemplate\":\"https:\/\/delormdesign.com\/blog\/?s={search_term_string}\"},\"query-input\":\"required name=search_term_string\"}],\"inLanguage\":\"fr-FR\"},{\"@type\":\"ImageObject\",\"inLanguage\":\"fr-FR\",\"@id\":\"https:\/\/delormdesign.com\/blog\/jardin-convivial-salon-de-detente-top-design\/#primaryimage\",\"url\":\"https:\/\/delormdesign.com\/blog\/wp-content\/uploads\/2017\/10\/salon-jardin-rotin.jpg\",\"contentUrl\":\"https:\/\/delormdesign.com\/blog\/wp-content\/uploads\/2017\/10\/salon-jardin-rotin.jpg\",\"width\":695,\"height\":389,\"caption\":\"salon de jardin en poly rotin\"},{\"@type\":\"WebPage\",\"@id\":\"https:\/\/delormdesign.com\/blog\/jardin-convivial-salon-de-detente-top-design\/\",\"url\":\"https:\/\/delormdesign.com\/blog\/jardin-convivial-salon-de-detente-top-design\/\",\"name\":\"Un jardin convivial avec un salon de d\u00e9tente top design &bull; Blog Design Jardin &amp; Int\u00e9rieur | Tendance D\u00e9co\",\"isPartOf\":{\"@id\":\"https:\/\/delormdesign.com\/blog\/#website\"},\"primaryImageOfPage\":{\"@id\":\"https:\/\/delormdesign.com\/blog\/jardin-convivial-salon-de-detente-top-design\/#primaryimage\"},\"datePublished\":\"2018-05-28T11:55:22+00:00\",\"dateModified\":\"2022-03-18T09:30:34+00:00\",\"author\":{\"@id\":\"https:\/\/delormdesign.com\/blog\/#\/schema\/person\/a5699d6f4c2058a34009c87a8fb2d503\"},\"description\":\"Pour que l\u2019espace ext\u00e9rieur de votre chez vous soit accueillant et convivial, l\u2019installation d\u2019un salon de d\u00e9tente design et confortable s\u2019impose !\",\"breadcrumb\":{\"@id\":\"https:\/\/delormdesign.com\/blog\/jardin-convivial-salon-de-detente-top-design\/#breadcrumb\"},\"inLanguage\":\"fr-FR\",\"potentialAction\":[{\"@type\":\"ReadAction\",\"target\":[\"https:\/\/delormdesign.com\/blog\/jardin-convivial-salon-de-detente-top-design\/\"]}]},{\"@type\":\"BreadcrumbList\",\"@id\":\"https:\/\/delormdesign.com\/blog\/jardin-convivial-salon-de-detente-top-design\/#breadcrumb\",\"itemListElement\":[{\"@type\":\"ListItem\",\"position\":1,\"name\":\"Accueil\",\"item\":\"https:\/\/delormdesign.com\/blog\/\"},{\"@type\":\"ListItem\",\"position\":2,\"name\":\"Un jardin convivial avec un salon de d\u00e9tente top design\"}]},{\"@type\":\"Person\",\"@id\":\"https:\/\/delormdesign.com\/blog\/#\/schema\/person\/a5699d6f4c2058a34009c87a8fb2d503\",\"name\":\"Lea Rigoleta\",\"image\":{\"@type\":\"ImageObject\",\"inLanguage\":\"fr-FR\",\"@id\":\"https:\/\/delormdesign.com\/blog\/#\/schema\/person\/image\/\",\"url\":\"https:\/\/secure.gravatar.com\/avatar\/a1e61b97b259452330da26a9d5e3e335?s=96&d=mm&r=g\",\"contentUrl\":\"https:\/\/secure.gravatar.com\/avatar\/a1e61b97b259452330da26a9d5e3e335?s=96&d=mm&r=g\",\"caption\":\"Lea Rigoleta\"},\"url\":\"https:\/\/delormdesign.com\/blog\/author\/l-rigoleta\/\"}]}<\/script>\n<!-- \/ Yoast SEO plugin. -->","yoast_head_json":{"title":"Un jardin convivial avec un salon de d\u00e9tente top design &bull; Blog Design Jardin &amp; Int\u00e9rieur | Tendance D\u00e9co","description":"Pour que l\u2019espace ext\u00e9rieur de votre chez vous soit accueillant et convivial, l\u2019installation d\u2019un salon de d\u00e9tente design et confortable s\u2019impose !","robots":{"index":"index","follow":"follow","max-snippet":"max-snippet:-1","max-image-preview":"max-image-preview:large","max-video-preview":"max-video-preview:-1"},"canonical":"https:\/\/delormdesign.com\/blog\/jardin-convivial-salon-de-detente-top-design\/","og_locale":"fr_FR","og_type":"article","og_title":"Un jardin convivial avec un salon de d\u00e9tente top design &bull; Blog Design Jardin &amp; Int\u00e9rieur | Tendance D\u00e9co","og_description":"Pour que l\u2019espace ext\u00e9rieur de votre chez vous soit accueillant et convivial, l\u2019installation d\u2019un salon de d\u00e9tente design et confortable s\u2019impose !","og_url":"https:\/\/delormdesign.com\/blog\/jardin-convivial-salon-de-detente-top-design\/","og_site_name":"Blog Design Jardin &amp; Int\u00e9rieur | Tendance D\u00e9co","article_publisher":"https:\/\/www.facebook.com\/delormdesign\/","article_published_time":"2018-05-28T11:55:22+00:00","article_modified_time":"2022-03-18T09:30:34+00:00","og_image":[{"width":695,"height":389,"url":"https:\/\/delormdesign.com\/blog\/wp-content\/uploads\/2017\/10\/salon-jardin-rotin.jpg","type":"image\/jpeg"}],"author":"Lea Rigoleta","twitter_card":"summary","twitter_misc":{"Written by":"Lea Rigoleta","Est. reading time":"3 minutes"},"schema":{"@context":"https:\/\/schema.org","@graph":[{"@type":"WebSite","@id":"https:\/\/delormdesign.com\/blog\/#website","url":"https:\/\/delormdesign.com\/blog\/","name":"Blog Design Jardin &amp; Int\u00e9rieur | Tendance D\u00e9co","description":"Jardin &amp; Int\u00e9rieur | Tendance D\u00e9co","potentialAction":[{"@type":"SearchAction","target":{"@type":"EntryPoint","urlTemplate":"https:\/\/delormdesign.com\/blog\/?s={search_term_string}"},"query-input":"required name=search_term_string"}],"inLanguage":"fr-FR"},{"@type":"ImageObject","inLanguage":"fr-FR","@id":"https:\/\/delormdesign.com\/blog\/jardin-convivial-salon-de-detente-top-design\/#primaryimage","url":"https:\/\/delormdesign.com\/blog\/wp-content\/uploads\/2017\/10\/salon-jardin-rotin.jpg","contentUrl":"https:\/\/delormdesign.com\/blog\/wp-content\/uploads\/2017\/10\/salon-jardin-rotin.jpg","width":695,"height":389,"caption":"salon de jardin en poly rotin"},{"@type":"WebPage","@id":"https:\/\/delormdesign.com\/blog\/jardin-convivial-salon-de-detente-top-design\/","url":"https:\/\/delormdesign.com\/blog\/jardin-convivial-salon-de-detente-top-design\/","name":"Un jardin convivial avec un salon de d\u00e9tente top design &bull; Blog Design Jardin &amp; Int\u00e9rieur | Tendance D\u00e9co","isPartOf":{"@id":"https:\/\/delormdesign.com\/blog\/#website"},"primaryImageOfPage":{"@id":"https:\/\/delormdesign.com\/blog\/jardin-convivial-salon-de-detente-top-design\/#primaryimage"},"datePublished":"2018-05-28T11:55:22+00:00","dateModified":"2022-03-18T09:30:34+00:00","author":{"@id":"https:\/\/delormdesign.com\/blog\/#\/schema\/person\/a5699d6f4c2058a34009c87a8fb2d503"},"description":"Pour que l\u2019espace ext\u00e9rieur de votre chez vous soit accueillant et convivial, l\u2019installation d\u2019un salon de d\u00e9tente design et confortable s\u2019impose !","breadcrumb":{"@id":"https:\/\/delormdesign.com\/blog\/jardin-convivial-salon-de-detente-top-design\/#breadcrumb"},"inLanguage":"fr-FR","potentialAction":[{"@type":"ReadAction","target":["https:\/\/delormdesign.com\/blog\/jardin-convivial-salon-de-detente-top-design\/"]}]},{"@type":"BreadcrumbList","@id":"https:\/\/delormdesign.com\/blog\/jardin-convivial-salon-de-detente-top-design\/#breadcrumb","itemListElement":[{"@type":"ListItem","position":1,"name":"Accueil","item":"https:\/\/delormdesign.com\/blog\/"},{"@type":"ListItem","position":2,"name":"Un jardin convivial avec un salon de d\u00e9tente top design"}]},{"@type":"Person","@id":"https:\/\/delormdesign.com\/blog\/#\/schema\/person\/a5699d6f4c2058a34009c87a8fb2d503","name":"Lea Rigoleta","image":{"@type":"ImageObject","inLanguage":"fr-FR","@id":"https:\/\/delormdesign.com\/blog\/#\/schema\/person\/image\/","url":"https:\/\/secure.gravatar.com\/avatar\/a1e61b97b259452330da26a9d5e3e335?s=96&d=mm&r=g","contentUrl":"https:\/\/secure.gravatar.com\/avatar\/a1e61b97b259452330da26a9d5e3e335?s=96&d=mm&r=g","caption":"Lea Rigoleta"},"url":"https:\/\/delormdesign.com\/blog\/author\/l-rigoleta\/"}]}},"amp_enabled":true,"_links":{"self":[{"href":"https:\/\/delormdesign.com\/blog\/wp-json\/wp\/v2\/posts\/674"}],"collection":[{"href":"https:\/\/delormdesign.com\/blog\/wp-json\/wp\/v2\/posts"}],"about":[{"href":"https:\/\/delormdesign.com\/blog\/wp-json\/wp\/v2\/types\/post"}],"author":[{"embeddable":true,"href":"https:\/\/delormdesign.com\/blog\/wp-json\/wp\/v2\/users\/15"}],"replies":[{"embeddable":true,"href":"https:\/\/delormdesign.com\/blog\/wp-json\/wp\/v2\/comments?post=674"}],"version-history":[{"count":5,"href":"https:\/\/delormdesign.com\/blog\/wp-json\/wp\/v2\/posts\/674\/revisions"}],"predecessor-version":[{"id":3167,"href":"https:\/\/delormdesign.com\/blog\/wp-json\/wp\/v2\/posts\/674\/revisions\/3167"}],"wp:featuredmedia":[{"embeddable":true,"href":"https:\/\/delormdesign.com\/blog\/wp-json\/wp\/v2\/media\/2414"}],"wp:attachment":[{"href":"https:\/\/delormdesign.com\/blog\/wp-json\/wp\/v2\/media?parent=674"}],"wp:term":[{"taxonomy":"category","embeddable":true,"href":"https:\/\/delormdesign.com\/blog\/wp-json\/wp\/v2\/categories?post=674"},{"taxonomy":"post_tag","embeddable":true,"href":"https:\/\/delormdesign.com\/blog\/wp-json\/wp\/v2\/tags?post=674"}],"curies":[{"name":"wp","href":"https:\/\/api.w.org\/{rel}","templated":true}]}}