{"id":699,"date":"2018-05-29T08:49:34","date_gmt":"2018-05-29T08:49:34","guid":{"rendered":"https:\/\/delormdesign.com\/blog\/?p=699"},"modified":"2022-03-18T09:30:34","modified_gmt":"2022-03-18T09:30:34","slug":"amenager-exterieur-jardin-luxe","status":"publish","type":"post","link":"https:\/\/delormdesign.com\/blog\/amenager-exterieur-jardin-luxe\/","title":{"rendered":"Comment am\u00e9nager son ext\u00e9rieur pour avoir un jardin de luxe ?"},"content":{"rendered":"<p><strong>Le jardin est un lieu de vie \u00e0 part enti\u00e8re<\/strong>. On aime y passer de bons moments en \u00e9t\u00e9 pour se rafra\u00eechir ou se d\u00e9tendre. Qui ne r\u00eave pas d\u2019avoir un jardin raffin\u00e9 pour b\u00e9n\u00e9ficier d\u2019un cadre apaisant\u00a0? Il est aujourd\u2019hui inutile de faire des d\u00e9penses faramineuses en installant une piscine ou un spa pour avoir un ext\u00e9rieur prestigieux. Voici des id\u00e9es de d\u00e9coration pour r\u00e9ussir l\u2019agencement d\u2019un jardin de luxe.<!--more--><\/p>\n<h2>M\u00e9tamorphosez votre ext\u00e9rieur en un espace vert<\/h2>\n<p>Le jardinage vous passionne\u00a0? <strong>Vous n\u2019avez pas besoin de faire appel \u00e0 un paysagiste professionnel pour am\u00e9nager un jardin de luxe<\/strong>. Inspirez-vous de <strong>l\u2019esprit zen<\/strong> et cr\u00e9ez un espace vert selon vos envies et vos go\u00fbts. Le jardin japonais est connu pour son agencement harmonieux et son style minimaliste. Ceci est id\u00e9al pour mettre en avant une ambiance reposante. <strong>Pour avoir une d\u00e9coration raffin\u00e9e, vous pouvez border les all\u00e9es d\u2019une grande vari\u00e9t\u00e9 d\u2019herbes<\/strong>. Parfaitement taill\u00e9s, les niwakis apporteront une touche originale dans votre jardin. Plantez \u00e9galement des v\u00e9g\u00e9taux multicolores pour ravir l\u2019espace vers. Mais aussi, n\u2019oubliez pas la fontaine, un des \u00e9l\u00e9ments incontournables pour embellir votre jardin.<\/p>\n<h2>Embellissez votre jardin avec un \u00e9clairage original<\/h2>\n<p><strong><img loading=\"lazy\" class=\"alignnone wp-image-1541 size-medium\" title=\"Table-Terrasse-Jardin-ext\u00e9rieur\" src=\"https:\/\/delormdesign.com\/blog\/wp-content\/uploads\/2018\/05\/Table-Terrasse-Jardin-300x199.jpg\" alt=\"Table-Terrasse-Jardin\" width=\"300\" height=\"199\" srcset=\"https:\/\/delormdesign.com\/blog\/wp-content\/uploads\/2018\/05\/Table-Terrasse-Jardin-300x199.jpg 300w, https:\/\/delormdesign.com\/blog\/wp-content\/uploads\/2018\/05\/Table-Terrasse-Jardin-550x364.jpg 550w, https:\/\/delormdesign.com\/blog\/wp-content\/uploads\/2018\/05\/Table-Terrasse-Jardin-520x345.jpg 520w, https:\/\/delormdesign.com\/blog\/wp-content\/uploads\/2018\/05\/Table-Terrasse-Jardin-625x414.jpg 625w, https:\/\/delormdesign.com\/blog\/wp-content\/uploads\/2018\/05\/Table-Terrasse-Jardin-15x10.jpg 15w, https:\/\/delormdesign.com\/blog\/wp-content\/uploads\/2018\/05\/Table-Terrasse-Jardin.jpg 640w\" sizes=\"(max-width: 300px) 100vw, 300px\" \/><\/strong><\/p>\n<p><strong>L\u2019\u00e9clairage est un \u00e9l\u00e9ment essentiel pour cr\u00e9er un d\u00e9cor raffin\u00e9 <\/strong>dans votre jardin de luxe. Il existe aujourd\u2019hui un large choix de luminaires adapt\u00e9s \u00e0 l\u2019usage ext\u00e9rieur. Encastr\u00e9es au sol, les <strong>lumi\u00e8res LED<\/strong> offriront un cadre chaleureux dans votre jardin. Elles pourront aussi \u00eatre plac\u00e9es tout au long des all\u00e9es, pr\u00e8s des arbustes ou sur la terrasse. Vous pouvez \u00e9galement varier les couleurs des lampes LED afin d\u2019obtenir un effet plus sophistiqu\u00e9. Pour avoir une ambiance cosy et raffin\u00e9e, optez pour les lampes \u00e0 poser d\u2019ext\u00e9rieur. <strong>Les luminaires sous forme de lanterne ou de boules blanches<\/strong> illumineront votre jardin tout en \u00e9tant des \u00e9l\u00e9ments d\u00e9coratifs.<\/p>\n<h2>Optez pour des meubles de jardin \u00e9l\u00e9gants<\/h2>\n<p>Vous voulez cr\u00e9er un cadre plus luxueux dans votre jardin\u00a0? Choisissez avec soin le mobilier que vous allez installer \u00e0 l\u2019ext\u00e9rieur. <strong>Il est primordial que les meubles de jardin se marient parfaitement avec la d\u00e9coration ext\u00e9rieure.<\/strong>\u00a0Ils doivent aussi s\u2019int\u00e9grer parfaitement dans l\u2019espace que vous leur avez destin\u00e9. Vous devez \u00e9galement faire attention sur les mat\u00e9riaux, le style et la finition de l\u2019ameublement pour avoir des produits de qualit\u00e9 et design.<\/p>\n<p>Dot\u00e9 de canap\u00e9 modulable, le <a href=\"https:\/\/delormdesign.com\/salon-de-jardin-en-resine-tressee\/26-sd9502-black-white-3700735701353.html\">salon de jardin Teahupoo<\/a> est fabriqu\u00e9 en r\u00e9sine tress\u00e9e. Il s&#8217;agit d&#8217;une mati\u00e8re pris\u00e9e pour mettre en exergue un style de <strong>d\u00e9coration contemporaine et \u00e9pur\u00e9e<\/strong>. Avec ses huit places, ce meuble de jardin est con\u00e7u pour un grand espace. Dot\u00e9 d\u2019un canap\u00e9 modulable et d\u2019une table basse avec un plateau de verre, ce meuble est parfait pour habiller un jardin de luxe.<\/p>\n<p>Que vous soyez amateur de style de d\u00e9coration classique ou contemporain, il est possible de cr\u00e9er un jardin de luxe gr\u00e2ce au <strong>choix d\u2019un mobilier de qualit\u00e9, d\u2019un \u00e9clairage insolite et d\u2019un espace vert agr\u00e9able \u00e0 voir et bien entretenu<\/strong>. Avec ces conseils, vous pouvez maintenant concr\u00e9tiser votre projet et am\u00e9nager le jardin de vos r\u00eaves.<\/p>\n<p><img loading=\"lazy\" class=\"aligncenter wp-image-1930 size-full\" title=\"banni\u00e8re-salon-jardin-mont\u00e9\" src=\"https:\/\/delormdesign.com\/blog\/wp-content\/uploads\/2019\/03\/banniere-salon-de-jardin-monte.jpg\" alt=\"\" width=\"948\" height=\"192\" srcset=\"https:\/\/delormdesign.com\/blog\/wp-content\/uploads\/2019\/03\/banniere-salon-de-jardin-monte.jpg 948w, https:\/\/delormdesign.com\/blog\/wp-content\/uploads\/2019\/03\/banniere-salon-de-jardin-monte-300x61.jpg 300w, https:\/\/delormdesign.com\/blog\/wp-content\/uploads\/2019\/03\/banniere-salon-de-jardin-monte-768x156.jpg 768w, https:\/\/delormdesign.com\/blog\/wp-content\/uploads\/2019\/03\/banniere-salon-de-jardin-monte-550x111.jpg 550w, https:\/\/delormdesign.com\/blog\/wp-content\/uploads\/2019\/03\/banniere-salon-de-jardin-monte-520x105.jpg 520w, https:\/\/delormdesign.com\/blog\/wp-content\/uploads\/2019\/03\/banniere-salon-de-jardin-monte-625x127.jpg 625w, https:\/\/delormdesign.com\/blog\/wp-content\/uploads\/2019\/03\/banniere-salon-de-jardin-monte-15x3.jpg 15w, https:\/\/delormdesign.com\/blog\/wp-content\/uploads\/2019\/03\/banniere-salon-de-jardin-monte-810x164.jpg 810w\" sizes=\"(max-width: 948px) 100vw, 948px\" \/><\/p>\n","protected":false},"excerpt":{"rendered":"<p>Le jardin est un lieu de vie \u00e0 part enti\u00e8re. On aime y passer de bons moments en \u00e9t\u00e9 pour se rafra\u00eechir ou se d\u00e9tendre. Qui ne r\u00eave pas d\u2019avoir un jardin raffin\u00e9 pour b\u00e9n\u00e9ficier d\u2019un cadre apaisant\u00a0? Il est aujourd\u2019hui inutile de faire des d\u00e9penses faramineuses en installant une piscine ou un spa pour [&hellip;]<\/p>\n","protected":false},"author":15,"featured_media":1731,"comment_status":"open","ping_status":"open","sticky":false,"template":"","format":"standard","meta":[],"categories":[4],"tags":[],"yoast_head":"<!-- This site is optimized with the Yoast SEO plugin v19.3 - https:\/\/yoast.com\/wordpress\/plugins\/seo\/ -->\n<title>Comment am\u00e9nager son ext\u00e9rieur pour avoir un jardin de luxe ? &bull; Blog Design Jardin &amp; Int\u00e9rieur | Tendance D\u00e9co<\/title>\n<meta name=\"description\" content=\"Jardin de luxe : comment am\u00e9nager son ext\u00e9rieur ? Delorm Design vous explique les techniques et astuces pour y parvenir de la meilleur des mani\u00e8res.\" \/>\n<meta name=\"robots\" content=\"index, follow, max-snippet:-1, max-image-preview:large, max-video-preview:-1\" \/>\n<link rel=\"canonical\" href=\"https:\/\/delormdesign.com\/blog\/amenager-exterieur-jardin-luxe\/\" \/>\n<meta property=\"og:locale\" content=\"fr_FR\" \/>\n<meta property=\"og:type\" content=\"article\" \/>\n<meta property=\"og:title\" content=\"Comment am\u00e9nager son ext\u00e9rieur pour avoir un jardin de luxe ? &bull; Blog Design Jardin &amp; Int\u00e9rieur | Tendance D\u00e9co\" \/>\n<meta property=\"og:description\" content=\"Jardin de luxe : comment am\u00e9nager son ext\u00e9rieur ? Delorm Design vous explique les techniques et astuces pour y parvenir de la meilleur des mani\u00e8res.\" \/>\n<meta property=\"og:url\" content=\"https:\/\/delormdesign.com\/blog\/amenager-exterieur-jardin-luxe\/\" \/>\n<meta property=\"og:site_name\" content=\"Blog Design Jardin &amp; Int\u00e9rieur | Tendance D\u00e9co\" \/>\n<meta property=\"article:publisher\" content=\"https:\/\/www.facebook.com\/delormdesign\/\" \/>\n<meta property=\"article:published_time\" content=\"2018-05-29T08:49:34+00:00\" \/>\n<meta property=\"article:modified_time\" content=\"2022-03-18T09:30:34+00:00\" \/>\n<meta property=\"og:image\" content=\"https:\/\/delormdesign.com\/blog\/wp-content\/uploads\/2019\/02\/couleur-parasol-delormdesign.jpeg\" \/>\n\t<meta property=\"og:image:width\" content=\"975\" \/>\n\t<meta property=\"og:image:height\" content=\"1300\" \/>\n\t<meta property=\"og:image:type\" content=\"image\/jpeg\" \/>\n<meta name=\"author\" content=\"Lea Rigoleta\" \/>\n<meta name=\"twitter:card\" content=\"summary\" \/>\n<meta name=\"twitter:label1\" content=\"Written by\" \/>\n\t<meta name=\"twitter:data1\" content=\"Lea Rigoleta\" \/>\n\t<meta name=\"twitter:label2\" content=\"Est. reading time\" \/>\n\t<meta name=\"twitter:data2\" content=\"3 minutes\" \/>\n<script type=\"application\/ld+json\" class=\"yoast-schema-graph\">{\"@context\":\"https:\/\/schema.org\",\"@graph\":[{\"@type\":\"WebSite\",\"@id\":\"https:\/\/delormdesign.com\/blog\/#website\",\"url\":\"https:\/\/delormdesign.com\/blog\/\",\"name\":\"Blog Design Jardin &amp; Int\u00e9rieur | Tendance D\u00e9co\",\"description\":\"Jardin &amp; Int\u00e9rieur | Tendance D\u00e9co\",\"potentialAction\":[{\"@type\":\"SearchAction\",\"target\":{\"@type\":\"EntryPoint\",\"urlTemplate\":\"https:\/\/delormdesign.com\/blog\/?s={search_term_string}\"},\"query-input\":\"required name=search_term_string\"}],\"inLanguage\":\"fr-FR\"},{\"@type\":\"ImageObject\",\"inLanguage\":\"fr-FR\",\"@id\":\"https:\/\/delormdesign.com\/blog\/amenager-exterieur-jardin-luxe\/#primaryimage\",\"url\":\"https:\/\/delormdesign.com\/blog\/wp-content\/uploads\/2019\/02\/couleur-parasol-delormdesign.jpeg\",\"contentUrl\":\"https:\/\/delormdesign.com\/blog\/wp-content\/uploads\/2019\/02\/couleur-parasol-delormdesign.jpeg\",\"width\":975,\"height\":1300,\"caption\":\"couleur-parasol-delormdesign\"},{\"@type\":\"WebPage\",\"@id\":\"https:\/\/delormdesign.com\/blog\/amenager-exterieur-jardin-luxe\/\",\"url\":\"https:\/\/delormdesign.com\/blog\/amenager-exterieur-jardin-luxe\/\",\"name\":\"Comment am\u00e9nager son ext\u00e9rieur pour avoir un jardin de luxe ? &bull; Blog Design Jardin &amp; Int\u00e9rieur | Tendance D\u00e9co\",\"isPartOf\":{\"@id\":\"https:\/\/delormdesign.com\/blog\/#website\"},\"primaryImageOfPage\":{\"@id\":\"https:\/\/delormdesign.com\/blog\/amenager-exterieur-jardin-luxe\/#primaryimage\"},\"datePublished\":\"2018-05-29T08:49:34+00:00\",\"dateModified\":\"2022-03-18T09:30:34+00:00\",\"author\":{\"@id\":\"https:\/\/delormdesign.com\/blog\/#\/schema\/person\/a5699d6f4c2058a34009c87a8fb2d503\"},\"description\":\"Jardin de luxe : comment am\u00e9nager son ext\u00e9rieur ? Delorm Design vous explique les techniques et astuces pour y parvenir de la meilleur des mani\u00e8res.\",\"breadcrumb\":{\"@id\":\"https:\/\/delormdesign.com\/blog\/amenager-exterieur-jardin-luxe\/#breadcrumb\"},\"inLanguage\":\"fr-FR\",\"potentialAction\":[{\"@type\":\"ReadAction\",\"target\":[\"https:\/\/delormdesign.com\/blog\/amenager-exterieur-jardin-luxe\/\"]}]},{\"@type\":\"BreadcrumbList\",\"@id\":\"https:\/\/delormdesign.com\/blog\/amenager-exterieur-jardin-luxe\/#breadcrumb\",\"itemListElement\":[{\"@type\":\"ListItem\",\"position\":1,\"name\":\"Accueil\",\"item\":\"https:\/\/delormdesign.com\/blog\/\"},{\"@type\":\"ListItem\",\"position\":2,\"name\":\"Comment am\u00e9nager son ext\u00e9rieur pour avoir un jardin de luxe ?\"}]},{\"@type\":\"Person\",\"@id\":\"https:\/\/delormdesign.com\/blog\/#\/schema\/person\/a5699d6f4c2058a34009c87a8fb2d503\",\"name\":\"Lea Rigoleta\",\"image\":{\"@type\":\"ImageObject\",\"inLanguage\":\"fr-FR\",\"@id\":\"https:\/\/delormdesign.com\/blog\/#\/schema\/person\/image\/\",\"url\":\"https:\/\/secure.gravatar.com\/avatar\/a1e61b97b259452330da26a9d5e3e335?s=96&d=mm&r=g\",\"contentUrl\":\"https:\/\/secure.gravatar.com\/avatar\/a1e61b97b259452330da26a9d5e3e335?s=96&d=mm&r=g\",\"caption\":\"Lea Rigoleta\"},\"url\":\"https:\/\/delormdesign.com\/blog\/author\/l-rigoleta\/\"}]}<\/script>\n<!-- \/ Yoast SEO plugin. -->","yoast_head_json":{"title":"Comment am\u00e9nager son ext\u00e9rieur pour avoir un jardin de luxe ? &bull; Blog Design Jardin &amp; Int\u00e9rieur | Tendance D\u00e9co","description":"Jardin de luxe : comment am\u00e9nager son ext\u00e9rieur ? Delorm Design vous explique les techniques et astuces pour y parvenir de la meilleur des mani\u00e8res.","robots":{"index":"index","follow":"follow","max-snippet":"max-snippet:-1","max-image-preview":"max-image-preview:large","max-video-preview":"max-video-preview:-1"},"canonical":"https:\/\/delormdesign.com\/blog\/amenager-exterieur-jardin-luxe\/","og_locale":"fr_FR","og_type":"article","og_title":"Comment am\u00e9nager son ext\u00e9rieur pour avoir un jardin de luxe ? &bull; Blog Design Jardin &amp; Int\u00e9rieur | Tendance D\u00e9co","og_description":"Jardin de luxe : comment am\u00e9nager son ext\u00e9rieur ? Delorm Design vous explique les techniques et astuces pour y parvenir de la meilleur des mani\u00e8res.","og_url":"https:\/\/delormdesign.com\/blog\/amenager-exterieur-jardin-luxe\/","og_site_name":"Blog Design Jardin &amp; Int\u00e9rieur | Tendance D\u00e9co","article_publisher":"https:\/\/www.facebook.com\/delormdesign\/","article_published_time":"2018-05-29T08:49:34+00:00","article_modified_time":"2022-03-18T09:30:34+00:00","og_image":[{"width":975,"height":1300,"url":"https:\/\/delormdesign.com\/blog\/wp-content\/uploads\/2019\/02\/couleur-parasol-delormdesign.jpeg","type":"image\/jpeg"}],"author":"Lea Rigoleta","twitter_card":"summary","twitter_misc":{"Written by":"Lea Rigoleta","Est. reading time":"3 minutes"},"schema":{"@context":"https:\/\/schema.org","@graph":[{"@type":"WebSite","@id":"https:\/\/delormdesign.com\/blog\/#website","url":"https:\/\/delormdesign.com\/blog\/","name":"Blog Design Jardin &amp; Int\u00e9rieur | Tendance D\u00e9co","description":"Jardin &amp; Int\u00e9rieur | Tendance D\u00e9co","potentialAction":[{"@type":"SearchAction","target":{"@type":"EntryPoint","urlTemplate":"https:\/\/delormdesign.com\/blog\/?s={search_term_string}"},"query-input":"required name=search_term_string"}],"inLanguage":"fr-FR"},{"@type":"ImageObject","inLanguage":"fr-FR","@id":"https:\/\/delormdesign.com\/blog\/amenager-exterieur-jardin-luxe\/#primaryimage","url":"https:\/\/delormdesign.com\/blog\/wp-content\/uploads\/2019\/02\/couleur-parasol-delormdesign.jpeg","contentUrl":"https:\/\/delormdesign.com\/blog\/wp-content\/uploads\/2019\/02\/couleur-parasol-delormdesign.jpeg","width":975,"height":1300,"caption":"couleur-parasol-delormdesign"},{"@type":"WebPage","@id":"https:\/\/delormdesign.com\/blog\/amenager-exterieur-jardin-luxe\/","url":"https:\/\/delormdesign.com\/blog\/amenager-exterieur-jardin-luxe\/","name":"Comment am\u00e9nager son ext\u00e9rieur pour avoir un jardin de luxe ? &bull; Blog Design Jardin &amp; Int\u00e9rieur | Tendance D\u00e9co","isPartOf":{"@id":"https:\/\/delormdesign.com\/blog\/#website"},"primaryImageOfPage":{"@id":"https:\/\/delormdesign.com\/blog\/amenager-exterieur-jardin-luxe\/#primaryimage"},"datePublished":"2018-05-29T08:49:34+00:00","dateModified":"2022-03-18T09:30:34+00:00","author":{"@id":"https:\/\/delormdesign.com\/blog\/#\/schema\/person\/a5699d6f4c2058a34009c87a8fb2d503"},"description":"Jardin de luxe : comment am\u00e9nager son ext\u00e9rieur ? Delorm Design vous explique les techniques et astuces pour y parvenir de la meilleur des mani\u00e8res.","breadcrumb":{"@id":"https:\/\/delormdesign.com\/blog\/amenager-exterieur-jardin-luxe\/#breadcrumb"},"inLanguage":"fr-FR","potentialAction":[{"@type":"ReadAction","target":["https:\/\/delormdesign.com\/blog\/amenager-exterieur-jardin-luxe\/"]}]},{"@type":"BreadcrumbList","@id":"https:\/\/delormdesign.com\/blog\/amenager-exterieur-jardin-luxe\/#breadcrumb","itemListElement":[{"@type":"ListItem","position":1,"name":"Accueil","item":"https:\/\/delormdesign.com\/blog\/"},{"@type":"ListItem","position":2,"name":"Comment am\u00e9nager son ext\u00e9rieur pour avoir un jardin de luxe ?"}]},{"@type":"Person","@id":"https:\/\/delormdesign.com\/blog\/#\/schema\/person\/a5699d6f4c2058a34009c87a8fb2d503","name":"Lea Rigoleta","image":{"@type":"ImageObject","inLanguage":"fr-FR","@id":"https:\/\/delormdesign.com\/blog\/#\/schema\/person\/image\/","url":"https:\/\/secure.gravatar.com\/avatar\/a1e61b97b259452330da26a9d5e3e335?s=96&d=mm&r=g","contentUrl":"https:\/\/secure.gravatar.com\/avatar\/a1e61b97b259452330da26a9d5e3e335?s=96&d=mm&r=g","caption":"Lea Rigoleta"},"url":"https:\/\/delormdesign.com\/blog\/author\/l-rigoleta\/"}]}},"amp_enabled":true,"_links":{"self":[{"href":"https:\/\/delormdesign.com\/blog\/wp-json\/wp\/v2\/posts\/699"}],"collection":[{"href":"https:\/\/delormdesign.com\/blog\/wp-json\/wp\/v2\/posts"}],"about":[{"href":"https:\/\/delormdesign.com\/blog\/wp-json\/wp\/v2\/types\/post"}],"author":[{"embeddable":true,"href":"https:\/\/delormdesign.com\/blog\/wp-json\/wp\/v2\/users\/15"}],"replies":[{"embeddable":true,"href":"https:\/\/delormdesign.com\/blog\/wp-json\/wp\/v2\/comments?post=699"}],"version-history":[{"count":2,"href":"https:\/\/delormdesign.com\/blog\/wp-json\/wp\/v2\/posts\/699\/revisions"}],"predecessor-version":[{"id":2446,"href":"https:\/\/delormdesign.com\/blog\/wp-json\/wp\/v2\/posts\/699\/revisions\/2446"}],"wp:featuredmedia":[{"embeddable":true,"href":"https:\/\/delormdesign.com\/blog\/wp-json\/wp\/v2\/media\/1731"}],"wp:attachment":[{"href":"https:\/\/delormdesign.com\/blog\/wp-json\/wp\/v2\/media?parent=699"}],"wp:term":[{"taxonomy":"category","embeddable":true,"href":"https:\/\/delormdesign.com\/blog\/wp-json\/wp\/v2\/categories?post=699"},{"taxonomy":"post_tag","embeddable":true,"href":"https:\/\/delormdesign.com\/blog\/wp-json\/wp\/v2\/tags?post=699"}],"curies":[{"name":"wp","href":"https:\/\/api.w.org\/{rel}","templated":true}]}}