{"id":790,"date":"2018-06-22T10:16:30","date_gmt":"2018-06-22T10:16:30","guid":{"rendered":"https:\/\/delormdesign.com\/blog\/?p=790"},"modified":"2022-03-18T09:30:32","modified_gmt":"2022-03-18T09:30:32","slug":"parasol-terrasse","status":"publish","type":"post","link":"https:\/\/delormdesign.com\/blog\/parasol-terrasse\/","title":{"rendered":"Parasol pour terrasse, notre s\u00e9lection"},"content":{"rendered":"<p>Il est difficile de rester chez soi avec la chaleur insoutenable des vacances ao\u00fbtiennes accompagn\u00e9s de ces effets nocifs. Si vous ne pourrez pas vous \u00e9vader dans des lieux paradisiaques et vous rafra\u00eechir dans ses eaux aux couleurs turquoise, la terrasse est un endroit exceptionnel pour profiter de la brise l\u00e9g\u00e8re de l\u2019\u00e9t\u00e9. Que ce soit pour des journ\u00e9es farnientes ou pour des d\u00e9jeuners en famille, le parasol est un alli\u00e9 incontestable pour garantir votre bien-\u00eatre en vous prot\u00e9geant contre le soleil et b\u00e9n\u00e9ficier du frais. D\u00e9couvrez notre s\u00e9lection afin de vous aider \u00e0 acqu\u00e9rir le parasol pour terrasse qui convient.<\/p>\n<p style=\"text-align: center;\"><a href=\"https:\/\/delormdesign.com\/blog\/parasol-le-guide-d-achat-complet\/\" target=\"_blank\" rel=\"noopener\">&gt;&gt; D\u00e9couvrir notre guide pour choisir son parasol &lt;&lt;<\/a><\/p>\n<h2 style=\"text-align: left;\">Parasol d\u00e9port\u00e9 3 x 4 sable UPF 50+ &#8211; RANA<\/h2>\n<p>En \u00e9t\u00e9, toute la famille pr\u00e9f\u00e8re se pr\u00e9lasser \u00e0 l\u2019ext\u00e9rieur au lieu de rester dans le salon. S\u2019\u00e9quiper d\u2019un parasol excentr\u00e9 est une meilleure solution pour que tout le monde puisse profiter d\u2019un espace ombrag\u00e9.<\/p>\n<h3>Une meilleure protection contre les rayons UV<\/h3>\n<p><span style=\"color: #192609;\">Le principal avantage de ce mod\u00e8le de parasol r\u00e9side sur la qualit\u00e9 de ses composants. Caract\u00e9ris\u00e9e par un tissu trait\u00e9 UPF 50 +, soit un indice plus \u00e9lev\u00e9e que la normale, sa toile offre une protection optimale contre les rayons UV.<\/span><\/p>\n<p><span style=\"color: #192609;\">Avec une dimension de 300 x 400 x 260 cm et d\u2019une envergure de 300 x 400 cm, ce parasol pour terrasse se distingue aussi par sa grande capacit\u00e9 d\u2019accueil, ce qui est id\u00e9al pour les utilisateurs qui souhaitent b\u00e9n\u00e9ficier d\u2019un espace ombrag\u00e9 central plus important.<\/span><\/p>\n<p>&nbsp;<\/p>\n<p><img loading=\"lazy\" class=\"aligncenter wp-image-792 size-full\" title=\"parasol-terrasse-s\u00e9lection-delorm\" src=\"https:\/\/delormdesign.com\/blog\/wp-content\/uploads\/2018\/06\/1517213321-26773471-678x403-parasol-deporte-55.jpg\" alt=\"\" width=\"678\" height=\"403\" srcset=\"https:\/\/delormdesign.com\/blog\/wp-content\/uploads\/2018\/06\/1517213321-26773471-678x403-parasol-deporte-55.jpg 678w, https:\/\/delormdesign.com\/blog\/wp-content\/uploads\/2018\/06\/1517213321-26773471-678x403-parasol-deporte-55-300x178.jpg 300w\" sizes=\"(max-width: 678px) 100vw, 678px\" \/><\/p>\n<p>&nbsp;<\/p>\n<h3>Des fonctionnalit\u00e9s plus pouss\u00e9es<\/h3>\n<p>Sa maniabilit\u00e9 est l\u2019un des atouts de\u00a0<a id=\"link-m35n9vrifb\" class=\"url-link\" href=\"https:\/\/delormdesign.com\/parasol-deporte\/333-parasol-taupe-deporte-3x4m-3700735702220.html\" target=\"_blank\" rel=\"null noopener\" type=\"url\">ce mod\u00e8le de parasol d\u00e9port\u00e9 3&#215;4<\/a>. Il est en effet possible de l\u2019incliner jusqu\u2019\u00e0 360\u00b0 selon l\u2019orientation du soleil. Gr\u00e2ce \u00e0 cette caract\u00e9ristique technique, vous n\u2019avez pas besoin de d\u00e9placer \u00e0 toute l\u2019heure de la journ\u00e9e votre parasol pour b\u00e9n\u00e9ficier d\u2019une zone d\u2019ombre. Ce parasol d\u00e9port\u00e9 est aussi inclinable verticalement, ce qui facilite encore plus son utilisation.<\/p>\n<p>Avec ce parasol d\u00e9port\u00e9 3 x 4 sable UPF 50 +, Delorm Design a con\u00e7u un produit haut de gamme avec un excellent rapport qualit\u00e9\/prix. En investissant dans l\u2019achat d&#8217;un parasol pour terrasse vous vous dotez d\u2019un parasol qui est \u00e0 la hauteur des attentes des consommateurs les plus exigeants.<\/p>\n<p style=\"text-align: center;\"><a href=\"https:\/\/delormdesign.com\/parasol-deporte\/332-db07-sable-3700735702244.html\" target=\"_blank\" rel=\"noopener\">&gt;&gt; Acheter ce parasol sur notre boutique en ligne &#8211; Livraison Gratuite &lt;&lt;\u00a0<\/a><\/p>\n<h2 style=\"text-align: left;\">Parasol d\u00e9port\u00e9 3 x 3 gris UPF 50+ &#8211; ZUN<\/h2>\n<p>Vous souhaitez acqu\u00e9rir un parasol d\u00e9port\u00e9, mais vous avez une petite terrasse ? Delorm Design a pens\u00e9 \u00e0 vous en lan\u00e7ant ce mod\u00e8le de parasol. De couleur grise, il est tr\u00e8s \u00e9l\u00e9gant et s\u2019int\u00e8gre parfaitement dans une d\u00e9coration minimaliste.<\/p>\n<h3>Un accessoire de jardin discret<\/h3>\n<p>Avec une structure de 300 x 300 x 255 cm et une envergure de 300 x 300 cm, ce mod\u00e8le est moins imposant par rapport au parasol d\u00e9port\u00e9 standard.<\/p>\n<p>La dimension des baleines, les armatures qui maintiennent la construction, quant \u00e0 elle, est fix\u00e9e \u00e0 17 x 25 x 1 mm. Le m\u00e2t, de son c\u00f4t\u00e9, mesure 50 x 78 x 1,6 mm. Moins spacieux, ce parasol permet de gagner de la place dans votre terrasse.<\/p>\n<h3>Une structure r\u00e9sistante<\/h3>\n<p>Fabriqu\u00e9 essentiellement en aluminium, ce parasol d\u00e9port\u00e9 3 x 3 est inoxydable. Vous pourrez donc l\u2019installer ce parasol pour terrasse quelle que soit la saison. Le fabricant l\u2019a muni d\u2019une toile en polyester 250 g\/m2 avec un traitement UPF 50+ pour vous offrir un espace ombrag\u00e9.<\/p>\n<p>Ce mod\u00e8le est une alternative si l\u2019emplacement d\u2019un parasol d\u00e9port\u00e9 avec des dimensions standards pose probl\u00e8me. C\u00f4t\u00e9 prix, vous pourrez aussi empocher quelques euros d\u2019\u00e9conomie en choisissant ce mod\u00e8le.<\/p>\n<p><img loading=\"lazy\" class=\"aligncenter wp-image-793 size-full\" title=\"parasol-terrasse-s\u00e9lection-delorm-d\u00e9port\u00e9\" src=\"https:\/\/delormdesign.com\/blog\/wp-content\/uploads\/2018\/06\/1517213321-26773751-678x403-parasol-deporte-3x3-.jpg\" alt=\"delorm-parasol-deporte-taupe\" width=\"678\" height=\"403\" srcset=\"https:\/\/delormdesign.com\/blog\/wp-content\/uploads\/2018\/06\/1517213321-26773751-678x403-parasol-deporte-3x3-.jpg 678w, https:\/\/delormdesign.com\/blog\/wp-content\/uploads\/2018\/06\/1517213321-26773751-678x403-parasol-deporte-3x3--300x178.jpg 300w\" sizes=\"(max-width: 678px) 100vw, 678px\" \/><\/p>\n<p>&nbsp;<\/p>\n<p style=\"text-align: center;\">&gt;&gt; Acheter ce parasol sur notre boutique en ligne &#8211; Livraison Gratuite &lt;&lt;<\/p>\n<h3 style=\"text-align: left;\">Le parasol fibre de verre 270 cm Anis- LOOK<\/h3>\n<p>Delorm Design ne cesse de perfectionner ses cr\u00e9ations afin de mettre \u00e0 votre disposition des produits \u00e0 la fois durables et esth\u00e9tiques. Avec sa toile de couleur anis, ce parasol droit \u00e9gayera votre ext\u00e9rieur. Associez-le avec des meubles de jardin en rotin tel que une table ou des fauteuils pour mettre en avant un style exotique.<\/p>\n<p><img loading=\"lazy\" class=\"aligncenter wp-image-794 size-full\" title=\"parasol-terrasse-delorm-design\" src=\"https:\/\/delormdesign.com\/blog\/wp-content\/uploads\/2018\/06\/1517213320-26773241-674x518-parasol-terrasse.jpg\" alt=\"\" width=\"674\" height=\"518\" srcset=\"https:\/\/delormdesign.com\/blog\/wp-content\/uploads\/2018\/06\/1517213320-26773241-674x518-parasol-terrasse.jpg 674w, https:\/\/delormdesign.com\/blog\/wp-content\/uploads\/2018\/06\/1517213320-26773241-674x518-parasol-terrasse-300x231.jpg 300w\" sizes=\"(max-width: 674px) 100vw, 674px\" \/><\/p>\n<h3>Une r\u00e9sistance \u00e9prouv\u00e9e<\/h3>\n<p>D\u2019une dimension de 270 x 270 x 260 cm, ce parasol de la gamme Look est constitu\u00e9 d\u2019une structure en aluminium et en fibre de verre. Ces mat\u00e9riaux, omnipr\u00e9sents dans la confection des meubles et accessoires de jardin, se distinguent par leur propri\u00e9t\u00e9 anticorrosive. Fabriqu\u00e9e en polyester 180 g \/m2, la toile, quant \u00e0 elle, ne se d\u00e9t\u00e9riore pas facilement en d\u00e9pit des rafales de vent et reste imperm\u00e9able. Ce trait particulier s\u2019explique par le traitement d\u00e9perlant de son tissu.<\/p>\n<h3>Un confort d\u2019utilisation<\/h3>\n<p><span style=\"color: #192609;\">Avec un poids de 6 kg, le parasol fibre de verre 270 cm Anis Look est l\u00e9ger. Il peut de ce fait \u00eatre transport\u00e9 d\u2019un endroit \u00e0 un autre si vous envisagez \u00e9galement l\u2019installer dans votre jardin. Dot\u00e9 de m\u00e2t t\u00e9lescopique, il peut \u00eatre mont\u00e9 en toute simplicit\u00e9. Gr\u00e2ce \u00e0 sa fonctionnalit\u00e9 \u00ab inclinable \u00bb, ce mod\u00e8le de parasol pour terrasse offre une protection accrue quelle que soit l\u2019heure de la journ\u00e9e. Pour vous a\u00e9rer, sa toile dispose d\u2019un syst\u00e8me de ventilation \u00e0 son sommet.<\/span><\/p>\n<p><span style=\"color: #192609;\">Le parasol fibre de verre 270 cm Anis \u2013 LOOK est un accessoire de bonne qualit\u00e9, son prix reste cependant comp\u00e9titif. Il est disponible avec une housse de protection zipp\u00e9e afin d\u2019optimiser sa dur\u00e9e de vie.<\/span><\/p>\n<p style=\"text-align: center;\"><a href=\"https:\/\/delormdesign.com\/parasol-simple-et-droit\/1824-parasol-fibre-de-verre-270-cm-anis-look-3700103040565.html\" target=\"_blank\" rel=\"noopener\">&gt;&gt; Acheter ce parasol sur notre boutique en ligne &#8211; Livraison Gratuite &lt;&lt;<\/a><\/p>\n<p style=\"text-align: left;\"><strong>Nos articles sur la parasol :\u00a0<\/strong><\/p>\n<p style=\"text-align: left;\"><a id=\"link-yc9n20yrzte\" class=\"url-link\" href=\"https:\/\/delormdesign.com\/blog\/parasol-terrasse\/\" target=\"_blank\" rel=\"null noopener\" type=\"url\">Parasol qui r\u00e9siste au vent<br \/>\n<\/a><a class=\"url-link\" href=\"https:\/\/delormdesign.com\/blog\/parasol-choisir-couleur\/\" target=\"_blank\" rel=\"null noopener\" type=\"url\">Choisir la couleur pour son parasol<br \/>\n<\/a><a id=\"link-43zyuyd8o5\" class=\"url-link\" href=\"https:\/\/delormdesign.com\/blog\/parasol-tonnelle-choisir\/\" target=\"_blank\" rel=\"null noopener\" type=\"url\">Parasol ou Tonnelle ? Notre avis<\/a><a class=\"url-link\" href=\"https:\/\/delormdesign.com\/blog\/parasol-choisir-couleur\/\" target=\"_blank\" rel=\"null noopener\" type=\"url\"><br \/>\n<\/a><a id=\"link-301gy2yema\" class=\"url-link\" href=\"https:\/\/delormdesign.com\/blog\/parasol-tonnelle-choisir\/\" target=\"_blank\" rel=\"null noopener\" type=\"url\">P<\/a><a id=\"link-ky7nnmjy9gf\" class=\"url-link\" href=\"https:\/\/delormdesign.com\/blog\/parasol-choisir-couleur\/\" target=\"_blank\" rel=\"null noopener\" type=\"url\">arasol l\u00e9ger : notre s\u00e9lection<br \/>\n<\/a><\/p>\n<p style=\"text-align: left;\"><img loading=\"lazy\" class=\"aligncenter wp-image-1930 size-full\" title=\"banni\u00e8re-salon-jardin-mont\u00e9-delorm-design\" src=\"https:\/\/delormdesign.com\/blog\/wp-content\/uploads\/2019\/03\/banniere-salon-de-jardin-monte.jpg\" alt=\"\" width=\"948\" height=\"192\" srcset=\"https:\/\/delormdesign.com\/blog\/wp-content\/uploads\/2019\/03\/banniere-salon-de-jardin-monte.jpg 948w, https:\/\/delormdesign.com\/blog\/wp-content\/uploads\/2019\/03\/banniere-salon-de-jardin-monte-300x61.jpg 300w, https:\/\/delormdesign.com\/blog\/wp-content\/uploads\/2019\/03\/banniere-salon-de-jardin-monte-768x156.jpg 768w, https:\/\/delormdesign.com\/blog\/wp-content\/uploads\/2019\/03\/banniere-salon-de-jardin-monte-550x111.jpg 550w, https:\/\/delormdesign.com\/blog\/wp-content\/uploads\/2019\/03\/banniere-salon-de-jardin-monte-520x105.jpg 520w, https:\/\/delormdesign.com\/blog\/wp-content\/uploads\/2019\/03\/banniere-salon-de-jardin-monte-625x127.jpg 625w, https:\/\/delormdesign.com\/blog\/wp-content\/uploads\/2019\/03\/banniere-salon-de-jardin-monte-15x3.jpg 15w, https:\/\/delormdesign.com\/blog\/wp-content\/uploads\/2019\/03\/banniere-salon-de-jardin-monte-810x164.jpg 810w\" sizes=\"(max-width: 948px) 100vw, 948px\" \/><\/p>\n","protected":false},"excerpt":{"rendered":"<p>Il est difficile de rester chez soi avec la chaleur insoutenable des vacances ao\u00fbtiennes accompagn\u00e9s de ces effets nocifs. Si vous ne pourrez pas vous \u00e9vader dans des lieux paradisiaques et vous rafra\u00eechir dans ses eaux aux couleurs turquoise, la terrasse est un endroit exceptionnel pour profiter de la brise l\u00e9g\u00e8re de l\u2019\u00e9t\u00e9. Que ce [&hellip;]<\/p>\n","protected":false},"author":15,"featured_media":1439,"comment_status":"open","ping_status":"open","sticky":false,"template":"","format":"standard","meta":[],"categories":[4,19],"tags":[],"yoast_head":"<!-- This site is optimized with the Yoast SEO plugin v19.3 - https:\/\/yoast.com\/wordpress\/plugins\/seo\/ -->\n<title>Parasol pour terrasse, notre s\u00e9lection - Le Blog Delorm<\/title>\n<meta name=\"description\" content=\"Que ce soit pour des journ\u00e9es farniente ou pour des d\u00e9jeuners en famille, le parasol est un alli\u00e9 incontestable pour garantir votre bien-\u00eatre. D\u00e9couvrez ici\" \/>\n<meta name=\"robots\" content=\"index, follow, max-snippet:-1, max-image-preview:large, max-video-preview:-1\" \/>\n<link rel=\"canonical\" href=\"https:\/\/delormdesign.com\/blog\/parasol-terrasse\/\" \/>\n<meta property=\"og:locale\" content=\"fr_FR\" \/>\n<meta property=\"og:type\" content=\"article\" \/>\n<meta property=\"og:title\" content=\"Parasol pour terrasse, notre s\u00e9lection - Le Blog Delorm\" \/>\n<meta property=\"og:description\" content=\"Que ce soit pour des journ\u00e9es farniente ou pour des d\u00e9jeuners en famille, le parasol est un alli\u00e9 incontestable pour garantir votre bien-\u00eatre. D\u00e9couvrez ici\" \/>\n<meta property=\"og:url\" content=\"https:\/\/delormdesign.com\/blog\/parasol-terrasse\/\" \/>\n<meta property=\"og:site_name\" content=\"Blog Design Jardin &amp; Int\u00e9rieur | Tendance D\u00e9co\" \/>\n<meta property=\"article:publisher\" content=\"https:\/\/www.facebook.com\/delormdesign\/\" \/>\n<meta property=\"article:published_time\" content=\"2018-06-22T10:16:30+00:00\" \/>\n<meta property=\"article:modified_time\" content=\"2022-03-18T09:30:32+00:00\" \/>\n<meta property=\"og:image\" content=\"https:\/\/delormdesign.com\/blog\/wp-content\/uploads\/2018\/06\/architecture-blue-sky-design-756554-e1532616287711.jpg\" \/>\n\t<meta property=\"og:image:width\" content=\"1020\" \/>\n\t<meta property=\"og:image:height\" content=\"680\" \/>\n\t<meta property=\"og:image:type\" content=\"image\/jpeg\" \/>\n<meta name=\"author\" content=\"Lea Rigoleta\" \/>\n<meta name=\"twitter:card\" content=\"summary\" \/>\n<meta name=\"twitter:label1\" content=\"Written by\" \/>\n\t<meta name=\"twitter:data1\" content=\"Lea Rigoleta\" \/>\n\t<meta name=\"twitter:label2\" content=\"Est. reading time\" \/>\n\t<meta name=\"twitter:data2\" content=\"5 minutes\" \/>\n<script type=\"application\/ld+json\" class=\"yoast-schema-graph\">{\"@context\":\"https:\/\/schema.org\",\"@graph\":[{\"@type\":\"WebSite\",\"@id\":\"https:\/\/delormdesign.com\/blog\/#website\",\"url\":\"https:\/\/delormdesign.com\/blog\/\",\"name\":\"Blog Design Jardin &amp; Int\u00e9rieur | Tendance D\u00e9co\",\"description\":\"Jardin &amp; Int\u00e9rieur | Tendance D\u00e9co\",\"potentialAction\":[{\"@type\":\"SearchAction\",\"target\":{\"@type\":\"EntryPoint\",\"urlTemplate\":\"https:\/\/delormdesign.com\/blog\/?s={search_term_string}\"},\"query-input\":\"required name=search_term_string\"}],\"inLanguage\":\"fr-FR\"},{\"@type\":\"ImageObject\",\"inLanguage\":\"fr-FR\",\"@id\":\"https:\/\/delormdesign.com\/blog\/parasol-terrasse\/#primaryimage\",\"url\":\"https:\/\/delormdesign.com\/blog\/wp-content\/uploads\/2018\/06\/architecture-blue-sky-design-756554-e1532616287711.jpg\",\"contentUrl\":\"https:\/\/delormdesign.com\/blog\/wp-content\/uploads\/2018\/06\/architecture-blue-sky-design-756554-e1532616287711.jpg\",\"width\":1020,\"height\":680},{\"@type\":\"WebPage\",\"@id\":\"https:\/\/delormdesign.com\/blog\/parasol-terrasse\/\",\"url\":\"https:\/\/delormdesign.com\/blog\/parasol-terrasse\/\",\"name\":\"Parasol pour terrasse, notre s\u00e9lection - Le Blog Delorm\",\"isPartOf\":{\"@id\":\"https:\/\/delormdesign.com\/blog\/#website\"},\"primaryImageOfPage\":{\"@id\":\"https:\/\/delormdesign.com\/blog\/parasol-terrasse\/#primaryimage\"},\"datePublished\":\"2018-06-22T10:16:30+00:00\",\"dateModified\":\"2022-03-18T09:30:32+00:00\",\"author\":{\"@id\":\"https:\/\/delormdesign.com\/blog\/#\/schema\/person\/a5699d6f4c2058a34009c87a8fb2d503\"},\"description\":\"Que ce soit pour des journ\u00e9es farniente ou pour des d\u00e9jeuners en famille, le parasol est un alli\u00e9 incontestable pour garantir votre bien-\u00eatre. D\u00e9couvrez ici\",\"breadcrumb\":{\"@id\":\"https:\/\/delormdesign.com\/blog\/parasol-terrasse\/#breadcrumb\"},\"inLanguage\":\"fr-FR\",\"potentialAction\":[{\"@type\":\"ReadAction\",\"target\":[\"https:\/\/delormdesign.com\/blog\/parasol-terrasse\/\"]}]},{\"@type\":\"BreadcrumbList\",\"@id\":\"https:\/\/delormdesign.com\/blog\/parasol-terrasse\/#breadcrumb\",\"itemListElement\":[{\"@type\":\"ListItem\",\"position\":1,\"name\":\"Accueil\",\"item\":\"https:\/\/delormdesign.com\/blog\/\"},{\"@type\":\"ListItem\",\"position\":2,\"name\":\"Parasol pour terrasse, notre s\u00e9lection\"}]},{\"@type\":\"Person\",\"@id\":\"https:\/\/delormdesign.com\/blog\/#\/schema\/person\/a5699d6f4c2058a34009c87a8fb2d503\",\"name\":\"Lea Rigoleta\",\"image\":{\"@type\":\"ImageObject\",\"inLanguage\":\"fr-FR\",\"@id\":\"https:\/\/delormdesign.com\/blog\/#\/schema\/person\/image\/\",\"url\":\"https:\/\/secure.gravatar.com\/avatar\/a1e61b97b259452330da26a9d5e3e335?s=96&d=mm&r=g\",\"contentUrl\":\"https:\/\/secure.gravatar.com\/avatar\/a1e61b97b259452330da26a9d5e3e335?s=96&d=mm&r=g\",\"caption\":\"Lea Rigoleta\"},\"url\":\"https:\/\/delormdesign.com\/blog\/author\/l-rigoleta\/\"}]}<\/script>\n<!-- \/ Yoast SEO plugin. -->","yoast_head_json":{"title":"Parasol pour terrasse, notre s\u00e9lection - Le Blog Delorm","description":"Que ce soit pour des journ\u00e9es farniente ou pour des d\u00e9jeuners en famille, le parasol est un alli\u00e9 incontestable pour garantir votre bien-\u00eatre. D\u00e9couvrez ici","robots":{"index":"index","follow":"follow","max-snippet":"max-snippet:-1","max-image-preview":"max-image-preview:large","max-video-preview":"max-video-preview:-1"},"canonical":"https:\/\/delormdesign.com\/blog\/parasol-terrasse\/","og_locale":"fr_FR","og_type":"article","og_title":"Parasol pour terrasse, notre s\u00e9lection - Le Blog Delorm","og_description":"Que ce soit pour des journ\u00e9es farniente ou pour des d\u00e9jeuners en famille, le parasol est un alli\u00e9 incontestable pour garantir votre bien-\u00eatre. D\u00e9couvrez ici","og_url":"https:\/\/delormdesign.com\/blog\/parasol-terrasse\/","og_site_name":"Blog Design Jardin &amp; Int\u00e9rieur | Tendance D\u00e9co","article_publisher":"https:\/\/www.facebook.com\/delormdesign\/","article_published_time":"2018-06-22T10:16:30+00:00","article_modified_time":"2022-03-18T09:30:32+00:00","og_image":[{"width":1020,"height":680,"url":"https:\/\/delormdesign.com\/blog\/wp-content\/uploads\/2018\/06\/architecture-blue-sky-design-756554-e1532616287711.jpg","type":"image\/jpeg"}],"author":"Lea Rigoleta","twitter_card":"summary","twitter_misc":{"Written by":"Lea Rigoleta","Est. reading time":"5 minutes"},"schema":{"@context":"https:\/\/schema.org","@graph":[{"@type":"WebSite","@id":"https:\/\/delormdesign.com\/blog\/#website","url":"https:\/\/delormdesign.com\/blog\/","name":"Blog Design Jardin &amp; Int\u00e9rieur | Tendance D\u00e9co","description":"Jardin &amp; Int\u00e9rieur | Tendance D\u00e9co","potentialAction":[{"@type":"SearchAction","target":{"@type":"EntryPoint","urlTemplate":"https:\/\/delormdesign.com\/blog\/?s={search_term_string}"},"query-input":"required name=search_term_string"}],"inLanguage":"fr-FR"},{"@type":"ImageObject","inLanguage":"fr-FR","@id":"https:\/\/delormdesign.com\/blog\/parasol-terrasse\/#primaryimage","url":"https:\/\/delormdesign.com\/blog\/wp-content\/uploads\/2018\/06\/architecture-blue-sky-design-756554-e1532616287711.jpg","contentUrl":"https:\/\/delormdesign.com\/blog\/wp-content\/uploads\/2018\/06\/architecture-blue-sky-design-756554-e1532616287711.jpg","width":1020,"height":680},{"@type":"WebPage","@id":"https:\/\/delormdesign.com\/blog\/parasol-terrasse\/","url":"https:\/\/delormdesign.com\/blog\/parasol-terrasse\/","name":"Parasol pour terrasse, notre s\u00e9lection - Le Blog Delorm","isPartOf":{"@id":"https:\/\/delormdesign.com\/blog\/#website"},"primaryImageOfPage":{"@id":"https:\/\/delormdesign.com\/blog\/parasol-terrasse\/#primaryimage"},"datePublished":"2018-06-22T10:16:30+00:00","dateModified":"2022-03-18T09:30:32+00:00","author":{"@id":"https:\/\/delormdesign.com\/blog\/#\/schema\/person\/a5699d6f4c2058a34009c87a8fb2d503"},"description":"Que ce soit pour des journ\u00e9es farniente ou pour des d\u00e9jeuners en famille, le parasol est un alli\u00e9 incontestable pour garantir votre bien-\u00eatre. D\u00e9couvrez ici","breadcrumb":{"@id":"https:\/\/delormdesign.com\/blog\/parasol-terrasse\/#breadcrumb"},"inLanguage":"fr-FR","potentialAction":[{"@type":"ReadAction","target":["https:\/\/delormdesign.com\/blog\/parasol-terrasse\/"]}]},{"@type":"BreadcrumbList","@id":"https:\/\/delormdesign.com\/blog\/parasol-terrasse\/#breadcrumb","itemListElement":[{"@type":"ListItem","position":1,"name":"Accueil","item":"https:\/\/delormdesign.com\/blog\/"},{"@type":"ListItem","position":2,"name":"Parasol pour terrasse, notre s\u00e9lection"}]},{"@type":"Person","@id":"https:\/\/delormdesign.com\/blog\/#\/schema\/person\/a5699d6f4c2058a34009c87a8fb2d503","name":"Lea Rigoleta","image":{"@type":"ImageObject","inLanguage":"fr-FR","@id":"https:\/\/delormdesign.com\/blog\/#\/schema\/person\/image\/","url":"https:\/\/secure.gravatar.com\/avatar\/a1e61b97b259452330da26a9d5e3e335?s=96&d=mm&r=g","contentUrl":"https:\/\/secure.gravatar.com\/avatar\/a1e61b97b259452330da26a9d5e3e335?s=96&d=mm&r=g","caption":"Lea Rigoleta"},"url":"https:\/\/delormdesign.com\/blog\/author\/l-rigoleta\/"}]}},"amp_enabled":true,"_links":{"self":[{"href":"https:\/\/delormdesign.com\/blog\/wp-json\/wp\/v2\/posts\/790"}],"collection":[{"href":"https:\/\/delormdesign.com\/blog\/wp-json\/wp\/v2\/posts"}],"about":[{"href":"https:\/\/delormdesign.com\/blog\/wp-json\/wp\/v2\/types\/post"}],"author":[{"embeddable":true,"href":"https:\/\/delormdesign.com\/blog\/wp-json\/wp\/v2\/users\/15"}],"replies":[{"embeddable":true,"href":"https:\/\/delormdesign.com\/blog\/wp-json\/wp\/v2\/comments?post=790"}],"version-history":[{"count":1,"href":"https:\/\/delormdesign.com\/blog\/wp-json\/wp\/v2\/posts\/790\/revisions"}],"predecessor-version":[{"id":3157,"href":"https:\/\/delormdesign.com\/blog\/wp-json\/wp\/v2\/posts\/790\/revisions\/3157"}],"wp:featuredmedia":[{"embeddable":true,"href":"https:\/\/delormdesign.com\/blog\/wp-json\/wp\/v2\/media\/1439"}],"wp:attachment":[{"href":"https:\/\/delormdesign.com\/blog\/wp-json\/wp\/v2\/media?parent=790"}],"wp:term":[{"taxonomy":"category","embeddable":true,"href":"https:\/\/delormdesign.com\/blog\/wp-json\/wp\/v2\/categories?post=790"},{"taxonomy":"post_tag","embeddable":true,"href":"https:\/\/delormdesign.com\/blog\/wp-json\/wp\/v2\/tags?post=790"}],"curies":[{"name":"wp","href":"https:\/\/api.w.org\/{rel}","templated":true}]}}