{"id":818,"date":"2018-06-22T10:16:29","date_gmt":"2018-06-22T10:16:29","guid":{"rendered":"https:\/\/delormdesign.com\/blog\/?p=818"},"modified":"2022-03-18T09:30:33","modified_gmt":"2022-03-18T09:30:33","slug":"salon-jardin-resiste-pluie","status":"publish","type":"post","link":"https:\/\/delormdesign.com\/blog\/salon-jardin-resiste-pluie\/","title":{"rendered":"Le salon de jardin qui r\u00e9siste \u00e0 la pluie"},"content":{"rendered":"<p>\u00c0 cette \u00e8re o\u00f9 le salon de jardin devient un mobilier ext\u00e9rieur incontournable, car permettant de profiter des beaux jours et de belles soir\u00e9es d\u2019\u00e9t\u00e9, il importe de le choisir de tr\u00e8s bonne qualit\u00e9. En d\u2019autres termes, robuste, esth\u00e9tique et dont la couleur ne s\u2019alt\u00e8re pas \u00e0 cause du soleil ou des intemp\u00e9ries. C\u2019est le cas de ce salon de jardin qui r\u00e9siste \u00e0 la pluie de la gamme Chic sugg\u00e9r\u00e9e par Delorm Design : le salon de jardin St Tropez.<\/p>\n<p style=\"text-align: center;\"><a href=\"https:\/\/delormdesign.com\/10-salon-de-jardin-design\">&gt;&gt; D\u00e9couvrir les Salons de Jardin Delorm &lt;&lt;\u00a0<\/a><\/p>\n<h2 style=\"text-align: left;\">St Tropez, un salon de jardin en aluminium, r\u00e9sistant \u00e0 l\u2019eau<\/h2>\n<p>Les meubles propos\u00e9s par Delorm Design sont notamment r\u00e9put\u00e9s pour leur solidit\u00e9 et leur esth\u00e9tique sans pareilles. De ce fait, vous n\u2019y trouverez assur\u00e9ment que des mat\u00e9riaux de qualit\u00e9, reconnus pour leur capacit\u00e9 \u00e0 ne pas s\u2019endommager facilement au contact des rayons UV ou de l\u2019humidit\u00e9. Le St Tropez de la gamme Chic en fait partie, car fabriqu\u00e9 avec de l\u2019aluminium. Ce mat\u00e9riau permet en effet au <a href=\"https:\/\/delormdesign.com\/blog\/salon-de-jardin-cher-selection\/\" >salon de jardin<\/a> de r\u00e9sister \u00e0 l\u2019eau, donc \u00e0 la pluie ou \u00e0 la neige, un des crit\u00e8res primant dans le choix du parfait mobilier d\u2019ext\u00e9rieur. D\u2019ailleurs, toute la gamme Chic est con\u00e7ue dans ce sens, lui conf\u00e9rant l\u2019\u00e9l\u00e9gance et la qualit\u00e9 qui font que sa r\u00e9putation la pr\u00e9c\u00e8de. Son design et son allure sont \u00e9galement tels qu\u2019on oublierait qu\u2019il s\u2019agisse d\u2019un salon de jardin qui r\u00e9siste \u00e0 la pluie.<\/p>\n<p><img loading=\"lazy\" class=\"aligncenter wp-image-819 size-full\" title=\"salon-jardin-r\u00e9siste-pluie-design-delorm\" src=\"https:\/\/delormdesign.com\/blog\/wp-content\/uploads\/2018\/06\/1519289913-27848037-960x540-salon-de-jardin-4-pe.jpg\" alt=\"\" width=\"960\" height=\"540\" srcset=\"https:\/\/delormdesign.com\/blog\/wp-content\/uploads\/2018\/06\/1519289913-27848037-960x540-salon-de-jardin-4-pe.jpg 960w, https:\/\/delormdesign.com\/blog\/wp-content\/uploads\/2018\/06\/1519289913-27848037-960x540-salon-de-jardin-4-pe-300x169.jpg 300w, https:\/\/delormdesign.com\/blog\/wp-content\/uploads\/2018\/06\/1519289913-27848037-960x540-salon-de-jardin-4-pe-768x432.jpg 768w, https:\/\/delormdesign.com\/blog\/wp-content\/uploads\/2018\/06\/1519289913-27848037-960x540-salon-de-jardin-4-pe-940x529.jpg 940w\" sizes=\"(max-width: 960px) 100vw, 960px\" \/><\/p>\n<p><a href=\"https:\/\/delormdesign.com\/salon-de-jardin-haut-de-gamme\/361-chc-sttropez-lightgrey-3700735702404.html\" target=\"_blank\" rel=\"noopener\"><strong>D\u00e9couvrir ce salon de jardin<\/strong><\/a><\/p>\n<h2>Les particularit\u00e9s du salon de jardin St Tropez<\/h2>\n<p><span style=\"color: #192609;\">Outre le fait que ce soit un salon de jardin qui r\u00e9siste \u00e0 la pluie, le St Tropez dispose d\u2019un design moderne, aux lignes droites et effil\u00e9es. Sa structure et ses coussins sont tous de forme rectangulaire, rendant son allure parfaitement au fait de la tendance actuelle. La premi\u00e8re est con\u00e7ue en aluminium, ne craignant ni le soleil, ni les averses et encore moins la neige, qualifiant ce salon de jardin de mobilier l\u00e9ger, mais solide, \u00e0 l\u2019\u00e9preuve du temps. Quant \u00e0 ses coussins, ils sont rembourr\u00e9s de mousse Fast Dry Foam et couverts de tissus d\u2019Ol\u00e9fine, permettant de les laisser dehors durant la saison estivale sans craindre de les voir s\u2019affaisser.<\/span><\/p>\n<p><span style=\"color: #192609;\">Le tout ne n\u00e9cessite aucun entretien particulier, un simple lavage avec de l\u2019eau l\u00e9g\u00e8rement savonneuse et un rin\u00e7age \u00e0 l\u2019eau claire suffisent pour le garder toujours \u00e9clatant. Ce salon de jardin qui r\u00e9siste \u00e0 la pluie peut en outre accueillir 5 personnes, car il est compos\u00e9 d\u2019un grand canap\u00e9 de 268 cm de long, de 2 fauteuils et d\u2019un pouf pouvant servir de table basse sans le coussin. Bref, une fois assembl\u00e9, son fauteuil fait 268 x 84 x 66 cm, sa chauffeuse : 268 x 84 x 66 cm, chacun de ses 2 fauteuils : 84 x 84 x 66 cm, et son pouf ou table basse : 74 x 74 x 42 cm.<\/span><\/p>\n<p><img loading=\"lazy\" class=\"aligncenter wp-image-820 size-full\" title=\"salon-jardin-r\u00e9siste-delorm-design-aluminium\" src=\"https:\/\/delormdesign.com\/blog\/wp-content\/uploads\/2018\/06\/1519289914-27849477-960x540-zoom-salon-jardin-1.jpg\" alt=\"\" width=\"960\" height=\"540\" srcset=\"https:\/\/delormdesign.com\/blog\/wp-content\/uploads\/2018\/06\/1519289914-27849477-960x540-zoom-salon-jardin-1.jpg 960w, https:\/\/delormdesign.com\/blog\/wp-content\/uploads\/2018\/06\/1519289914-27849477-960x540-zoom-salon-jardin-1-300x169.jpg 300w, https:\/\/delormdesign.com\/blog\/wp-content\/uploads\/2018\/06\/1519289914-27849477-960x540-zoom-salon-jardin-1-768x432.jpg 768w, https:\/\/delormdesign.com\/blog\/wp-content\/uploads\/2018\/06\/1519289914-27849477-960x540-zoom-salon-jardin-1-940x529.jpg 940w\" sizes=\"(max-width: 960px) 100vw, 960px\" \/><\/p>\n<h3>Les raisons d\u2019opter pour le salon de jardin St Tropez<\/h3>\n<p>Au vu de ses caract\u00e9ristiques, St Tropez, le fameux salon de jardin qui r\u00e9siste \u00e0 l\u2019humidit\u00e9, s\u00e9duira toute personne en qu\u00eate d\u2019un mobilier de jardin \u00e0 la fois confortable et disposant d\u2019une grande capacit\u00e9 d\u2019accueil. Il est tr\u00e8s facile \u00e0 assembler, notamment gr\u00e2ce \u00e0 un syst\u00e8me de clip tr\u00e8s pratique. On peut ainsi le disposer comme on le souhaite et selon l\u2019am\u00e9nagement de l\u2019ext\u00e9rieur de sa maison. Quand vient l\u2019hiver, il faut toutefois mettre ses coussins \u00e0 l\u2019abri.<\/p>\n<h3>Les autres guides pour mieux choisir son salon de jardin<\/h3>\n<p><a id=\"link-18j8ruge3x8\" class=\"url-link\" href=\"https:\/\/delormdesign.com\/blog\/choisir-matiere-salon-jardin\/\" target=\"_blank\" rel=\"null noopener\" type=\"url\">Quelle mati\u00e8re pour son salon de jardin ?<br \/>\n<\/a><a id=\"link-nq2jh1n8i7g\" class=\"url-link\" href=\"https:\/\/delormdesign.com\/blog\/choisir-couleur-salon-jardin\/\" target=\"_blank\" rel=\"null noopener\" type=\"url\">Quelle couleur choisir pour son salon de jardin ?<br \/>\n<\/a><a id=\"link-i5ijfvyp87l\" class=\"url-link\" href=\"https:\/\/delormdesign.com\/blog\/salon-jardin-petite-terrasse\/\" target=\"_blank\" rel=\"null noopener\" type=\"url\">Salon de jardin pour petite terrasse, comment choisir ?<br \/>\n<\/a><a id=\"link-bzn8rrzshge\" class=\"url-link\" href=\"https:\/\/delormdesign.com\/blog\/salon-jardin-rouille-pas\/\" target=\"_blank\" rel=\"null noopener\" type=\"url\">Salon de jardin qui ne rouille pas<br \/>\n<\/a><a id=\"link-cjbh0bbhojq\" class=\"url-link\" href=\"https:\/\/delormdesign.com\/blog\/salon-jardin-4-personnes\/\" target=\"_blank\" rel=\"null noopener\" type=\"url\">Salon de jardin pour 4 personnes<br \/>\n<\/a><a id=\"link-1rfapam567z\" class=\"url-link\" href=\"https:\/\/delormdesign.com\/blog\/salon-jardin-8-personnes\/\" target=\"_blank\" rel=\"null noopener\" type=\"url\">Salon de jardin pour 8 personnes<br \/>\n<\/a><a id=\"link-0oe96uxz5mgi\" class=\"url-link\" href=\"https:\/\/delormdesign.com\/blog\/salon-jardin-12-personnes\/\" target=\"_blank\" rel=\"null noopener\" type=\"url\">Salon de jardin pour 12 personnes<br \/>\n<\/a><a id=\"link-nrethwegl\" class=\"url-link\" href=\"https:\/\/delormdesign.com\/blog\/choisir-couleur-salon-jardin\/\" target=\"_blank\" rel=\"null noopener\" type=\"url\">Quelle couleur choisir pour son salon de jardin ?<\/a><\/p>\n","protected":false},"excerpt":{"rendered":"<p>\u00c0 cette \u00e8re o\u00f9 le salon de jardin devient un mobilier ext\u00e9rieur incontournable, car permettant de profiter des beaux jours et de belles soir\u00e9es d\u2019\u00e9t\u00e9, il importe de le choisir de tr\u00e8s bonne qualit\u00e9. En d\u2019autres termes, robuste, esth\u00e9tique et dont la couleur ne s\u2019alt\u00e8re pas \u00e0 cause du soleil ou des intemp\u00e9ries. C\u2019est le [&hellip;]<\/p>\n","protected":false},"author":15,"featured_media":49,"comment_status":"open","ping_status":"open","sticky":false,"template":"","format":"standard","meta":[],"categories":[4,20],"tags":[],"yoast_head":"<!-- This site is optimized with the Yoast SEO plugin v19.3 - https:\/\/yoast.com\/wordpress\/plugins\/seo\/ -->\n<title>Le salon de jardin qui r\u00e9siste \u00e0 la pluie - Le Blog Delorm<\/title>\n<meta name=\"description\" content=\"Aujourd&#039;hui le salon de jardin devient un mobilier ext\u00e9rieur incontournable, il importe de le choisir de tr\u00e8s bonne qualit\u00e9. Nous avons ce qu&#039;il vous faut !\" \/>\n<meta name=\"robots\" content=\"index, follow, max-snippet:-1, max-image-preview:large, max-video-preview:-1\" \/>\n<link rel=\"canonical\" href=\"https:\/\/delormdesign.com\/blog\/salon-jardin-resiste-pluie\/\" \/>\n<meta property=\"og:locale\" content=\"fr_FR\" \/>\n<meta property=\"og:type\" content=\"article\" \/>\n<meta property=\"og:title\" content=\"Le salon de jardin qui r\u00e9siste \u00e0 la pluie - Le Blog Delorm\" \/>\n<meta property=\"og:description\" content=\"Aujourd&#039;hui le salon de jardin devient un mobilier ext\u00e9rieur incontournable, il importe de le choisir de tr\u00e8s bonne qualit\u00e9. Nous avons ce qu&#039;il vous faut !\" \/>\n<meta property=\"og:url\" content=\"https:\/\/delormdesign.com\/blog\/salon-jardin-resiste-pluie\/\" \/>\n<meta property=\"og:site_name\" content=\"Blog Design Jardin &amp; Int\u00e9rieur | Tendance D\u00e9co\" \/>\n<meta property=\"article:publisher\" content=\"https:\/\/www.facebook.com\/delormdesign\/\" \/>\n<meta property=\"article:published_time\" content=\"2018-06-22T10:16:29+00:00\" \/>\n<meta property=\"article:modified_time\" content=\"2022-03-18T09:30:33+00:00\" \/>\n<meta property=\"og:image\" content=\"https:\/\/delormdesign.com\/blog\/wp-content\/uploads\/2016\/05\/terrasse-majestic.jpg\" \/>\n\t<meta property=\"og:image:width\" content=\"550\" \/>\n\t<meta property=\"og:image:height\" content=\"313\" \/>\n\t<meta property=\"og:image:type\" content=\"image\/jpeg\" \/>\n<meta name=\"author\" content=\"Lea Rigoleta\" \/>\n<meta name=\"twitter:card\" content=\"summary\" \/>\n<meta name=\"twitter:label1\" content=\"Written by\" \/>\n\t<meta name=\"twitter:data1\" content=\"Lea Rigoleta\" \/>\n\t<meta name=\"twitter:label2\" content=\"Est. reading time\" \/>\n\t<meta name=\"twitter:data2\" content=\"3 minutes\" \/>\n<script type=\"application\/ld+json\" class=\"yoast-schema-graph\">{\"@context\":\"https:\/\/schema.org\",\"@graph\":[{\"@type\":\"WebSite\",\"@id\":\"https:\/\/delormdesign.com\/blog\/#website\",\"url\":\"https:\/\/delormdesign.com\/blog\/\",\"name\":\"Blog Design Jardin &amp; Int\u00e9rieur | Tendance D\u00e9co\",\"description\":\"Jardin &amp; Int\u00e9rieur | Tendance D\u00e9co\",\"potentialAction\":[{\"@type\":\"SearchAction\",\"target\":{\"@type\":\"EntryPoint\",\"urlTemplate\":\"https:\/\/delormdesign.com\/blog\/?s={search_term_string}\"},\"query-input\":\"required name=search_term_string\"}],\"inLanguage\":\"fr-FR\"},{\"@type\":\"ImageObject\",\"inLanguage\":\"fr-FR\",\"@id\":\"https:\/\/delormdesign.com\/blog\/salon-jardin-resiste-pluie\/#primaryimage\",\"url\":\"https:\/\/delormdesign.com\/blog\/wp-content\/uploads\/2016\/05\/terrasse-majestic.jpg\",\"contentUrl\":\"https:\/\/delormdesign.com\/blog\/wp-content\/uploads\/2016\/05\/terrasse-majestic.jpg\",\"width\":550,\"height\":313,\"caption\":\"Le mod\u00e8le ici est tr\u00e8s proche de notre salon haut de gamme St Tropez.\"},{\"@type\":\"WebPage\",\"@id\":\"https:\/\/delormdesign.com\/blog\/salon-jardin-resiste-pluie\/\",\"url\":\"https:\/\/delormdesign.com\/blog\/salon-jardin-resiste-pluie\/\",\"name\":\"Le salon de jardin qui r\u00e9siste \u00e0 la pluie - Le Blog Delorm\",\"isPartOf\":{\"@id\":\"https:\/\/delormdesign.com\/blog\/#website\"},\"primaryImageOfPage\":{\"@id\":\"https:\/\/delormdesign.com\/blog\/salon-jardin-resiste-pluie\/#primaryimage\"},\"datePublished\":\"2018-06-22T10:16:29+00:00\",\"dateModified\":\"2022-03-18T09:30:33+00:00\",\"author\":{\"@id\":\"https:\/\/delormdesign.com\/blog\/#\/schema\/person\/a5699d6f4c2058a34009c87a8fb2d503\"},\"description\":\"Aujourd'hui le salon de jardin devient un mobilier ext\u00e9rieur incontournable, il importe de le choisir de tr\u00e8s bonne qualit\u00e9. Nous avons ce qu'il vous faut !\",\"breadcrumb\":{\"@id\":\"https:\/\/delormdesign.com\/blog\/salon-jardin-resiste-pluie\/#breadcrumb\"},\"inLanguage\":\"fr-FR\",\"potentialAction\":[{\"@type\":\"ReadAction\",\"target\":[\"https:\/\/delormdesign.com\/blog\/salon-jardin-resiste-pluie\/\"]}]},{\"@type\":\"BreadcrumbList\",\"@id\":\"https:\/\/delormdesign.com\/blog\/salon-jardin-resiste-pluie\/#breadcrumb\",\"itemListElement\":[{\"@type\":\"ListItem\",\"position\":1,\"name\":\"Accueil\",\"item\":\"https:\/\/delormdesign.com\/blog\/\"},{\"@type\":\"ListItem\",\"position\":2,\"name\":\"Le salon de jardin qui r\u00e9siste \u00e0 la pluie\"}]},{\"@type\":\"Person\",\"@id\":\"https:\/\/delormdesign.com\/blog\/#\/schema\/person\/a5699d6f4c2058a34009c87a8fb2d503\",\"name\":\"Lea Rigoleta\",\"image\":{\"@type\":\"ImageObject\",\"inLanguage\":\"fr-FR\",\"@id\":\"https:\/\/delormdesign.com\/blog\/#\/schema\/person\/image\/\",\"url\":\"https:\/\/secure.gravatar.com\/avatar\/a1e61b97b259452330da26a9d5e3e335?s=96&d=mm&r=g\",\"contentUrl\":\"https:\/\/secure.gravatar.com\/avatar\/a1e61b97b259452330da26a9d5e3e335?s=96&d=mm&r=g\",\"caption\":\"Lea Rigoleta\"},\"url\":\"https:\/\/delormdesign.com\/blog\/author\/l-rigoleta\/\"}]}<\/script>\n<!-- \/ Yoast SEO plugin. -->","yoast_head_json":{"title":"Le salon de jardin qui r\u00e9siste \u00e0 la pluie - Le Blog Delorm","description":"Aujourd'hui le salon de jardin devient un mobilier ext\u00e9rieur incontournable, il importe de le choisir de tr\u00e8s bonne qualit\u00e9. Nous avons ce qu'il vous faut !","robots":{"index":"index","follow":"follow","max-snippet":"max-snippet:-1","max-image-preview":"max-image-preview:large","max-video-preview":"max-video-preview:-1"},"canonical":"https:\/\/delormdesign.com\/blog\/salon-jardin-resiste-pluie\/","og_locale":"fr_FR","og_type":"article","og_title":"Le salon de jardin qui r\u00e9siste \u00e0 la pluie - Le Blog Delorm","og_description":"Aujourd'hui le salon de jardin devient un mobilier ext\u00e9rieur incontournable, il importe de le choisir de tr\u00e8s bonne qualit\u00e9. Nous avons ce qu'il vous faut !","og_url":"https:\/\/delormdesign.com\/blog\/salon-jardin-resiste-pluie\/","og_site_name":"Blog Design Jardin &amp; Int\u00e9rieur | Tendance D\u00e9co","article_publisher":"https:\/\/www.facebook.com\/delormdesign\/","article_published_time":"2018-06-22T10:16:29+00:00","article_modified_time":"2022-03-18T09:30:33+00:00","og_image":[{"width":550,"height":313,"url":"https:\/\/delormdesign.com\/blog\/wp-content\/uploads\/2016\/05\/terrasse-majestic.jpg","type":"image\/jpeg"}],"author":"Lea Rigoleta","twitter_card":"summary","twitter_misc":{"Written by":"Lea Rigoleta","Est. reading time":"3 minutes"},"schema":{"@context":"https:\/\/schema.org","@graph":[{"@type":"WebSite","@id":"https:\/\/delormdesign.com\/blog\/#website","url":"https:\/\/delormdesign.com\/blog\/","name":"Blog Design Jardin &amp; Int\u00e9rieur | Tendance D\u00e9co","description":"Jardin &amp; Int\u00e9rieur | Tendance D\u00e9co","potentialAction":[{"@type":"SearchAction","target":{"@type":"EntryPoint","urlTemplate":"https:\/\/delormdesign.com\/blog\/?s={search_term_string}"},"query-input":"required name=search_term_string"}],"inLanguage":"fr-FR"},{"@type":"ImageObject","inLanguage":"fr-FR","@id":"https:\/\/delormdesign.com\/blog\/salon-jardin-resiste-pluie\/#primaryimage","url":"https:\/\/delormdesign.com\/blog\/wp-content\/uploads\/2016\/05\/terrasse-majestic.jpg","contentUrl":"https:\/\/delormdesign.com\/blog\/wp-content\/uploads\/2016\/05\/terrasse-majestic.jpg","width":550,"height":313,"caption":"Le mod\u00e8le ici est tr\u00e8s proche de notre salon haut de gamme St Tropez."},{"@type":"WebPage","@id":"https:\/\/delormdesign.com\/blog\/salon-jardin-resiste-pluie\/","url":"https:\/\/delormdesign.com\/blog\/salon-jardin-resiste-pluie\/","name":"Le salon de jardin qui r\u00e9siste \u00e0 la pluie - Le Blog Delorm","isPartOf":{"@id":"https:\/\/delormdesign.com\/blog\/#website"},"primaryImageOfPage":{"@id":"https:\/\/delormdesign.com\/blog\/salon-jardin-resiste-pluie\/#primaryimage"},"datePublished":"2018-06-22T10:16:29+00:00","dateModified":"2022-03-18T09:30:33+00:00","author":{"@id":"https:\/\/delormdesign.com\/blog\/#\/schema\/person\/a5699d6f4c2058a34009c87a8fb2d503"},"description":"Aujourd'hui le salon de jardin devient un mobilier ext\u00e9rieur incontournable, il importe de le choisir de tr\u00e8s bonne qualit\u00e9. Nous avons ce qu'il vous faut !","breadcrumb":{"@id":"https:\/\/delormdesign.com\/blog\/salon-jardin-resiste-pluie\/#breadcrumb"},"inLanguage":"fr-FR","potentialAction":[{"@type":"ReadAction","target":["https:\/\/delormdesign.com\/blog\/salon-jardin-resiste-pluie\/"]}]},{"@type":"BreadcrumbList","@id":"https:\/\/delormdesign.com\/blog\/salon-jardin-resiste-pluie\/#breadcrumb","itemListElement":[{"@type":"ListItem","position":1,"name":"Accueil","item":"https:\/\/delormdesign.com\/blog\/"},{"@type":"ListItem","position":2,"name":"Le salon de jardin qui r\u00e9siste \u00e0 la pluie"}]},{"@type":"Person","@id":"https:\/\/delormdesign.com\/blog\/#\/schema\/person\/a5699d6f4c2058a34009c87a8fb2d503","name":"Lea Rigoleta","image":{"@type":"ImageObject","inLanguage":"fr-FR","@id":"https:\/\/delormdesign.com\/blog\/#\/schema\/person\/image\/","url":"https:\/\/secure.gravatar.com\/avatar\/a1e61b97b259452330da26a9d5e3e335?s=96&d=mm&r=g","contentUrl":"https:\/\/secure.gravatar.com\/avatar\/a1e61b97b259452330da26a9d5e3e335?s=96&d=mm&r=g","caption":"Lea Rigoleta"},"url":"https:\/\/delormdesign.com\/blog\/author\/l-rigoleta\/"}]}},"amp_enabled":true,"_links":{"self":[{"href":"https:\/\/delormdesign.com\/blog\/wp-json\/wp\/v2\/posts\/818"}],"collection":[{"href":"https:\/\/delormdesign.com\/blog\/wp-json\/wp\/v2\/posts"}],"about":[{"href":"https:\/\/delormdesign.com\/blog\/wp-json\/wp\/v2\/types\/post"}],"author":[{"embeddable":true,"href":"https:\/\/delormdesign.com\/blog\/wp-json\/wp\/v2\/users\/15"}],"replies":[{"embeddable":true,"href":"https:\/\/delormdesign.com\/blog\/wp-json\/wp\/v2\/comments?post=818"}],"version-history":[{"count":1,"href":"https:\/\/delormdesign.com\/blog\/wp-json\/wp\/v2\/posts\/818\/revisions"}],"predecessor-version":[{"id":3020,"href":"https:\/\/delormdesign.com\/blog\/wp-json\/wp\/v2\/posts\/818\/revisions\/3020"}],"wp:featuredmedia":[{"embeddable":true,"href":"https:\/\/delormdesign.com\/blog\/wp-json\/wp\/v2\/media\/49"}],"wp:attachment":[{"href":"https:\/\/delormdesign.com\/blog\/wp-json\/wp\/v2\/media?parent=818"}],"wp:term":[{"taxonomy":"category","embeddable":true,"href":"https:\/\/delormdesign.com\/blog\/wp-json\/wp\/v2\/categories?post=818"},{"taxonomy":"post_tag","embeddable":true,"href":"https:\/\/delormdesign.com\/blog\/wp-json\/wp\/v2\/tags?post=818"}],"curies":[{"name":"wp","href":"https:\/\/api.w.org\/{rel}","templated":true}]}}