{"id":834,"date":"2018-06-21T10:55:14","date_gmt":"2018-06-21T10:55:14","guid":{"rendered":"https:\/\/delormdesign.com\/blog\/?p=834"},"modified":"2022-03-18T09:30:33","modified_gmt":"2022-03-18T09:30:33","slug":"meuble-tv-choisir","status":"publish","type":"post","link":"https:\/\/delormdesign.com\/blog\/meuble-tv-choisir\/","title":{"rendered":"Meuble TV : comment choisir ?"},"content":{"rendered":"<p>V<span style=\"font-weight: 400;\">otre salon est souvent organis\u00e9 autour d\u2019un \u00e9l\u00e9ment : la t\u00e9l\u00e9vision. La t\u00e9l\u00e9vision repr\u00e9sentant \u00e0 la fois un moyen d\u2019information, mais aussi une activit\u00e9 conviviale et un accessoire de jeux pour les enfants. Tous les regards sont donc tourn\u00e9s vers <\/span><b>le meuble TV<\/b><span style=\"font-weight: 400;\"> qui se doit alors d\u2019\u00eatre aussi esth\u00e9tique que pratique ! En mati\u00e8re de meuble TV, il existe une multitude de choix, il peut donc parfois \u00eatre difficile de s\u2019y retrouver. Voici notre guide pour vous aider dans ce choix corn\u00e9lien \u00e0 un prix raisonnable.<\/span><\/p>\n<h2><b>Des meubles TV, en veux-tu en voil\u00e0.<\/b><\/h2>\n<p><b>Le mobilier t\u00e9l\u00e9<\/b><span style=\"font-weight: 400;\"> se d\u00e9cline avec toutes les tendances et tous les univers en jouant intelligemment avec les formes, les couleurs et les mat\u00e9riaux. Cela nous offre un large panel de choix qui peut parfois porter \u00e0 confusion. En effet, un meuble t\u00e9l\u00e9 peut se poser au sol, dispara\u00eetre dans votre mobilier, se suspendre ou encore joindre des rangement et des \u00e9tag\u00e8res. Pour vous aider dans votre choix on d\u00e9crypte pour vous tous les mod\u00e8les qui s\u2019offrent \u00e0 vous pour votre futur meuble t\u00e9l\u00e9vision. Delorm vous aide donc \u00e0 faire des \u00e9conomies. <\/span><\/p>\n<h3><b>Le meuble TV classique<\/b><\/h3>\n<p><span style=\"font-weight: 400;\">La version la plus simple et \u00e9pur\u00e9e du <\/span><b>meuble t\u00e9l\u00e9<\/b><span style=\"font-weight: 400;\"> se pr\u00e9sente comme un petit bloc g\u00e9n\u00e9ralement rectangulaire discret et fonctionnel. Il en existe de toutes les tailles, dans des designs et des d\u00e9tails tr\u00e8s diff\u00e9rents et dans toutes les tonalit\u00e9s. Ce type de meuble t\u00e9l\u00e9 discret et formel viendra s\u2019harmoniser facilement avec votre d\u00e9co. <\/span><\/p>\n<h3><b>Le meuble TV avec rangements<\/b><\/h3>\n<p><b>Les meubles t\u00e9l\u00e9vision avec rangements<\/b><span style=\"font-weight: 400;\"> sont pratiques et vous permettent d\u2019optimiser votre espace int\u00e9rieur. En effet ce meuble TV est multifonction car il vous permet gr\u00e2ce \u00e0 des compartiments ouverts ou ferm\u00e9s, des portes et des tiroirs de mettre de l\u2019ordre. Cela le rend alors ultra pratique, car votre t\u00e9l\u00e9commande trouve sa place, ainsi que la box Internet, le lecteur DVD et \u00e9ventuellement la console de jeux. Ce meuble t\u00e9l\u00e9vision se d\u00e9cline dans tous les styles aussi bien tr\u00e8s scandinave que design ou moderne en prenant l\u2019allure d\u2019une biblioth\u00e8que !<\/span><\/p>\n<h3><b>Le meuble TV d\u2019angle<\/b><\/h3>\n<p><b>La ligne des am\u00e9nagements TV d\u2019angle<\/b><span style=\"font-weight: 400;\"> est recommand\u00e9 si vous souhaitez bien d\u00e9limiter l\u2019espace destin\u00e9 \u00e0 la t\u00e9l\u00e9, de celui destin\u00e9 au salon. Vous n\u2019aurez alors plus qu\u2019\u00e0 placer vos fauteuils et canap\u00e9s autour du meuble TV d\u2019angle. Vous accentuerez alors le c\u00f4t\u00e9 chaleureux et convivial de votre coin t\u00e9l\u00e9vision.<\/span><\/p>\n<h3><b>Le meuble TV mural <\/b><\/h3>\n<p><span style=\"font-weight: 400;\">Votre t\u00e9l\u00e9 est ici fix\u00e9e au mur \u00e0 la mani\u00e8re d\u2019une toile tout comme votre meuble TV. C\u2019est la solution optimale pour que votre duo t\u00e9l\u00e9viseur et meuble t\u00e9l\u00e9vision prennent un minimum de place dans votre maison. Le c\u00f4t\u00e9 a\u00e9rien du <\/span><b>meuble TV mural<\/b><span style=\"font-weight: 400;\"> le rend parfait pour un int\u00e9rieur design.<\/span><\/p>\n<p><img loading=\"lazy\" class=\"aligncenter wp-image-1930 size-full\" title=\"banni\u00e8re-salon-jardin-mont\u00e9\" src=\"https:\/\/delormdesign.com\/blog\/wp-content\/uploads\/2019\/03\/banniere-salon-de-jardin-monte.jpg\" alt=\"banni\u00e8re-salon-jardin-mont\u00e9\" width=\"948\" height=\"192\" srcset=\"https:\/\/delormdesign.com\/blog\/wp-content\/uploads\/2019\/03\/banniere-salon-de-jardin-monte.jpg 948w, https:\/\/delormdesign.com\/blog\/wp-content\/uploads\/2019\/03\/banniere-salon-de-jardin-monte-300x61.jpg 300w, https:\/\/delormdesign.com\/blog\/wp-content\/uploads\/2019\/03\/banniere-salon-de-jardin-monte-768x156.jpg 768w, https:\/\/delormdesign.com\/blog\/wp-content\/uploads\/2019\/03\/banniere-salon-de-jardin-monte-550x111.jpg 550w, https:\/\/delormdesign.com\/blog\/wp-content\/uploads\/2019\/03\/banniere-salon-de-jardin-monte-520x105.jpg 520w, https:\/\/delormdesign.com\/blog\/wp-content\/uploads\/2019\/03\/banniere-salon-de-jardin-monte-625x127.jpg 625w, https:\/\/delormdesign.com\/blog\/wp-content\/uploads\/2019\/03\/banniere-salon-de-jardin-monte-15x3.jpg 15w, https:\/\/delormdesign.com\/blog\/wp-content\/uploads\/2019\/03\/banniere-salon-de-jardin-monte-810x164.jpg 810w\" sizes=\"(max-width: 948px) 100vw, 948px\" \/><\/p>\n<h2><b>Quelles questions se poser avant d\u2019acheter un meuble t\u00e9l\u00e9 ?<\/b><\/h2>\n<p><span style=\"font-weight: 400;\">Le choix du <\/span><b>meuble t\u00e9l\u00e9<\/b><span style=\"font-weight: 400;\"> parfait n\u2019est pas chose facile, donc nombreux param\u00e8tres sont \u00e0 prendre en compte. Parmi eux le style, l\u2019emplacement, et l\u2019aspect fonctionnel du nouveau meuble star de votre coin t\u00e9l\u00e9vision.<\/span><\/p>\n<h3><b>Le style, un crit\u00e8re pr\u00e9pond\u00e9rant<\/b><\/h3>\n<p><span style=\"font-weight: 400;\">Au rayon des meubles TV, il y en a pour tous les go\u00fbts. Avant tout, il est donc important de r\u00e9fl\u00e9chir \u00e0 ce que l\u2019on cherche \u00e0 cr\u00e9er comme ambiance : plut\u00f4t cocooning ou plut\u00f4t r\u00e9tro-chic ? Design authentique ou contemporain ? <\/span><\/p>\n<p><span style=\"font-weight: 400;\">Pour un salon contemporain, <\/span><b>le meuble TV design<\/b><span style=\"font-weight: 400;\"> est ce qu\u2019il vous faut. Il donnera un style tr\u00e8s design \u00e0 la pi\u00e8ce. Un meuble TV blanc laqu\u00e9, \u00e9pur\u00e9 est une seconde option int\u00e9ressante pour un style design de plus il cr\u00e9era une atmosph\u00e8re lumineuse dans le salon. \u00a0En revanche si vous pr\u00e9f\u00e9rez une esth\u00e9tique sobre, choisissez le noir.<\/span><\/p>\n<p><span style=\"font-weight: 400;\">Si vous cherchez une ambiance plus r\u00e9tro ou vintage, le meuble TV industriel est le choix parfait. Son allure ultra singuli\u00e8re et authentique, qu\u2019il soit un <\/span><a href=\"https:\/\/delormdesign.com\/meuble-tv-teck\/2194-meuble-tv-3-tiroirs-1-niche-teck-recycle-160-cm-loft-3700735706815.html\"><b>meuble TV en bois teck ou en metal patin\u00e9 ou les deux comme le LOFT<\/b><\/a><span style=\"font-weight: 400;\">, \u00a0il imposera l\u2019identit\u00e9 r\u00e9solument vintage de votre int\u00e9rieur.<\/span><\/p>\n<p><span style=\"font-weight: 400;\">Pour un int\u00e9rieur classique, ne vous posez pas de question faite le choix du meuble t\u00e9l\u00e9 en bois. Pour le bois qu\u2019il soit massif, agglom\u00e9r\u00e9 ou plaqu\u00e9, il offre une palette de choix particuli\u00e8rement vari\u00e9e et intemporelle. Notre coup de c\u0153ur est pour <\/span><a href=\"https:\/\/delormdesign.com\/meuble-tv-teck\/438-meuble-tele-en-teck-massif-naturel-macao-3700735703722.html\"><b>le meuble en bois massif MACAO<\/b><\/a><span style=\"font-weight: 400;\">.<\/span><\/p>\n<p><span style=\"font-weight: 400;\">Pour un style au c\u0153ur de la tendance scandinave faites \u00e9galement le choix du bois teck et massif. <\/span><a href=\"https:\/\/delormdesign.com\/buffet-design\/2158-buffet-blanc-2-portes-2-triroirs-balkan-5420072041568.html\"><b>Les meubles t\u00e9l\u00e9 scandinave<\/b><\/a><span style=\"font-weight: 400;\"> sont g\u00e9n\u00e9ralement rectangulaire sur\u00e9lev\u00e9 par des pieds en bois plac\u00e9s en biais. Les petites touches de couleurs sur votre meuble TV sont int\u00e9ressantes pour compl\u00e9ter le look scandinave.<\/span><\/p>\n<p><a href=\"https:\/\/delormdesign.com\/blog\/meuble-teck-massif\/\" target=\"_blank\" rel=\"noopener\"><img loading=\"lazy\" class=\"aligncenter wp-image-2323 size-full\" src=\"https:\/\/delormdesign.com\/blog\/wp-content\/uploads\/2019\/01\/meuble-teck-massif-delorm.png\" alt=\"meuble teck massif delorm\" width=\"1000\" height=\"510\" \/><\/a><\/p>\n<h3><b>L\u2019emplacement et les proportions du meuble t\u00e9l\u00e9<\/b><\/h3>\n<p><span style=\"font-weight: 400;\">Avant de choisir votre <\/span><b>meuble t\u00e9l\u00e9vision<\/b><span style=\"font-weight: 400;\">, il vous faudra tout d\u2019abord d\u00e9finir son emplacement et ses proportions. Celui-ci d\u00e9pend du type de t\u00e9l\u00e9vision et de son orientation dans votre pi\u00e8ce \u00e0 vivre. <\/span><\/p>\n<p><span style=\"font-weight: 400;\">Plusieurs crit\u00e8res sont pr\u00e9pond\u00e9rants :<\/span><\/p>\n<ul>\n<li><span style=\"font-weight: 400;\"> la distance entre le canap\u00e9 et l\u2019\u00e9cran, doit \u00eatre au minimum un m\u00e8tre, et de 4 \u00e0 5 m\u00e8tres environ pour un \u00e9cran plus large.<\/span><\/li>\n<\/ul>\n<p><span style=\"font-weight: 400;\">La luminosit\u00e9 compte. Une zone trop lumineuse d\u00e9gradera votre exp\u00e9rience de t\u00e9l\u00e9spectateur en rendant l\u2019image bl\u00eame. De la m\u00eame mani\u00e8re, il ne faut donc pas mettre l\u2019\u00e9cran face \u00e0 une fen\u00eatre pour \u00e9viter les reflets. <\/span><\/p>\n<p><span style=\"font-weight: 400;\">Le confort \u00e0 l\u2019usage, vous devez placer votre meuble TV ainsi que la t\u00e9l\u00e9 dans votre champ de vision, afin que vous n\u2019ayez pas \u00e0 tourner la t\u00eate pour regarder l\u2019\u00e9cran.<\/span><\/p>\n<p><span style=\"font-weight: 400;\">Les dimensions du meuble t\u00e9l\u00e9 doivent s\u2019adapter \u00e0 celles de la pi\u00e8ce qui l\u2019h\u00e9berge. Pour un rendu harmonieux, choisissez un meuble plus long que votre t\u00e9l\u00e9viseur.<\/span><\/p>\n<h3><b>Ne pas oublier l\u2019aspect pratique !<\/b><\/h3>\n<p><span style=\"font-weight: 400;\">L\u2019aspect fonctionnel n\u2019est pas \u00e0 n\u00e9gliger lors du choix de votre <\/span><b>meuble TV<\/b><span style=\"font-weight: 400;\"> ! Certains am\u00e9nagements TV peuvent servir de rangement. Dans les petits espaces, vous pourrez par exemple jeter votre d\u00e9volu sur un meuble TV plus volumineux donc d\u2019\u00e9viter d\u2019avoir \u00e0 rajouter d\u2019innombrable rangement.<\/span><\/p>\n<p><span style=\"font-weight: 400;\">Toujours concernant l\u2019aspect pratique, la technologie fait partie enti\u00e8re de notre quotidien. Pour favoriser l\u2019agencement de votre connectiques certains mod\u00e8les sont \u00e9quip\u00e9s de passe-c\u00e2bles. Ainsi vous pourrez \u00e9viter des fils disgracieux qui casseront votre d\u00e9coration pointue. Et en plus la livraison est gratuite !<\/span><\/p>\n<p><img loading=\"lazy\" class=\"aligncenter size-full wp-image-2338\" src=\"https:\/\/delormdesign.com\/blog\/wp-content\/uploads\/2018\/03\/meuble-teck-massif-bois-delorm.png\" alt=\"meuble teck massif bois delorm\" width=\"1000\" height=\"510\" \/><\/p>\n<p>&nbsp;<\/p>\n<p>&nbsp;<\/p>\n","protected":false},"excerpt":{"rendered":"<p>Votre salon est souvent organis\u00e9 autour d\u2019un \u00e9l\u00e9ment : la t\u00e9l\u00e9vision. La t\u00e9l\u00e9vision repr\u00e9sentant \u00e0 la fois un moyen d\u2019information, mais aussi une activit\u00e9 conviviale et un accessoire de jeux pour les enfants. Tous les regards sont donc tourn\u00e9s vers le meuble TV qui se doit alors d\u2019\u00eatre aussi esth\u00e9tique que pratique ! En mati\u00e8re [&hellip;]<\/p>\n","protected":false},"author":15,"featured_media":2336,"comment_status":"open","ping_status":"open","sticky":false,"template":"","format":"standard","meta":[],"categories":[4],"tags":[],"yoast_head":"<!-- This site is optimized with the Yoast SEO plugin v19.3 - https:\/\/yoast.com\/wordpress\/plugins\/seo\/ -->\n<title>Meuble TV : comment choisir ? &bull; Blog Design Jardin &amp; Int\u00e9rieur | Tendance D\u00e9co<\/title>\n<meta name=\"description\" content=\"Votre salon est souvent organis\u00e9 autour d\u2019un \u00e9l\u00e9ment : la t\u00e9l\u00e9vision. Le meuble TV devient alors un meuble incontournable pour embellir votre salon.\" \/>\n<meta name=\"robots\" content=\"index, follow, max-snippet:-1, max-image-preview:large, max-video-preview:-1\" \/>\n<link rel=\"canonical\" href=\"https:\/\/delormdesign.com\/blog\/meuble-tv-choisir\/\" \/>\n<meta property=\"og:locale\" content=\"fr_FR\" \/>\n<meta property=\"og:type\" content=\"article\" \/>\n<meta property=\"og:title\" content=\"Meuble TV : comment choisir ? &bull; Blog Design Jardin &amp; Int\u00e9rieur | Tendance D\u00e9co\" \/>\n<meta property=\"og:description\" content=\"Votre salon est souvent organis\u00e9 autour d\u2019un \u00e9l\u00e9ment : la t\u00e9l\u00e9vision. Le meuble TV devient alors un meuble incontournable pour embellir votre salon.\" \/>\n<meta property=\"og:url\" content=\"https:\/\/delormdesign.com\/blog\/meuble-tv-choisir\/\" \/>\n<meta property=\"og:site_name\" content=\"Blog Design Jardin &amp; Int\u00e9rieur | Tendance D\u00e9co\" \/>\n<meta property=\"article:publisher\" content=\"https:\/\/www.facebook.com\/delormdesign\/\" \/>\n<meta property=\"article:published_time\" content=\"2018-06-21T10:55:14+00:00\" \/>\n<meta property=\"article:modified_time\" content=\"2022-03-18T09:30:33+00:00\" \/>\n<meta property=\"og:image\" content=\"https:\/\/delormdesign.com\/blog\/wp-content\/uploads\/2018\/06\/meuble-tv-comment-choisir-delorm.jpg\" \/>\n\t<meta property=\"og:image:width\" content=\"1920\" \/>\n\t<meta property=\"og:image:height\" content=\"1080\" \/>\n\t<meta property=\"og:image:type\" content=\"image\/jpeg\" \/>\n<meta name=\"author\" content=\"Lea Rigoleta\" \/>\n<meta name=\"twitter:card\" content=\"summary\" \/>\n<meta name=\"twitter:label1\" content=\"Written by\" \/>\n\t<meta name=\"twitter:data1\" content=\"Lea Rigoleta\" \/>\n\t<meta name=\"twitter:label2\" content=\"Est. reading time\" \/>\n\t<meta name=\"twitter:data2\" content=\"6 minutes\" \/>\n<script type=\"application\/ld+json\" class=\"yoast-schema-graph\">{\"@context\":\"https:\/\/schema.org\",\"@graph\":[{\"@type\":\"WebSite\",\"@id\":\"https:\/\/delormdesign.com\/blog\/#website\",\"url\":\"https:\/\/delormdesign.com\/blog\/\",\"name\":\"Blog Design Jardin &amp; Int\u00e9rieur | Tendance D\u00e9co\",\"description\":\"Jardin &amp; Int\u00e9rieur | Tendance D\u00e9co\",\"potentialAction\":[{\"@type\":\"SearchAction\",\"target\":{\"@type\":\"EntryPoint\",\"urlTemplate\":\"https:\/\/delormdesign.com\/blog\/?s={search_term_string}\"},\"query-input\":\"required name=search_term_string\"}],\"inLanguage\":\"fr-FR\"},{\"@type\":\"ImageObject\",\"inLanguage\":\"fr-FR\",\"@id\":\"https:\/\/delormdesign.com\/blog\/meuble-tv-choisir\/#primaryimage\",\"url\":\"https:\/\/delormdesign.com\/blog\/wp-content\/uploads\/2018\/06\/meuble-tv-comment-choisir-delorm.jpg\",\"contentUrl\":\"https:\/\/delormdesign.com\/blog\/wp-content\/uploads\/2018\/06\/meuble-tv-comment-choisir-delorm.jpg\",\"width\":1920,\"height\":1080,\"caption\":\"meuble tv teck massif comment choisir delorm\"},{\"@type\":\"WebPage\",\"@id\":\"https:\/\/delormdesign.com\/blog\/meuble-tv-choisir\/\",\"url\":\"https:\/\/delormdesign.com\/blog\/meuble-tv-choisir\/\",\"name\":\"Meuble TV : comment choisir ? &bull; Blog Design Jardin &amp; Int\u00e9rieur | Tendance D\u00e9co\",\"isPartOf\":{\"@id\":\"https:\/\/delormdesign.com\/blog\/#website\"},\"primaryImageOfPage\":{\"@id\":\"https:\/\/delormdesign.com\/blog\/meuble-tv-choisir\/#primaryimage\"},\"datePublished\":\"2018-06-21T10:55:14+00:00\",\"dateModified\":\"2022-03-18T09:30:33+00:00\",\"author\":{\"@id\":\"https:\/\/delormdesign.com\/blog\/#\/schema\/person\/a5699d6f4c2058a34009c87a8fb2d503\"},\"description\":\"Votre salon est souvent organis\u00e9 autour d\u2019un \u00e9l\u00e9ment : la t\u00e9l\u00e9vision. Le meuble TV devient alors un meuble incontournable pour embellir votre salon.\",\"breadcrumb\":{\"@id\":\"https:\/\/delormdesign.com\/blog\/meuble-tv-choisir\/#breadcrumb\"},\"inLanguage\":\"fr-FR\",\"potentialAction\":[{\"@type\":\"ReadAction\",\"target\":[\"https:\/\/delormdesign.com\/blog\/meuble-tv-choisir\/\"]}]},{\"@type\":\"BreadcrumbList\",\"@id\":\"https:\/\/delormdesign.com\/blog\/meuble-tv-choisir\/#breadcrumb\",\"itemListElement\":[{\"@type\":\"ListItem\",\"position\":1,\"name\":\"Accueil\",\"item\":\"https:\/\/delormdesign.com\/blog\/\"},{\"@type\":\"ListItem\",\"position\":2,\"name\":\"Meuble TV : comment choisir ?\"}]},{\"@type\":\"Person\",\"@id\":\"https:\/\/delormdesign.com\/blog\/#\/schema\/person\/a5699d6f4c2058a34009c87a8fb2d503\",\"name\":\"Lea Rigoleta\",\"image\":{\"@type\":\"ImageObject\",\"inLanguage\":\"fr-FR\",\"@id\":\"https:\/\/delormdesign.com\/blog\/#\/schema\/person\/image\/\",\"url\":\"https:\/\/secure.gravatar.com\/avatar\/a1e61b97b259452330da26a9d5e3e335?s=96&d=mm&r=g\",\"contentUrl\":\"https:\/\/secure.gravatar.com\/avatar\/a1e61b97b259452330da26a9d5e3e335?s=96&d=mm&r=g\",\"caption\":\"Lea Rigoleta\"},\"url\":\"https:\/\/delormdesign.com\/blog\/author\/l-rigoleta\/\"}]}<\/script>\n<!-- \/ Yoast SEO plugin. -->","yoast_head_json":{"title":"Meuble TV : comment choisir ? &bull; Blog Design Jardin &amp; Int\u00e9rieur | Tendance D\u00e9co","description":"Votre salon est souvent organis\u00e9 autour d\u2019un \u00e9l\u00e9ment : la t\u00e9l\u00e9vision. Le meuble TV devient alors un meuble incontournable pour embellir votre salon.","robots":{"index":"index","follow":"follow","max-snippet":"max-snippet:-1","max-image-preview":"max-image-preview:large","max-video-preview":"max-video-preview:-1"},"canonical":"https:\/\/delormdesign.com\/blog\/meuble-tv-choisir\/","og_locale":"fr_FR","og_type":"article","og_title":"Meuble TV : comment choisir ? &bull; Blog Design Jardin &amp; Int\u00e9rieur | Tendance D\u00e9co","og_description":"Votre salon est souvent organis\u00e9 autour d\u2019un \u00e9l\u00e9ment : la t\u00e9l\u00e9vision. Le meuble TV devient alors un meuble incontournable pour embellir votre salon.","og_url":"https:\/\/delormdesign.com\/blog\/meuble-tv-choisir\/","og_site_name":"Blog Design Jardin &amp; Int\u00e9rieur | Tendance D\u00e9co","article_publisher":"https:\/\/www.facebook.com\/delormdesign\/","article_published_time":"2018-06-21T10:55:14+00:00","article_modified_time":"2022-03-18T09:30:33+00:00","og_image":[{"width":1920,"height":1080,"url":"https:\/\/delormdesign.com\/blog\/wp-content\/uploads\/2018\/06\/meuble-tv-comment-choisir-delorm.jpg","type":"image\/jpeg"}],"author":"Lea Rigoleta","twitter_card":"summary","twitter_misc":{"Written by":"Lea Rigoleta","Est. reading time":"6 minutes"},"schema":{"@context":"https:\/\/schema.org","@graph":[{"@type":"WebSite","@id":"https:\/\/delormdesign.com\/blog\/#website","url":"https:\/\/delormdesign.com\/blog\/","name":"Blog Design Jardin &amp; Int\u00e9rieur | Tendance D\u00e9co","description":"Jardin &amp; Int\u00e9rieur | Tendance D\u00e9co","potentialAction":[{"@type":"SearchAction","target":{"@type":"EntryPoint","urlTemplate":"https:\/\/delormdesign.com\/blog\/?s={search_term_string}"},"query-input":"required name=search_term_string"}],"inLanguage":"fr-FR"},{"@type":"ImageObject","inLanguage":"fr-FR","@id":"https:\/\/delormdesign.com\/blog\/meuble-tv-choisir\/#primaryimage","url":"https:\/\/delormdesign.com\/blog\/wp-content\/uploads\/2018\/06\/meuble-tv-comment-choisir-delorm.jpg","contentUrl":"https:\/\/delormdesign.com\/blog\/wp-content\/uploads\/2018\/06\/meuble-tv-comment-choisir-delorm.jpg","width":1920,"height":1080,"caption":"meuble tv teck massif comment choisir delorm"},{"@type":"WebPage","@id":"https:\/\/delormdesign.com\/blog\/meuble-tv-choisir\/","url":"https:\/\/delormdesign.com\/blog\/meuble-tv-choisir\/","name":"Meuble TV : comment choisir ? &bull; Blog Design Jardin &amp; Int\u00e9rieur | Tendance D\u00e9co","isPartOf":{"@id":"https:\/\/delormdesign.com\/blog\/#website"},"primaryImageOfPage":{"@id":"https:\/\/delormdesign.com\/blog\/meuble-tv-choisir\/#primaryimage"},"datePublished":"2018-06-21T10:55:14+00:00","dateModified":"2022-03-18T09:30:33+00:00","author":{"@id":"https:\/\/delormdesign.com\/blog\/#\/schema\/person\/a5699d6f4c2058a34009c87a8fb2d503"},"description":"Votre salon est souvent organis\u00e9 autour d\u2019un \u00e9l\u00e9ment : la t\u00e9l\u00e9vision. Le meuble TV devient alors un meuble incontournable pour embellir votre salon.","breadcrumb":{"@id":"https:\/\/delormdesign.com\/blog\/meuble-tv-choisir\/#breadcrumb"},"inLanguage":"fr-FR","potentialAction":[{"@type":"ReadAction","target":["https:\/\/delormdesign.com\/blog\/meuble-tv-choisir\/"]}]},{"@type":"BreadcrumbList","@id":"https:\/\/delormdesign.com\/blog\/meuble-tv-choisir\/#breadcrumb","itemListElement":[{"@type":"ListItem","position":1,"name":"Accueil","item":"https:\/\/delormdesign.com\/blog\/"},{"@type":"ListItem","position":2,"name":"Meuble TV : comment choisir ?"}]},{"@type":"Person","@id":"https:\/\/delormdesign.com\/blog\/#\/schema\/person\/a5699d6f4c2058a34009c87a8fb2d503","name":"Lea Rigoleta","image":{"@type":"ImageObject","inLanguage":"fr-FR","@id":"https:\/\/delormdesign.com\/blog\/#\/schema\/person\/image\/","url":"https:\/\/secure.gravatar.com\/avatar\/a1e61b97b259452330da26a9d5e3e335?s=96&d=mm&r=g","contentUrl":"https:\/\/secure.gravatar.com\/avatar\/a1e61b97b259452330da26a9d5e3e335?s=96&d=mm&r=g","caption":"Lea Rigoleta"},"url":"https:\/\/delormdesign.com\/blog\/author\/l-rigoleta\/"}]}},"amp_enabled":true,"_links":{"self":[{"href":"https:\/\/delormdesign.com\/blog\/wp-json\/wp\/v2\/posts\/834"}],"collection":[{"href":"https:\/\/delormdesign.com\/blog\/wp-json\/wp\/v2\/posts"}],"about":[{"href":"https:\/\/delormdesign.com\/blog\/wp-json\/wp\/v2\/types\/post"}],"author":[{"embeddable":true,"href":"https:\/\/delormdesign.com\/blog\/wp-json\/wp\/v2\/users\/15"}],"replies":[{"embeddable":true,"href":"https:\/\/delormdesign.com\/blog\/wp-json\/wp\/v2\/comments?post=834"}],"version-history":[{"count":1,"href":"https:\/\/delormdesign.com\/blog\/wp-json\/wp\/v2\/posts\/834\/revisions"}],"predecessor-version":[{"id":3162,"href":"https:\/\/delormdesign.com\/blog\/wp-json\/wp\/v2\/posts\/834\/revisions\/3162"}],"wp:featuredmedia":[{"embeddable":true,"href":"https:\/\/delormdesign.com\/blog\/wp-json\/wp\/v2\/media\/2336"}],"wp:attachment":[{"href":"https:\/\/delormdesign.com\/blog\/wp-json\/wp\/v2\/media?parent=834"}],"wp:term":[{"taxonomy":"category","embeddable":true,"href":"https:\/\/delormdesign.com\/blog\/wp-json\/wp\/v2\/categories?post=834"},{"taxonomy":"post_tag","embeddable":true,"href":"https:\/\/delormdesign.com\/blog\/wp-json\/wp\/v2\/tags?post=834"}],"curies":[{"name":"wp","href":"https:\/\/api.w.org\/{rel}","templated":true}]}}